{"id":1012,"date":"2021-06-01T14:36:05","date_gmt":"2021-06-01T12:36:05","guid":{"rendered":"https:\/\/bobolagorlice.pl\/?p=1012"},"modified":"2022-12-28T20:30:27","modified_gmt":"2022-12-28T19:30:27","slug":"bogumila-wozniak","status":"publish","type":"post","link":"https:\/\/bobolagorlice.pl\/index.php\/2021\/06\/01\/bogumila-wozniak\/","title":{"rendered":"\u2020BOGUMI\u0141A WO\u0179NIAK"},"content":{"rendered":"\n<p>2021\/19 pogrzeb: 31.05.2021<\/p>\n\n\n\n<figure class=\"wp-block-table\"><table><tbody><tr><td class=\"has-text-align-center\" data-align=\"center\"><strong><em>data<\/em><\/strong><\/td><td class=\"has-text-align-center\" data-align=\"center\"><strong><em>godz.<\/em><\/strong><\/td><td><strong><em>ofiarodawcy \/ intencja<\/em><\/strong><\/td><\/tr><tr><td class=\"has-text-align-center\" data-align=\"center\"><\/td><td class=\"has-text-align-center\" data-align=\"center\"><\/td><td><\/td><\/tr><tr><td class=\"has-text-align-center\" data-align=\"center\"><strong>08.06.2021<\/strong><\/td><td class=\"has-text-align-center\" data-align=\"center\"><strong>6.30<\/strong><\/td><td>w <strong>30<\/strong> dzie\u0144 po \u015bmierci [<strong>od rodziny BASIST\u00d3W<\/strong>]<\/td><\/tr><tr><td class=\"has-text-align-center\" data-align=\"center\">21.12.2022<\/td><td class=\"has-text-align-center\" data-align=\"center\"><strong>6.30<\/strong><\/td><td>od rodziny z Ratowic<\/td><\/tr><tr><td class=\"has-text-align-center\" data-align=\"center\">22.12.2022<\/td><td class=\"has-text-align-center\" data-align=\"center\"><strong>6.30<\/strong><\/td><td>od Roberta WO\u0179NIAKA<\/td><\/tr><tr><td class=\"has-text-align-center\" data-align=\"center\">24.12.2022<\/td><td class=\"has-text-align-center\" data-align=\"center\"><strong>6.30<\/strong><\/td><td>od brata z rodzin\u0105<\/td><\/tr><tr><td class=\"has-text-align-center\" data-align=\"center\">27.12.2022<\/td><td class=\"has-text-align-center\" data-align=\"center\"><strong>6.30<\/strong><\/td><td>z intencji c\u00f3rek brata Wojciecha<\/td><\/tr><tr><td class=\"has-text-align-center\" data-align=\"center\">28.12.2022<\/td><td class=\"has-text-align-center\" data-align=\"center\"><strong>6.30<\/strong><\/td><td>od Grupy Biblijnej<\/td><\/tr><tr><td class=\"has-text-align-center\" data-align=\"center\">30.12.2022<\/td><td class=\"has-text-align-center\" data-align=\"center\"><strong>6.30<\/strong><\/td><td>od Katarzyny RUDOLPHI z synem Janem<\/td><\/tr><tr><td class=\"has-text-align-center\" data-align=\"center\">31.12.2022<\/td><td class=\"has-text-align-center\" data-align=\"center\"><strong>6.30<\/strong><\/td><td>z intencji zarz\u0105du i pracownik\u00f3w Sp\u00f3\u0142dzielni Mieszkaniowej \u201e<em>MA\u0141OPOLSKA<\/em>\u201d w Gorlicach<\/td><\/tr><tr><td class=\"has-text-align-center\" data-align=\"center\">02.01.2022<\/td><td class=\"has-text-align-center\" data-align=\"center\"><strong>6.30<\/strong><\/td><td>od chrze\u015bniaka Grzegorza z rodzin\u0105<\/td><\/tr><tr><td class=\"has-text-align-center\" data-align=\"center\">03.01.2022<\/td><td class=\"has-text-align-center\" data-align=\"center\"><strong>6.30<\/strong><\/td><td>od rodziny ROTHKEGEL<\/td><\/tr><tr><td class=\"has-text-align-center\" data-align=\"center\">05.01.2022<\/td><td class=\"has-text-align-center\" data-align=\"center\">18.00<\/td><td>z intencji przyjaci\u00f3\u0142ek<\/td><\/tr><tr><td class=\"has-text-align-center\" data-align=\"center\"><strong>poza parafi\u0105<\/strong><\/td><td class=\"has-text-align-center\" data-align=\"center\">ks. Andrzej (Rzesz\u00f3w)<strong>&nbsp;<\/strong><\/td><td>od Jana WO\u0179NIAKA<\/td><\/tr><tr><td class=\"has-text-align-center\" data-align=\"center\"><strong>poza parafi\u0105<\/strong><\/td><td class=\"has-text-align-center\" data-align=\"center\">ks. Andrzej (Rzesz\u00f3w<strong>&nbsp;<\/strong><\/td><td>od Marii KORDYL<\/td><\/tr><tr><td class=\"has-text-align-center\" data-align=\"center\"><strong>poza parafi\u0105<\/strong><\/td><td class=\"has-text-align-center\" data-align=\"center\">ks. Andrzej (Rzesz\u00f3w<strong>&nbsp;<\/strong><\/td><td>od animatorek i cz\u0142onk\u00f3w Klubu Seniora w Gorlicach ul. 3 Maja<\/td><\/tr><tr><td class=\"has-text-align-center\" data-align=\"center\"><strong>poza parafi\u0105<\/strong><\/td><td class=\"has-text-align-center\" data-align=\"center\">ks. Andrzej (Rzesz\u00f3w<strong>&nbsp;<\/strong><\/td><td>od chrze\u015bnicy Ma\u0142gorzaty z rodzin\u0105<\/td><\/tr><tr><td class=\"has-text-align-center\" data-align=\"center\"><strong>poza parafi\u0105<\/strong><\/td><td class=\"has-text-align-center\" data-align=\"center\"><strong>&nbsp;<\/strong>ks. Andrzej (Rzesz\u00f3w<\/td><td>od Reginy i Piotra KORZEC z rodzin\u0105<\/td><\/tr><tr><td class=\"has-text-align-center\" data-align=\"center\"><strong>poza parafi\u0105<\/strong><\/td><td class=\"has-text-align-center\" data-align=\"center\">ks. Andrzej (Rzesz\u00f3w<strong>&nbsp;<\/strong><\/td><td>od siostry Barbary z synem Andrzejem<\/td><\/tr><tr><td class=\"has-text-align-center\" data-align=\"center\"><strong>poza parafi\u0105<\/strong><\/td><td class=\"has-text-align-center\" data-align=\"center\">ks. Andrzej (Rzesz\u00f3w<strong>&nbsp;<\/strong><\/td><td>z intencji kole\u017canek &#8211; emerytek Sp\u00f3\u0142dzielni Mieszkaniowej \u201e<em>MA\u0141OPOLSKA<\/em>\u201d<\/td><\/tr><tr><td class=\"has-text-align-center\" data-align=\"center\"><strong>poza parafi\u0105<\/strong><\/td><td class=\"has-text-align-center\" data-align=\"center\"><strong>&nbsp;<\/strong>ks. Andrzej (Rzesz\u00f3w<\/td><td>z intencji c\u00f3rek brata Wojciecha<\/td><\/tr><tr><td class=\"has-text-align-center\" data-align=\"center\"><strong>poza parafi\u0105<\/strong><\/td><td class=\"has-text-align-center\" data-align=\"center\">ks. Andrzej (Rzesz\u00f3w<strong>&nbsp;<\/strong><\/td><td>od rodziny W\u00d3JCIK\u00d3W<\/td><\/tr><tr><td class=\"has-text-align-center\" data-align=\"center\"><strong>poza parafi\u0105<\/strong><\/td><td class=\"has-text-align-center\" data-align=\"center\"><strong>&nbsp;<\/strong>ks. Andrzej (Rzesz\u00f3w<\/td><td>od Kamila W\u00d3JCIKA z rodzin\u0105<\/td><\/tr><tr><td class=\"has-text-align-center\" data-align=\"center\"><strong>poza parafi\u0105<\/strong><\/td><td class=\"has-text-align-center\" data-align=\"center\">ks. Andrzej (Rzesz\u00f3w<strong>&nbsp;<\/strong><\/td><td>od uczestnik\u00f3w pogrzebu<\/td><\/tr><tr><td class=\"has-text-align-center\" data-align=\"center\"><strong>poza parafi\u0105<\/strong><\/td><td class=\"has-text-align-center\" data-align=\"center\"><strong>&nbsp;<\/strong>ks. Andrzej (Rzesz\u00f3w<\/td><td>od uczestnik\u00f3w pogrzebu<\/td><\/tr><tr><td class=\"has-text-align-center\" data-align=\"center\"><strong>poza parafi\u0105<\/strong><\/td><td class=\"has-text-align-center\" data-align=\"center\"><strong>&nbsp;<\/strong>ks. Andrzej (Rzesz\u00f3w<\/td><td>od uczestnik\u00f3w pogrzebu<\/td><\/tr><tr><td class=\"has-text-align-center\" data-align=\"center\"><strong>poza parafi\u0105<\/strong><\/td><td class=\"has-text-align-center\" data-align=\"center\">&nbsp;ks. Andrzej (Rzesz\u00f3w<\/td><td>od uczestnik\u00f3w pogrzebu<\/td><\/tr><tr><td class=\"has-text-align-center\" data-align=\"center\"><strong>poza parafi\u0105<\/strong><\/td><td class=\"has-text-align-center\" data-align=\"center\">ks. Andrzej (Rzesz\u00f3w&nbsp;<\/td><td>od uczestnik\u00f3w pogrzebu<\/td><\/tr><\/tbody><\/table><\/figure>\n","protected":false},"excerpt":{"rendered":"<p>2021\/19 pogrzeb: 31.05.2021 data godz. ofiarodawcy \/ intencja 08.06.2021 6.30 w 30 dzie\u0144 po \u015bmierci [od rodziny BASIST\u00d3W] 21.12.2022 6.30 od rodziny z Ratowic 22.12.2022 6.30 od Roberta WO\u0179NIAKA 24.12.2022 6.30 od brata z rodzin\u0105 27.12.2022 6.30 z intencji c\u00f3rek brata Wojciecha 28.12.2022 6.30 od Grupy Biblijnej 30.12.2022 6.30 od Katarzyny RUDOLPHI z synem Janem&#8230;<\/p>\n","protected":false},"author":3,"featured_media":188,"comment_status":"closed","ping_status":"","sticky":false,"template":"","format":"standard","meta":{"footnotes":""},"categories":[6],"tags":[],"class_list":["post-1012","post","type-post","status-publish","format-standard","has-post-thumbnail","hentry","category-intencje_pogrzebowe"],"_links":{"self":[{"href":"https:\/\/bobolagorlice.pl\/index.php\/wp-json\/wp\/v2\/posts\/1012","targetHints":{"allow":["GET"]}}],"collection":[{"href":"https:\/\/bobolagorlice.pl\/index.php\/wp-json\/wp\/v2\/posts"}],"about":[{"href":"https:\/\/bobolagorlice.pl\/index.php\/wp-json\/wp\/v2\/types\/post"}],"author":[{"embeddable":true,"href":"https:\/\/bobolagorlice.pl\/index.php\/wp-json\/wp\/v2\/users\/3"}],"replies":[{"embeddable":true,"href":"https:\/\/bobolagorlice.pl\/index.php\/wp-json\/wp\/v2\/comments?post=1012"}],"version-history":[{"count":6,"href":"https:\/\/bobolagorlice.pl\/index.php\/wp-json\/wp\/v2\/posts\/1012\/revisions"}],"predecessor-version":[{"id":3024,"href":"https:\/\/bobolagorlice.pl\/index.php\/wp-json\/wp\/v2\/posts\/1012\/revisions\/3024"}],"wp:featuredmedia":[{"embeddable":true,"href":"https:\/\/bobolagorlice.pl\/index.php\/wp-json\/wp\/v2\/media\/188"}],"wp:attachment":[{"href":"https:\/\/bobolagorlice.pl\/index.php\/wp-json\/wp\/v2\/media?parent=1012"}],"wp:term":[{"taxonomy":"category","embeddable":true,"href":"https:\/\/bobolagorlice.pl\/index.php\/wp-json\/wp\/v2\/categories?post=1012"},{"taxonomy":"post_tag","embeddable":true,"href":"https:\/\/bobolagorlice.pl\/index.php\/wp-json\/wp\/v2\/tags?post=1012"}],"curies":[{"name":"wp","href":"https:\/\/api.w.org\/{rel}","templated":true}]}}