{"id":1077,"date":"2021-06-11T11:49:17","date_gmt":"2021-06-11T09:49:17","guid":{"rendered":"https:\/\/bobolagorlice.pl\/?p=1077"},"modified":"2023-01-21T14:46:20","modified_gmt":"2023-01-21T13:46:20","slug":"genowefa-gorska","status":"publish","type":"post","link":"https:\/\/bobolagorlice.pl\/index.php\/2021\/06\/11\/genowefa-gorska\/","title":{"rendered":"\u2020GENOWEFA G\u00d3RSKA"},"content":{"rendered":"\n<p>2021\/21 pogrzeb: 10.06.2021<\/p>\n\n\n\n<figure class=\"wp-block-table\"><table><tbody><tr><td class=\"has-text-align-center\" data-align=\"center\"><strong><em>data<\/em><\/strong><\/td><td class=\"has-text-align-center\" data-align=\"center\"><strong><em>godz.<\/em><\/strong><\/td><td><strong><em>ofiarodawcy \/ intencja<\/em><\/strong><\/td><\/tr><tr><td class=\"has-text-align-center\" data-align=\"center\"><strong>14.06.2021<\/strong><\/td><td class=\"has-text-align-center\" data-align=\"center\"><strong>18.00<\/strong><\/td><td>w <strong>7<\/strong> dzie\u0144 po \u015bmierci<\/td><\/tr><tr><td class=\"has-text-align-center\" data-align=\"center\"><strong>07.07.2021<\/strong><\/td><td class=\"has-text-align-center\" data-align=\"center\"><strong>6.30<\/strong><\/td><td>w <strong>30<\/strong> dzie\u0144 po \u015bmierci<\/td><\/tr><tr><td class=\"has-text-align-center\" data-align=\"center\">05.01.2023<\/td><td class=\"has-text-align-center\" data-align=\"center\">6.30<\/td><td>od syna Krzysztofa z rodzin\u0105<\/td><\/tr><tr><td class=\"has-text-align-center\" data-align=\"center\">07.01.2023<\/td><td class=\"has-text-align-center\" data-align=\"center\">6.30<\/td><td>od syna Bogdana z rodzin\u0105<\/td><\/tr><tr><td class=\"has-text-align-center\" data-align=\"center\">04.01.2023<\/td><td class=\"has-text-align-center\" data-align=\"center\">6.30<\/td><td>od c\u00f3rki Teresy z rodzin\u0105<\/td><\/tr><tr><td class=\"has-text-align-center\" data-align=\"center\">11.01.2023<\/td><td class=\"has-text-align-center\" data-align=\"center\">6.30<\/td><td>od c\u00f3rki Anny z rodzin\u0105<\/td><\/tr><tr><td class=\"has-text-align-center\" data-align=\"center\">12.01.2023<\/td><td class=\"has-text-align-center\" data-align=\"center\">6.30<\/td><td>od syna Kaspra z rodzin\u0105<\/td><\/tr><tr><td class=\"has-text-align-center\" data-align=\"center\">13.01.2023<\/td><td class=\"has-text-align-center\" data-align=\"center\">6.30<\/td><td>od od syna Roberta z rodzin\u0105<\/td><\/tr><tr><td class=\"has-text-align-center\" data-align=\"center\">14.01.2023<\/td><td class=\"has-text-align-center\" data-align=\"center\">6.30<\/td><td>od wnuk\u00f3w Karola, Szymona i Julii<\/td><\/tr><tr><td class=\"has-text-align-center\" data-align=\"center\">16.01.2023<\/td><td class=\"has-text-align-center\" data-align=\"center\">6.30<\/td><td>od wnuk\u00f3w Daniela z Agnieszk\u0105 i Antosiem, Sylwii i Kamila<\/td><\/tr><tr><td class=\"has-text-align-center\" data-align=\"center\">17.01.2023<\/td><td class=\"has-text-align-center\" data-align=\"center\">6.30<\/td><td>od wnuczek z Kl\u0119czan z rodzinami<\/td><\/tr><tr><td class=\"has-text-align-center\" data-align=\"center\">19.01.2023<\/td><td class=\"has-text-align-center\" data-align=\"center\">6.30<\/td><td>od siostrzenicy Anny z m\u0119\u017cem z Kl\u0119czan<\/td><\/tr><tr><td class=\"has-text-align-center\" data-align=\"center\"><strong>poza parafi\u0105<\/strong><\/td><td class=\"has-text-align-center\" data-align=\"center\"><strong>&nbsp;<\/strong>ks. Andrzej (Rzesz\u00f3w)<\/td><td>od s\u0105siad\u00f3w Kaspra i Agnieszki z Dominikowic<\/td><\/tr><tr><td class=\"has-text-align-center\" data-align=\"center\"><strong>poza parafi\u0105<\/strong><\/td><td class=\"has-text-align-center\" data-align=\"center\"><strong>&nbsp;&nbsp;<\/strong>ks. Andrzej (Rzesz\u00f3w)<\/td><td>od Bogus\u0142awa, Jolanty i Jana P\u0118CZEK<\/td><\/tr><tr><td class=\"has-text-align-center\" data-align=\"center\"><strong>poza parafi\u0105<\/strong><\/td><td class=\"has-text-align-center\" data-align=\"center\"><strong>&nbsp;&nbsp;<\/strong>ks. Andrzej (Rzesz\u00f3w)<\/td><td>od chrze\u015bnicy Izabeli i Marii z rodzin\u0105<\/td><\/tr><tr><td class=\"has-text-align-center\" data-align=\"center\"><strong>poza parafi\u0105<\/strong><\/td><td class=\"has-text-align-center\" data-align=\"center\"><strong>&nbsp;&nbsp;<\/strong>ks. Andrzej (Rzesz\u00f3w)<\/td><td>z intencji s\u0105siad\u00f3w GRUSZCZY\u0143SKA i BELCZYK<\/td><\/tr><tr><td class=\"has-text-align-center\" data-align=\"center\"><strong>poza parafi\u0105<\/strong><\/td><td class=\"has-text-align-center\" data-align=\"center\"><strong>&nbsp;&nbsp;<\/strong>ks. Andrzej (Rzesz\u00f3w)<\/td><td>z intencji pracownik\u00f3w O\u015brodka Sportu i Rekreacji w Gorlicach<\/td><\/tr><tr><td class=\"has-text-align-center\" data-align=\"center\"><strong>poza parafi\u0105<\/strong><\/td><td class=\"has-text-align-center\" data-align=\"center\"><strong>&nbsp;<\/strong>ks. Andrzej (Rzesz\u00f3w)<strong>&nbsp;<\/strong><\/td><td>z intencji pracownik\u00f3w O\u015brodka Sportu i Rekreacji w Gorlicach<\/td><\/tr><tr><td class=\"has-text-align-center\" data-align=\"center\"><strong>poza parafi\u0105<\/strong><\/td><td class=\"has-text-align-center\" data-align=\"center\"><strong>&nbsp;&nbsp;<\/strong>ks. Andrzej (Rzesz\u00f3w)<\/td><td>od Dominiki i Macieja z rodzinami (w intencji babci)<\/td><\/tr><tr><td class=\"has-text-align-center\" data-align=\"center\"><strong>poza parafi\u0105<\/strong><\/td><td class=\"has-text-align-center\" data-align=\"center\"><strong>&nbsp;&nbsp;<\/strong>ks. Andrzej (Rzesz\u00f3w)<\/td><td>od brata Edwarda z rodzin\u0105<\/td><\/tr><tr><td class=\"has-text-align-center\" data-align=\"center\"><strong>poza parafi\u0105<\/strong><\/td><td class=\"has-text-align-center\" data-align=\"center\"><strong>&nbsp;<\/strong>ks. Andrzej (Rzesz\u00f3w)<strong>&nbsp;<\/strong><\/td><td>od rodziny z Tarnowa<\/td><\/tr><tr><td class=\"has-text-align-center\" data-align=\"center\"><strong>poza parafi\u0105<\/strong><\/td><td class=\"has-text-align-center\" data-align=\"center\"><strong>&nbsp;&nbsp;<\/strong>ks. Andrzej (Rzesz\u00f3w)<\/td><td>od przyjaci\u00f3\u0142 synowej Bo\u017ceny<\/td><\/tr><tr><td class=\"has-text-align-center\" data-align=\"center\"><strong>poza parafi\u0105<\/strong><\/td><td class=\"has-text-align-center\" data-align=\"center\"><strong>&nbsp;&nbsp;<\/strong>ks. Andrzej (Rzesz\u00f3w)<\/td><td>od siostrze\u0144ca Piotra KOSIBY z \u017con\u0105<\/td><\/tr><tr><td class=\"has-text-align-center\" data-align=\"center\"><strong>poza parafi\u0105<\/strong><\/td><td class=\"has-text-align-center\" data-align=\"center\"><strong>&nbsp;&nbsp;<\/strong>ks. Andrzej (Rzesz\u00f3w)<\/td><td>od siostrzenicy Haliny GUCWA z rodzin\u0105<\/td><\/tr><tr><td class=\"has-text-align-center\" data-align=\"center\"><strong>poza parafi\u0105<\/strong><\/td><td class=\"has-text-align-center\" data-align=\"center\"><strong>&nbsp;&nbsp;<\/strong>ks. Andrzej (Rzesz\u00f3w)<\/td><td>od swatowej<\/td><\/tr><tr><td class=\"has-text-align-center\" data-align=\"center\"><strong>poza parafi\u0105<\/strong><\/td><td class=\"has-text-align-center\" data-align=\"center\"><strong>&nbsp;&nbsp;<\/strong>ks. Andrzej (Rzesz\u00f3w)<\/td><td>od siostry Heleny z rodzin\u0105<\/td><\/tr><tr><td class=\"has-text-align-center\" data-align=\"center\"><strong>poza parafi\u0105<\/strong><\/td><td class=\"has-text-align-center\" data-align=\"center\"><strong>&nbsp;&nbsp;<\/strong>ks. Andrzej (Rzesz\u00f3w)<\/td><td>od siostrze\u0144ca Mariana KOSIBY z rodzin\u0105<\/td><\/tr><tr><td class=\"has-text-align-center\" data-align=\"center\"><strong>poza parafi\u0105<\/strong><\/td><td class=\"has-text-align-center\" data-align=\"center\"><strong>&nbsp;&nbsp;<\/strong>ks. Andrzej (Rzesz\u00f3w)<\/td><td>od Teresy ROGULSKIEJ z rodzin\u0105<\/td><\/tr><tr><td class=\"has-text-align-center\" data-align=\"center\"><strong>poza parafi\u0105<\/strong><\/td><td class=\"has-text-align-center\" data-align=\"center\">&nbsp;<strong>&nbsp;<\/strong>ks. Andrzej (Rzesz\u00f3w)<\/td><td>od s\u0105siadki Moniki<\/td><\/tr><tr><td class=\"has-text-align-center\" data-align=\"center\"><strong>poza parafi\u0105<\/strong><\/td><td class=\"has-text-align-center\" data-align=\"center\">&nbsp;<strong>&nbsp;<\/strong>ks. Andrzej (Rzesz\u00f3w)<\/td><td>od kole\u017canek i koleg\u00f3w synowej Bo\u017ceny z MGGP SA.<\/td><\/tr><tr><td class=\"has-text-align-center\" data-align=\"center\"> <strong>wakacje 2022<\/strong><\/td><td class=\"has-text-align-center\" data-align=\"center\">ks. Krzysztof Czaja&nbsp;<\/td><td>od kole\u017canek i koleg\u00f3w synowej Bo\u017ceny z MGGP SA.<\/td><\/tr><tr><td class=\"has-text-align-center\" data-align=\"center\"> <strong>wakacje 2022<\/strong><\/td><td class=\"has-text-align-center\" data-align=\"center\">&nbsp;ks. Krzysztof Czaja&nbsp;<\/td><td>od kole\u017canek i koleg\u00f3w synowej Bo\u017ceny z MGGP SA.<\/td><\/tr><tr><td class=\"has-text-align-center\" data-align=\"center\"> <strong>wakacje 2022<\/strong><\/td><td class=\"has-text-align-center\" data-align=\"center\">&nbsp;ks. Krzysztof Czaja&nbsp;<\/td><td>od kole\u017canek i koleg\u00f3w synowej Bo\u017ceny z MGGP SA.<\/td><\/tr><tr><td class=\"has-text-align-center\" data-align=\"center\"><strong>wakacje 2022<\/strong> <\/td><td class=\"has-text-align-center\" data-align=\"center\">&nbsp;ks. Krzysztof Czaja&nbsp;<\/td><td>od kole\u017canek i koleg\u00f3w synowej Bo\u017ceny z MGGP SA.<\/td><\/tr><tr><td class=\"has-text-align-center\" data-align=\"center\"><strong>wakacje 2022<\/strong> <\/td><td class=\"has-text-align-center\" data-align=\"center\">ks. Krzysztof Czaja&nbsp;&nbsp;<\/td><td>od pracownik\u00f3w apteki \u201e<em>ALBA<\/em>\u201d z Rynku<\/td><\/tr><tr><td class=\"has-text-align-center\" data-align=\"center\"> <strong>wakacje 2022<\/strong><\/td><td class=\"has-text-align-center\" data-align=\"center\">&nbsp;ks. Krzysztof Czaja&nbsp;<\/td><td>od Marii i Jana SIUTA z rodzin\u0105<\/td><\/tr><tr><td class=\"has-text-align-center\" data-align=\"center\"> <strong>wakacje 2022<\/strong><\/td><td class=\"has-text-align-center\" data-align=\"center\">&nbsp;ks. Krzysztof Czaja&nbsp;<\/td><td>od pracownik\u00f3w Specjalnego O\u015brodka Szkolno-Wychowawczego w Kobylance<\/td><\/tr><tr><td class=\"has-text-align-center\" data-align=\"center\"> <strong>wakacje 2022<\/strong><\/td><td class=\"has-text-align-center\" data-align=\"center\">&nbsp;ks. Krzysztof Czaja&nbsp;<\/td><td>od koleg\u00f3w z pracy syna Roberta<\/td><\/tr><tr><td class=\"has-text-align-center\" data-align=\"center\"> <strong>wakacje 2022<\/strong><\/td><td class=\"has-text-align-center\" data-align=\"center\">&nbsp;ks. Krzysztof Czaja&nbsp;<\/td><td>od koleg\u00f3w z pracy syna Roberta<\/td><\/tr><tr><td class=\"has-text-align-center\" data-align=\"center\"><strong> wakacje 2022<\/strong><\/td><td class=\"has-text-align-center\" data-align=\"center\">ks. Krzysztof Czaja&nbsp;&nbsp;<\/td><td>od koleg\u00f3w z pracy syna Roberta<\/td><\/tr><tr><td class=\"has-text-align-center\" data-align=\"center\"><strong>wakacje 2022<\/strong> <\/td><td class=\"has-text-align-center\" data-align=\"center\">&nbsp;ks. Krzysztof Czaja&nbsp;<\/td><td>od koleg\u00f3w z pracy syna Roberta<\/td><\/tr><tr><td class=\"has-text-align-center\" data-align=\"center\"> <strong>wakacje 2022<\/strong><\/td><td class=\"has-text-align-center\" data-align=\"center\">ks. Krzysztof Czaja&nbsp;&nbsp;<\/td><td>od Magdaleny i Marka PRZYBYCIE\u0143 z rodzin\u0105<\/td><\/tr><tr><td class=\"has-text-align-center\" data-align=\"center\"> <strong>wakacje 2022<\/strong><\/td><td class=\"has-text-align-center\" data-align=\"center\">ks. Krzysztof Czaja&nbsp;&nbsp;<\/td><td>od rodziny MUCH\u00d3W<\/td><\/tr><tr><td class=\"has-text-align-center\" data-align=\"center\"> <strong>wakacje 2022<\/strong><\/td><td class=\"has-text-align-center\" data-align=\"center\">&nbsp;ks. Krzysztof Czaja&nbsp;<\/td><td>od Marka MUCHY z rodzin\u0105<\/td><\/tr><tr><td class=\"has-text-align-center\" data-align=\"center\"> <strong>wakacje 2022<\/strong><\/td><td class=\"has-text-align-center\" data-align=\"center\">&nbsp;ks. Krzysztof Czaja&nbsp;<\/td><td>od rodziny SOPL\u00d3W<\/td><\/tr><tr><td class=\"has-text-align-center\" data-align=\"center\"> <strong>wakacje 2022<\/strong><\/td><td class=\"has-text-align-center\" data-align=\"center\">&nbsp;ks. Krzysztof Czaja&nbsp;<\/td><td>z intencji wsp\u00f3\u0142pracownik\u00f3w c\u00f3rki z \u201e<em>RUCHU<\/em>\u201d<\/td><\/tr><tr><td class=\"has-text-align-center\" data-align=\"center\"><strong> wakacje 2022<\/strong><\/td><td class=\"has-text-align-center\" data-align=\"center\">ks. Krzysztof Czaja&nbsp;&nbsp;<\/td><td>z intencji wsp\u00f3\u0142pracownik\u00f3w c\u00f3rki z \u201e<em>RUCHU<\/em>\u201d<\/td><\/tr><tr><td class=\"has-text-align-center\" data-align=\"center\"> <strong>wakacje 2022<\/strong><\/td><td class=\"has-text-align-center\" data-align=\"center\">&nbsp;ks. Krzysztof Czaja&nbsp;<\/td><td>od rodziny Zofii G\u00d3RSKIEJ z Szalowej<\/td><\/tr><tr><td class=\"has-text-align-center\" data-align=\"center\"> <strong>wakacje 2022<\/strong><\/td><td class=\"has-text-align-center\" data-align=\"center\">&nbsp;ks. Krzysztof Czaja&nbsp;<\/td><td>od rodziny KOTOWICZ\u00d3W<\/td><\/tr><tr><td class=\"has-text-align-center\" data-align=\"center\"> <strong>wakacje 2022<\/strong><\/td><td class=\"has-text-align-center\" data-align=\"center\">&nbsp;ks. Krzysztof Czaja&nbsp;<\/td><td>z intencji Krystyny<\/td><\/tr><tr><td class=\"has-text-align-center\" data-align=\"center\"><strong>wakacje 2022<\/strong> <\/td><td class=\"has-text-align-center\" data-align=\"center\">&nbsp;ks. Krzysztof Czaja&nbsp;<\/td><td>od Anny GR\u0104DALSKIEJ TAJAK i Marka GR\u0104DALSKIEGO z rodzinami<\/td><\/tr><tr><td class=\"has-text-align-center\" data-align=\"center\"><strong>wakacje 2022<\/strong> <\/td><td class=\"has-text-align-center\" data-align=\"center\">&nbsp;ks. Krzysztof Czaja&nbsp;<\/td><td>od Boles\u0142awa ZA\u0141\u0118SKIEGO z rodzin\u0105<\/td><\/tr><tr><td class=\"has-text-align-center\" data-align=\"center\"><strong>wakacje 2022<\/strong> <\/td><td class=\"has-text-align-center\" data-align=\"center\">&nbsp;ks. Krzysztof Czaja&nbsp;<\/td><td>z intencji s\u0105siad\u00f3w<\/td><\/tr><tr><td class=\"has-text-align-center\" data-align=\"center\"><strong> wakacje 2022<\/strong><\/td><td class=\"has-text-align-center\" data-align=\"center\">&nbsp;ks. Krzysztof Czaja&nbsp;<\/td><td>od uczestnik\u00f3w pogrzebu<\/td><\/tr><tr><td class=\"has-text-align-center\" data-align=\"center\"> <strong>wakacje 2022<\/strong><\/td><td class=\"has-text-align-center\" data-align=\"center\">ks. Krzysztof Czaja&nbsp;&nbsp;<\/td><td>od uczestnik\u00f3w pogrzebu<\/td><\/tr><tr><td class=\"has-text-align-center\" data-align=\"center\"><strong> wakacje 2022<\/strong><\/td><td class=\"has-text-align-center\" data-align=\"center\">ks. Krzysztof Czaja&nbsp;&nbsp;<\/td><td>od uczestnik\u00f3w pogrzebu<\/td><\/tr><tr><td class=\"has-text-align-center\" data-align=\"center\"> <strong>wakacje 2022<\/strong><\/td><td class=\"has-text-align-center\" data-align=\"center\">&nbsp;ks. Krzysztof Czaja&nbsp;<\/td><td>od uczestnik\u00f3w pogrzebu<\/td><\/tr><tr><td class=\"has-text-align-center\" data-align=\"center\">  <strong>wakacje 2022<\/strong><\/td><td class=\"has-text-align-center\" data-align=\"center\">ks. Krzysztof Czaja&nbsp;&nbsp;<\/td><td>od uczestnik\u00f3w pogrzebu<\/td><\/tr><\/tbody><\/table><\/figure>\n","protected":false},"excerpt":{"rendered":"<p>2021\/21 pogrzeb: 10.06.2021 data godz. ofiarodawcy \/ intencja 14.06.2021 18.00 w 7 dzie\u0144 po \u015bmierci 07.07.2021 6.30 w 30 dzie\u0144 po \u015bmierci 05.01.2023 6.30 od syna Krzysztofa z rodzin\u0105 07.01.2023 6.30 od syna Bogdana z rodzin\u0105 04.01.2023 6.30 od c\u00f3rki Teresy z rodzin\u0105 11.01.2023 6.30 od c\u00f3rki Anny z rodzin\u0105 12.01.2023 6.30 od syna Kaspra&#8230;<\/p>\n","protected":false},"author":3,"featured_media":188,"comment_status":"closed","ping_status":"","sticky":false,"template":"","format":"standard","meta":{"footnotes":""},"categories":[6],"tags":[],"class_list":["post-1077","post","type-post","status-publish","format-standard","has-post-thumbnail","hentry","category-intencje_pogrzebowe"],"_links":{"self":[{"href":"https:\/\/bobolagorlice.pl\/index.php\/wp-json\/wp\/v2\/posts\/1077","targetHints":{"allow":["GET"]}}],"collection":[{"href":"https:\/\/bobolagorlice.pl\/index.php\/wp-json\/wp\/v2\/posts"}],"about":[{"href":"https:\/\/bobolagorlice.pl\/index.php\/wp-json\/wp\/v2\/types\/post"}],"author":[{"embeddable":true,"href":"https:\/\/bobolagorlice.pl\/index.php\/wp-json\/wp\/v2\/users\/3"}],"replies":[{"embeddable":true,"href":"https:\/\/bobolagorlice.pl\/index.php\/wp-json\/wp\/v2\/comments?post=1077"}],"version-history":[{"count":7,"href":"https:\/\/bobolagorlice.pl\/index.php\/wp-json\/wp\/v2\/posts\/1077\/revisions"}],"predecessor-version":[{"id":3089,"href":"https:\/\/bobolagorlice.pl\/index.php\/wp-json\/wp\/v2\/posts\/1077\/revisions\/3089"}],"wp:featuredmedia":[{"embeddable":true,"href":"https:\/\/bobolagorlice.pl\/index.php\/wp-json\/wp\/v2\/media\/188"}],"wp:attachment":[{"href":"https:\/\/bobolagorlice.pl\/index.php\/wp-json\/wp\/v2\/media?parent=1077"}],"wp:term":[{"taxonomy":"category","embeddable":true,"href":"https:\/\/bobolagorlice.pl\/index.php\/wp-json\/wp\/v2\/categories?post=1077"},{"taxonomy":"post_tag","embeddable":true,"href":"https:\/\/bobolagorlice.pl\/index.php\/wp-json\/wp\/v2\/tags?post=1077"}],"curies":[{"name":"wp","href":"https:\/\/api.w.org\/{rel}","templated":true}]}}