{"id":1085,"date":"2021-06-12T11:49:43","date_gmt":"2021-06-12T09:49:43","guid":{"rendered":"https:\/\/bobolagorlice.pl\/?p=1085"},"modified":"2023-01-21T14:42:52","modified_gmt":"2023-01-21T13:42:52","slug":"maria-wojtasiewicz","status":"publish","type":"post","link":"https:\/\/bobolagorlice.pl\/index.php\/2021\/06\/12\/maria-wojtasiewicz\/","title":{"rendered":"\u2020MARIA WOJTASIEWICZ"},"content":{"rendered":"\n<p>2021\/22 pogrzeb: 12.06.2021<\/p>\n\n\n\n<figure class=\"wp-block-table\"><table><tbody><tr><td class=\"has-text-align-center\" data-align=\"center\"><strong><em>data<\/em><\/strong><\/td><td class=\"has-text-align-center\" data-align=\"center\"><strong><em>godz.<\/em><\/strong><\/td><td><strong><em>ofiarodawcy \/ intencja<\/em><\/strong><\/td><\/tr><tr><td class=\"has-text-align-center\" data-align=\"center\"><strong>16.06.2021<\/strong><\/td><td class=\"has-text-align-center\" data-align=\"center\"><strong>6.30<\/strong><\/td><td>w <strong>7<\/strong> dzie\u0144 po \u015bmierci<\/td><\/tr><tr><td class=\"has-text-align-center\" data-align=\"center\"><strong>09.07.2021<\/strong><\/td><td class=\"has-text-align-center\" data-align=\"center\"><strong>6.30<\/strong><\/td><td>w <strong>30<\/strong> dzie\u0144 po \u015bmierci<\/td><\/tr><tr><td class=\"has-text-align-center\" data-align=\"center\">09.01.2023<\/td><td class=\"has-text-align-center\" data-align=\"center\">6.30<\/td><td>od pracownik\u00f3w Miejskiego Przedszkola nr 5 w Gorlicach<\/td><\/tr><tr><td class=\"has-text-align-center\" data-align=\"center\">12.01.2023<\/td><td class=\"has-text-align-center\" data-align=\"center\">6.30<\/td><td>od s\u0105siadki BARTU\u015a Krystyny z rodzin\u0105<\/td><\/tr><tr><td class=\"has-text-align-center\" data-align=\"center\">13.01.2023<\/td><td class=\"has-text-align-center\" data-align=\"center\">6.30<\/td><td>od Ewy i Janusza KUC z rodzin\u0105<\/td><\/tr><tr><td class=\"has-text-align-center\" data-align=\"center\">14.01.2023<\/td><td class=\"has-text-align-center\" data-align=\"center\">6.30<\/td><td>z intencji dyrektora, pracownik\u00f3w i emeryt\u00f3w Miejskiego Przedszkola nr 1 w Gorlicach<\/td><\/tr><tr><td class=\"has-text-align-center\" data-align=\"center\">16.01.2023<\/td><td class=\"has-text-align-center\" data-align=\"center\">6.30<\/td><td>od kuzynki Haliny<\/td><\/tr><tr><td class=\"has-text-align-center\" data-align=\"center\">17.01.2023<\/td><td class=\"has-text-align-center\" data-align=\"center\">6.30<\/td><td>od Rafa\u0142a FIRSZT z rodzin\u0105<\/td><\/tr><tr><td class=\"has-text-align-center\" data-align=\"center\">19.01.2023<\/td><td class=\"has-text-align-center\" data-align=\"center\">6.30<\/td><td>od Ma\u0142gorzaty FIRSZT z rodzin\u0105<\/td><\/tr><tr><td class=\"has-text-align-center\" data-align=\"center\">20.01.2023<\/td><td class=\"has-text-align-center\" data-align=\"center\">6.30<\/td><td>od s\u0105siadki Ewy<\/td><\/tr><tr><td class=\"has-text-align-center\" data-align=\"center\">21.01.2023<\/td><td class=\"has-text-align-center\" data-align=\"center\">6.30<\/td><td>z intencji rodziny KONOPK\u00d3W<\/td><\/tr><tr><td class=\"has-text-align-center\" data-align=\"center\">18.01.2023<\/td><td class=\"has-text-align-center\" data-align=\"center\">6.30<\/td><td>z intencji Genowefy i Tomasza SZAROWICZ<\/td><\/tr><tr><td class=\"has-text-align-center\" data-align=\"center\"><strong>poza parafi\u0105<\/strong><\/td><td class=\"has-text-align-center\" data-align=\"center\">ks. Andrzej (Rzesz\u00f3w)<strong>&nbsp;<\/strong><\/td><td>z intencji pracownik\u00f3w MUZEUM DWORY KARWACJAN\u00d3W I G\u0141ADYSZ\u00d3W<\/td><\/tr><tr><td class=\"has-text-align-center\" data-align=\"center\"><strong>poza parafi\u0105<\/strong><\/td><td class=\"has-text-align-center\" data-align=\"center\"><strong>&nbsp;<\/strong>ks. Andrzej (Rzesz\u00f3w)<\/td><td>z intencji Haliny KAZANOWSKIEJ z rodzin\u0105<\/td><\/tr><tr><td class=\"has-text-align-center\" data-align=\"center\"><strong>poza parafi\u0105<\/strong><\/td><td class=\"has-text-align-center\" data-align=\"center\"><strong>&nbsp;<\/strong>ks. Andrzej (Rzesz\u00f3w)<\/td><td>z intencji rodziny WI\u0118CK\u00d3W<\/td><\/tr><tr><td class=\"has-text-align-center\" data-align=\"center\"><strong>poza parafi\u0105<\/strong><\/td><td class=\"has-text-align-center\" data-align=\"center\"><strong>&nbsp;<\/strong>ks. Andrzej (Rzesz\u00f3w)<\/td><td>od uczestnik\u00f3w pogrzebu<\/td><\/tr><tr><td class=\"has-text-align-center\" data-align=\"center\"><strong>poza parafi\u0105<\/strong><\/td><td class=\"has-text-align-center\" data-align=\"center\"><strong>&nbsp;<\/strong>ks. Andrzej (Rzesz\u00f3w)<\/td><td>od uczestnik\u00f3w pogrzebu<\/td><\/tr><tr><td class=\"has-text-align-center\" data-align=\"center\"><strong>poza parafi\u0105<\/strong><\/td><td class=\"has-text-align-center\" data-align=\"center\">ks. Andrzej (Rzesz\u00f3w)<strong>&nbsp;<\/strong><\/td><td>od uczestnik\u00f3w pogrzebu<\/td><\/tr><tr><td class=\"has-text-align-center\" data-align=\"center\"><strong>poza parafi\u0105<\/strong><\/td><td class=\"has-text-align-center\" data-align=\"center\">ks. Andrzej (Rzesz\u00f3w)<strong>&nbsp;<\/strong><\/td><td>od uczestnik\u00f3w pogrzebu<\/td><\/tr><tr><td class=\"has-text-align-center\" data-align=\"center\"><strong>poza parafi\u0105<\/strong><\/td><td class=\"has-text-align-center\" data-align=\"center\"><strong>&nbsp;<\/strong>ks. Andrzej (Rzesz\u00f3w)<\/td><td>od uczestnik\u00f3w pogrzebu<\/td><\/tr><\/tbody><\/table><\/figure>\n","protected":false},"excerpt":{"rendered":"<p>2021\/22 pogrzeb: 12.06.2021 data godz. ofiarodawcy \/ intencja 16.06.2021 6.30 w 7 dzie\u0144 po \u015bmierci 09.07.2021 6.30 w 30 dzie\u0144 po \u015bmierci 09.01.2023 6.30 od pracownik\u00f3w Miejskiego Przedszkola nr 5 w Gorlicach 12.01.2023 6.30 od s\u0105siadki BARTU\u015a Krystyny z rodzin\u0105 13.01.2023 6.30 od Ewy i Janusza KUC z rodzin\u0105 14.01.2023 6.30 z intencji dyrektora, pracownik\u00f3w&#8230;<\/p>\n","protected":false},"author":3,"featured_media":188,"comment_status":"closed","ping_status":"","sticky":false,"template":"","format":"standard","meta":{"footnotes":""},"categories":[6],"tags":[],"class_list":["post-1085","post","type-post","status-publish","format-standard","has-post-thumbnail","hentry","category-intencje_pogrzebowe"],"_links":{"self":[{"href":"https:\/\/bobolagorlice.pl\/index.php\/wp-json\/wp\/v2\/posts\/1085","targetHints":{"allow":["GET"]}}],"collection":[{"href":"https:\/\/bobolagorlice.pl\/index.php\/wp-json\/wp\/v2\/posts"}],"about":[{"href":"https:\/\/bobolagorlice.pl\/index.php\/wp-json\/wp\/v2\/types\/post"}],"author":[{"embeddable":true,"href":"https:\/\/bobolagorlice.pl\/index.php\/wp-json\/wp\/v2\/users\/3"}],"replies":[{"embeddable":true,"href":"https:\/\/bobolagorlice.pl\/index.php\/wp-json\/wp\/v2\/comments?post=1085"}],"version-history":[{"count":5,"href":"https:\/\/bobolagorlice.pl\/index.php\/wp-json\/wp\/v2\/posts\/1085\/revisions"}],"predecessor-version":[{"id":3087,"href":"https:\/\/bobolagorlice.pl\/index.php\/wp-json\/wp\/v2\/posts\/1085\/revisions\/3087"}],"wp:featuredmedia":[{"embeddable":true,"href":"https:\/\/bobolagorlice.pl\/index.php\/wp-json\/wp\/v2\/media\/188"}],"wp:attachment":[{"href":"https:\/\/bobolagorlice.pl\/index.php\/wp-json\/wp\/v2\/media?parent=1085"}],"wp:term":[{"taxonomy":"category","embeddable":true,"href":"https:\/\/bobolagorlice.pl\/index.php\/wp-json\/wp\/v2\/categories?post=1085"},{"taxonomy":"post_tag","embeddable":true,"href":"https:\/\/bobolagorlice.pl\/index.php\/wp-json\/wp\/v2\/tags?post=1085"}],"curies":[{"name":"wp","href":"https:\/\/api.w.org\/{rel}","templated":true}]}}