{"id":1144,"date":"2021-06-29T11:26:03","date_gmt":"2021-06-29T09:26:03","guid":{"rendered":"https:\/\/bobolagorlice.pl\/?p=1144"},"modified":"2023-01-21T14:38:18","modified_gmt":"2023-01-21T13:38:18","slug":"jerzy-karp","status":"publish","type":"post","link":"https:\/\/bobolagorlice.pl\/index.php\/2021\/06\/29\/jerzy-karp\/","title":{"rendered":"\u2020JERZY KARP"},"content":{"rendered":"\n<p>2021\/23 pogrzeb: 16.06.2021<\/p>\n\n\n\n<figure class=\"wp-block-table\"><table><tbody><tr><td class=\"has-text-align-center\" data-align=\"center\"><strong><em>data<\/em><\/strong><\/td><td class=\"has-text-align-center\" data-align=\"center\"><strong><em>godz.<\/em><\/strong><\/td><td><strong><em>ofiarodawcy \/ intencja<\/em><\/strong><\/td><\/tr><tr><td class=\"has-text-align-center\" data-align=\"center\"><strong>18.06.2021<\/strong><\/td><td class=\"has-text-align-center\" data-align=\"center\"><strong>18.00<\/strong><\/td><td>w <strong>7<\/strong> dzie\u0144 po \u015bmierci &#8211; od \u017cony<\/td><\/tr><tr><td class=\"has-text-align-center\" data-align=\"center\"><strong>11.07.2021<\/strong><\/td><td class=\"has-text-align-center\" data-align=\"center\"><strong>6.30<\/strong><\/td><td>w <strong>30<\/strong> dzie\u0144 po \u015bmierci &#8211; od \u017cony<\/td><\/tr><tr><td class=\"has-text-align-center\" data-align=\"center\">22.01.2023<\/td><td class=\"has-text-align-center\" data-align=\"center\">11.00<\/td><td>od c\u00f3rki Joanny z m\u0119\u017cem i dzie\u0107mi<\/td><\/tr><tr><td class=\"has-text-align-center\" data-align=\"center\">21.01.2023<\/td><td class=\"has-text-align-center\" data-align=\"center\">6.30<\/td><td>od c\u00f3rki Ewy z m\u0119\u017cem i dzie\u0107mi<\/td><\/tr><tr><td class=\"has-text-align-center\" data-align=\"center\">20.01.2023<\/td><td class=\"has-text-align-center\" data-align=\"center\">6.30<\/td><td>od Parafialnego Zespo\u0142u Caritas<\/td><\/tr><tr><td class=\"has-text-align-center\" data-align=\"center\">19.01.2023<\/td><td class=\"has-text-align-center\" data-align=\"center\">6.30<\/td><td>od od wsp\u00f3\u0142pracownik\u00f3w &#8211; emeryt\u00f3w ze SP w Bystrej<\/td><\/tr><tr><td class=\"has-text-align-center\" data-align=\"center\">17.01.2023<\/td><td class=\"has-text-align-center\" data-align=\"center\">6.30<\/td><td>od Anny i Wojciecha POLA\u0143SKICH<\/td><\/tr><tr><td class=\"has-text-align-center\" data-align=\"center\">16.01.2023<\/td><td class=\"has-text-align-center\" data-align=\"center\">6.30<\/td><td>od Haliny i Jana WOLSKICH<\/td><\/tr><tr><td class=\"has-text-align-center\" data-align=\"center\">13.01.2023<\/td><td class=\"has-text-align-center\" data-align=\"center\">6.30<\/td><td>od Anity i Daniela WOLSKICH<\/td><\/tr><tr><td class=\"has-text-align-center\" data-align=\"center\">12.01.2023<\/td><td class=\"has-text-align-center\" data-align=\"center\">6.30<\/td><td>od nauczycieli&nbsp; oraz pracownik\u00f3w obs\u0142ugi ze SP w Bystrej<\/td><\/tr><tr><td class=\"has-text-align-center\" data-align=\"center\">11.01.2023<\/td><td class=\"has-text-align-center\" data-align=\"center\">6.30<\/td><td>od s\u0105siad\u00f3w z ul. Laskowskiego<\/td><\/tr><tr><td class=\"has-text-align-center\" data-align=\"center\">10.01.2023<\/td><td class=\"has-text-align-center\" data-align=\"center\">6.30<\/td><td>od rodziny MATUSZY\u0143SKICH<\/td><\/tr><tr><td class=\"has-text-align-center\" data-align=\"center\"><strong>poza parafi\u0105<\/strong><\/td><td class=\"has-text-align-center\" data-align=\"center\">ks. Andrzej (Rzesz\u00f3w)<strong>&nbsp;<\/strong><\/td><td>od rodziny WIS\u0141OCKICH<\/td><\/tr><tr><td class=\"has-text-align-center\" data-align=\"center\"><strong>poza parafi\u0105<\/strong><\/td><td class=\"has-text-align-center\" data-align=\"center\"><strong>&nbsp;<\/strong>ks. Andrzej (Rzesz\u00f3w)<strong>&nbsp;<\/strong><\/td><td>od rodziny RYZI\u0143SKICH&nbsp; i BELNIAK\u00d3W<\/td><\/tr><tr><td class=\"has-text-align-center\" data-align=\"center\"><strong>poza parafi\u0105<\/strong><\/td><td class=\"has-text-align-center\" data-align=\"center\"><strong>&nbsp;<\/strong>ks. Andrzej (Rzesz\u00f3w)<strong>&nbsp;<\/strong><\/td><td>od nauczycieli&nbsp; oraz pracownik\u00f3w obs\u0142ugi ze SP w Bystrej<\/td><\/tr><tr><td class=\"has-text-align-center\" data-align=\"center\"><strong>poza parafi\u0105<\/strong><\/td><td class=\"has-text-align-center\" data-align=\"center\"><strong>&nbsp;<\/strong>ks. Andrzej (Rzesz\u00f3w)<strong>&nbsp;<\/strong><\/td><td>od nauczycieli&nbsp; oraz pracownik\u00f3w obs\u0142ugi ze SP w Bystrej<\/td><\/tr><tr><td class=\"has-text-align-center\" data-align=\"center\"><strong>poza parafi\u0105<\/strong><\/td><td class=\"has-text-align-center\" data-align=\"center\"><strong>&nbsp;<\/strong>ks. Andrzej (Rzesz\u00f3w)<strong>&nbsp;<\/strong><\/td><td>od Zarz\u0105du Mi\u0119dzyzak\u0142adowego Kasy Zapomogowo &#8211; Po\u017cyczkowej Pracownik\u00f3w O\u015bwiaty Gminy Gorlice<\/td><\/tr><tr><td class=\"has-text-align-center\" data-align=\"center\"><strong>poza parafi\u0105<\/strong><\/td><td class=\"has-text-align-center\" data-align=\"center\"><strong>&nbsp;<\/strong>ks. Andrzej (Rzesz\u00f3w)<strong>&nbsp;<\/strong><\/td><td>od Doroty LISZKA z rodzin\u0105<\/td><\/tr><tr><td class=\"has-text-align-center\" data-align=\"center\"><strong>poza parafi\u0105<\/strong><\/td><td class=\"has-text-align-center\" data-align=\"center\"><strong>&nbsp;<\/strong>ks. Andrzej (Rzesz\u00f3w)<strong>&nbsp;<\/strong><\/td><td>od rodziny DUTK\u00d3W z Krakowa<\/td><\/tr><tr><td class=\"has-text-align-center\" data-align=\"center\"><strong>poza parafi\u0105<\/strong><\/td><td class=\"has-text-align-center\" data-align=\"center\">ks. Andrzej (Rzesz\u00f3w)<strong>&nbsp;&nbsp;<\/strong><\/td><td>od rodziny KASZUB\u00d3W&nbsp; z Bukowna<\/td><\/tr><tr><td class=\"has-text-align-center\" data-align=\"center\"><strong>poza parafi\u0105<\/strong><\/td><td class=\"has-text-align-center\" data-align=\"center\"><strong>&nbsp;<\/strong>ks. Andrzej (Rzesz\u00f3w)<strong>&nbsp;<\/strong><\/td><td>od rodziny JARKIEWICZ\u00d3W z Gorlic<\/td><\/tr><tr><td class=\"has-text-align-center\" data-align=\"center\"><strong>poza parafi\u0105<\/strong><\/td><td class=\"has-text-align-center\" data-align=\"center\">ks. Andrzej (Rzesz\u00f3w)<strong>&nbsp;&nbsp;<\/strong><\/td><td>od O\u015bwiatowej \u201eSolidarno\u015bci\u201d&nbsp; z Gorlic<\/td><\/tr><tr><td class=\"has-text-align-center\" data-align=\"center\"><strong>poza parafi\u0105<\/strong><\/td><td class=\"has-text-align-center\" data-align=\"center\"><strong>&nbsp;<\/strong>ks. Andrzej (Rzesz\u00f3w)<strong>&nbsp;<\/strong><\/td><td>od Przemys\u0142awa POLA\u0143SKIEGO z rodzin\u0105<\/td><\/tr><tr><td class=\"has-text-align-center\" data-align=\"center\"><strong>poza parafi\u0105<\/strong><\/td><td class=\"has-text-align-center\" data-align=\"center\"><strong>&nbsp;<\/strong>ks. Andrzej (Rzesz\u00f3w)<strong>&nbsp;<\/strong><\/td><td>od s\u0105siad\u00f3w z ul. Laskowskiego<\/td><\/tr><tr><td class=\"has-text-align-center\" data-align=\"center\"><strong>poza parafi\u0105<\/strong><\/td><td class=\"has-text-align-center\" data-align=\"center\">ks. Andrzej (Rzesz\u00f3w)<strong>&nbsp;&nbsp;<\/strong><\/td><td>od Tomasza i Magdaleny BEDNARZ<\/td><\/tr><tr><td class=\"has-text-align-center\" data-align=\"center\"><strong>wakacje 2022<\/strong><\/td><td class=\"has-text-align-center\" data-align=\"center\">ks. Krzysztof Czaja<strong>&nbsp;<\/strong><\/td><td>od Tadeusza i Rafa\u0142a WOLSKICH z rodzinami<\/td><\/tr><tr><td class=\"has-text-align-center\" data-align=\"center\"> <strong>wakacje 2022<\/strong><\/td><td class=\"has-text-align-center\" data-align=\"center\"><strong>&nbsp;<\/strong>ks. Krzysztof Czaja<strong>&nbsp;<\/strong><\/td><td>od Ma\u0142gorzaty LE\u015aNIAK z dzie\u0107mi i El\u017cbiety GORCZYCA z rodzin\u0105<\/td><\/tr><tr><td class=\"has-text-align-center\" data-align=\"center\"> <strong>wakacje 2022<\/strong><\/td><td class=\"has-text-align-center\" data-align=\"center\"><strong>&nbsp;<\/strong>ks. Krzysztof Czaja<strong>&nbsp;<\/strong><\/td><td>od Katarzyny i Krzysztofa SORYS z rodzin\u0105<\/td><\/tr><tr><td class=\"has-text-align-center\" data-align=\"center\"><strong>wakacje 2022 <\/strong><\/td><td class=\"has-text-align-center\" data-align=\"center\"><strong>&nbsp;<\/strong>ks. Krzysztof Czaja<strong>&nbsp;<\/strong><\/td><td>od rodziny MATUSZY\u0143SKICH<\/td><\/tr><tr><td class=\"has-text-align-center\" data-align=\"center\"> <strong>wakacje 2022<\/strong><\/td><td class=\"has-text-align-center\" data-align=\"center\"><strong>&nbsp;<\/strong>ks. Krzysztof Czaja<strong>&nbsp;<\/strong><\/td><td>od rodziny G\u00d3RSKICH<\/td><\/tr><tr><td class=\"has-text-align-center\" data-align=\"center\"><strong> wakacje 2022<\/strong><\/td><td class=\"has-text-align-center\" data-align=\"center\">ks. Krzysztof Czaja<strong>&nbsp;&nbsp;<\/strong><\/td><td>od rodziny KWA\u015aNIAK\u00d3W<\/td><\/tr><tr><td class=\"has-text-align-center\" data-align=\"center\"> <strong>wakacje 2022<\/strong><\/td><td class=\"has-text-align-center\" data-align=\"center\"><strong>&nbsp;<\/strong>ks. Krzysztof Czaja<strong>&nbsp;<\/strong><\/td><td>od rodziny JANIK\u00d3W z Limanowej<\/td><\/tr><tr><td class=\"has-text-align-center\" data-align=\"center\"> <strong>wakacje 2022<\/strong><\/td><td class=\"has-text-align-center\" data-align=\"center\"><strong>&nbsp;<\/strong>ks. Krzysztof Czaja<strong>&nbsp;<\/strong><\/td><td>od \u0141ukasza WOLSKIEGO&nbsp; z rodzin\u0105<\/td><\/tr><tr><td class=\"has-text-align-center\" data-align=\"center\"> <strong>wakacje 2022<\/strong><\/td><td class=\"has-text-align-center\" data-align=\"center\"><strong>&nbsp;<\/strong>ks. Krzysztof Czaja<strong>&nbsp;<\/strong><\/td><td>od Waldemara WOLSKIEGO z rodzin\u0105<\/td><\/tr><tr><td class=\"has-text-align-center\" data-align=\"center\"><strong> wakacje 2022<\/strong><\/td><td class=\"has-text-align-center\" data-align=\"center\"><strong>&nbsp;<\/strong>ks. Krzysztof Czaja<strong>&nbsp;<\/strong><\/td><td>od Grzegorza WOLSKIEGO z rodzin\u0105<\/td><\/tr><tr><td class=\"has-text-align-center\" data-align=\"center\"><strong> wakacje 2022<\/strong><\/td><td class=\"has-text-align-center\" data-align=\"center\"><strong>&nbsp;<\/strong>ks. Krzysztof Czaja<strong>&nbsp;<\/strong><\/td><td>od Paw\u0142a&nbsp; i Beaty BEDNARZ z rodzin\u0105<\/td><\/tr><tr><td class=\"has-text-align-center\" data-align=\"center\"> <strong>wakacje 2022<\/strong><\/td><td class=\"has-text-align-center\" data-align=\"center\"><strong>&nbsp;<\/strong>ks. Krzysztof Czaja<strong>&nbsp;<\/strong><\/td><td>od uczestnik\u00f3w pogrzebu<\/td><\/tr><tr><td class=\"has-text-align-center\" data-align=\"center\"> <strong>wakacje 2022<\/strong><\/td><td class=\"has-text-align-center\" data-align=\"center\">ks. Proboszcz<strong>&nbsp;<\/strong><\/td><td>od uczestnik\u00f3w pogrzebu<\/td><\/tr><tr><td class=\"has-text-align-center\" data-align=\"center\"><strong>wakacje 2022<\/strong> <\/td><td class=\"has-text-align-center\" data-align=\"center\"><strong>&nbsp;<\/strong>ks. Proboszcz<strong>&nbsp;<\/strong><\/td><td>od uczestnik\u00f3w pogrzebu<\/td><\/tr><tr><td class=\"has-text-align-center\" data-align=\"center\"><strong>wakacje 2022<\/strong> <\/td><td class=\"has-text-align-center\" data-align=\"center\"><strong>&nbsp;<\/strong>ks. Proboszcz<strong>&nbsp;<\/strong><\/td><td>od uczestnik\u00f3w pogrzebu<\/td><\/tr><tr><td class=\"has-text-align-center\" data-align=\"center\"><strong>wakacje 2022 <\/strong><\/td><td class=\"has-text-align-center\" data-align=\"center\">ks. Proboszcz<strong>&nbsp;&nbsp;<\/strong><\/td><td>od uczestnik\u00f3w pogrzebu<\/td><\/tr><tr><td class=\"has-text-align-center\" data-align=\"center\"><strong>wakacje 2022<\/strong> <\/td><td class=\"has-text-align-center\" data-align=\"center\">ks. Proboszcz<strong>&nbsp;&nbsp;<\/strong><\/td><td>od uczestnik\u00f3w pogrzebu<\/td><\/tr><\/tbody><\/table><\/figure>\n","protected":false},"excerpt":{"rendered":"<p>2021\/23 pogrzeb: 16.06.2021 data godz. ofiarodawcy \/ intencja 18.06.2021 18.00 w 7 dzie\u0144 po \u015bmierci &#8211; od \u017cony 11.07.2021 6.30 w 30 dzie\u0144 po \u015bmierci &#8211; od \u017cony 22.01.2023 11.00 od c\u00f3rki Joanny z m\u0119\u017cem i dzie\u0107mi 21.01.2023 6.30 od c\u00f3rki Ewy z m\u0119\u017cem i dzie\u0107mi 20.01.2023 6.30 od Parafialnego Zespo\u0142u Caritas 19.01.2023 6.30 od&#8230;<\/p>\n","protected":false},"author":3,"featured_media":188,"comment_status":"closed","ping_status":"","sticky":false,"template":"","format":"standard","meta":{"footnotes":""},"categories":[6],"tags":[],"class_list":["post-1144","post","type-post","status-publish","format-standard","has-post-thumbnail","hentry","category-intencje_pogrzebowe"],"_links":{"self":[{"href":"https:\/\/bobolagorlice.pl\/index.php\/wp-json\/wp\/v2\/posts\/1144","targetHints":{"allow":["GET"]}}],"collection":[{"href":"https:\/\/bobolagorlice.pl\/index.php\/wp-json\/wp\/v2\/posts"}],"about":[{"href":"https:\/\/bobolagorlice.pl\/index.php\/wp-json\/wp\/v2\/types\/post"}],"author":[{"embeddable":true,"href":"https:\/\/bobolagorlice.pl\/index.php\/wp-json\/wp\/v2\/users\/3"}],"replies":[{"embeddable":true,"href":"https:\/\/bobolagorlice.pl\/index.php\/wp-json\/wp\/v2\/comments?post=1144"}],"version-history":[{"count":6,"href":"https:\/\/bobolagorlice.pl\/index.php\/wp-json\/wp\/v2\/posts\/1144\/revisions"}],"predecessor-version":[{"id":3085,"href":"https:\/\/bobolagorlice.pl\/index.php\/wp-json\/wp\/v2\/posts\/1144\/revisions\/3085"}],"wp:featuredmedia":[{"embeddable":true,"href":"https:\/\/bobolagorlice.pl\/index.php\/wp-json\/wp\/v2\/media\/188"}],"wp:attachment":[{"href":"https:\/\/bobolagorlice.pl\/index.php\/wp-json\/wp\/v2\/media?parent=1144"}],"wp:term":[{"taxonomy":"category","embeddable":true,"href":"https:\/\/bobolagorlice.pl\/index.php\/wp-json\/wp\/v2\/categories?post=1144"},{"taxonomy":"post_tag","embeddable":true,"href":"https:\/\/bobolagorlice.pl\/index.php\/wp-json\/wp\/v2\/tags?post=1144"}],"curies":[{"name":"wp","href":"https:\/\/api.w.org\/{rel}","templated":true}]}}