{"id":1199,"date":"2021-07-15T13:27:19","date_gmt":"2021-07-15T11:27:19","guid":{"rendered":"https:\/\/bobolagorlice.pl\/?p=1199"},"modified":"2023-02-13T13:47:08","modified_gmt":"2023-02-13T12:47:08","slug":"irena-jawien","status":"publish","type":"post","link":"https:\/\/bobolagorlice.pl\/index.php\/2021\/07\/15\/irena-jawien\/","title":{"rendered":"\u2020IRENA JAWIE\u0143"},"content":{"rendered":"\n<p>2021\/26 pogrzeb: 10.07.2021<\/p>\n\n\n\n<figure class=\"wp-block-table\"><table><tbody><tr><td class=\"has-text-align-center\" data-align=\"center\"><strong><em>data<\/em><\/strong><\/td><td class=\"has-text-align-center\" data-align=\"center\"><strong><em>godz.<\/em><\/strong><\/td><td><strong><em>ofiarodawcy \/ intencja<\/em><\/strong><\/td><\/tr><tr><td class=\"has-text-align-center\" data-align=\"center\"><strong>15.07.2021<\/strong><\/td><td class=\"has-text-align-center\" data-align=\"center\"><strong>6.30<\/strong><\/td><td>w <strong>7<\/strong> dzie\u0144 po \u015bmierci &#8211; <strong>od<\/strong> <strong>m\u0119\u017ca i c\u00f3rek z rodzinami<\/strong><\/td><\/tr><tr><td class=\"has-text-align-center\" data-align=\"center\"><strong>7.08.2021<\/strong><\/td><td class=\"has-text-align-center\" data-align=\"center\"><strong>6.30<\/strong><\/td><td>w <strong>30<\/strong> dzie\u0144 po \u015bmierci &#8211; <strong>od m\u0119\u017ca i c\u00f3rek z rodzinami<\/strong><\/td><\/tr><tr><td class=\"has-text-align-center\" data-align=\"center\">31.01.2023<\/td><td class=\"has-text-align-center\" data-align=\"center\">6.30<\/td><td>od c\u00f3rki Krystyny z rodzin\u0105<\/td><\/tr><tr><td class=\"has-text-align-center\" data-align=\"center\">02.02.2023<\/td><td class=\"has-text-align-center\" data-align=\"center\">6.30<\/td><td>od c\u00f3rki Kingi z rodzin\u0105<\/td><\/tr><tr><td class=\"has-text-align-center\" data-align=\"center\">03.02.2023<\/td><td class=\"has-text-align-center\" data-align=\"center\">16.00<\/td><td>od c\u00f3rki Aleksandry<\/td><\/tr><tr><td class=\"has-text-align-center\" data-align=\"center\">27.01.2023<\/td><td class=\"has-text-align-center\" data-align=\"center\">18.00<\/td><td>od kole\u017canek i koleg\u00f3w z pracy c\u00f3rki Krystyny z Oddzia\u0142u Psychiatrii<\/td><\/tr><tr><td class=\"has-text-align-center\" data-align=\"center\">06.02.2023<\/td><td class=\"has-text-align-center\" data-align=\"center\">6.30<\/td><td>od Stanis\u0142awy i Wojciecha STEMPKOWICZ<\/td><\/tr><tr><td class=\"has-text-align-center\" data-align=\"center\">07.02.2023<\/td><td class=\"has-text-align-center\" data-align=\"center\">6.30<\/td><td>od Pracownik\u00f3w Inspekcji Sanitarnej w Gorlicach<\/td><\/tr><tr><td class=\"has-text-align-center\" data-align=\"center\">08.02.2023<\/td><td class=\"has-text-align-center\" data-align=\"center\">6.30<\/td><td>od Ma\u0142gorzaty i Jerzego STEMPKOWICZ z rodzin\u0105<\/td><\/tr><tr><td class=\"has-text-align-center\" data-align=\"center\">09.02.2023<\/td><td class=\"has-text-align-center\" data-align=\"center\">6.30<\/td><td>od Marii i Andrzeja JAWIE\u0143 z rodzin\u0105<\/td><\/tr><tr><td class=\"has-text-align-center\" data-align=\"center\">14.02.2023<\/td><td class=\"has-text-align-center\" data-align=\"center\">6.30<\/td><td>od chrze\u015bnicy Ma\u0142gorzaty WSZO\u0141EK z rodzin\u0105<\/td><\/tr><tr><td class=\"has-text-align-center\" data-align=\"center\">16.02.2023<\/td><td class=\"has-text-align-center\" data-align=\"center\">18.00<\/td><td>od Emerytowanych kole\u017canek z pracy<\/td><\/tr><tr><td class=\"has-text-align-center\" data-align=\"center\"><strong>wakacje 2022<\/strong><\/td><td class=\"has-text-align-center\" data-align=\"center\"><strong>&nbsp;<\/strong>ks. Jakub Oczkowicz (Rzesz\u00f3w)<\/td><td>od Agaty i Micha\u0142a FURMANEK z rodzin\u0105<\/td><\/tr><tr><td class=\"has-text-align-center\" data-align=\"center\"><strong>wakacje 2022<\/strong><\/td><td class=\"has-text-align-center\" data-align=\"center\"><strong>&nbsp;<\/strong>ks. Jakub Oczkowicz (Rzesz\u00f3w)<\/td><td>od Katarzyny GRYBEL z rodzin\u0105<\/td><\/tr><tr><td class=\"has-text-align-center\" data-align=\"center\"><strong>wakacje 2022<\/strong><\/td><td class=\"has-text-align-center\" data-align=\"center\"><strong>&nbsp;<\/strong>ks. Jakub Oczkowicz (Rzesz\u00f3w)<\/td><td>od kole\u017canki Stefani<\/td><\/tr><tr><td class=\"has-text-align-center\" data-align=\"center\"><strong>wakacje 2022<\/strong><\/td><td class=\"has-text-align-center\" data-align=\"center\">ks. Jakub Oczkowicz (Rzesz\u00f3w)<strong>&nbsp;<\/strong><\/td><td>od chrze\u015bnicy Doroty z rodzin\u0105<\/td><\/tr><tr><td class=\"has-text-align-center\" data-align=\"center\"><strong>wakacje 2022<\/strong><\/td><td class=\"has-text-align-center\" data-align=\"center\"><strong>&nbsp;<\/strong>ks. Jakub Oczkowicz (Rzesz\u00f3w)<\/td><td>od kuzynek: Barbary i Agaty z Jas\u0142a<\/td><\/tr><tr><td class=\"has-text-align-center\" data-align=\"center\"><strong>wakacje 2022<\/strong><\/td><td class=\"has-text-align-center\" data-align=\"center\"><strong>&nbsp;<\/strong>ks. Jakub Oczkowicz (Rzesz\u00f3w)<\/td><td>od kole\u017canek c\u00f3rki Aleksandry z Delikates\u00f3w Centrum Tuwima<\/td><\/tr><tr><td class=\"has-text-align-center\" data-align=\"center\"><strong>wakacje 2022<\/strong><\/td><td class=\"has-text-align-center\" data-align=\"center\"><strong>&nbsp;<\/strong>ks. Jakub Oczkowicz (Rzesz\u00f3w)<\/td><td>od Piotra FURMANKA<\/td><\/tr><tr><td class=\"has-text-align-center\" data-align=\"center\"><strong>wakacje 2022<\/strong><\/td><td class=\"has-text-align-center\" data-align=\"center\"><strong>&nbsp;<\/strong>ks. Jakub Oczkowicz (Rzesz\u00f3w)<\/td><td>od Emerytowanych kole\u017canek z pracy<\/td><\/tr><tr><td class=\"has-text-align-center\" data-align=\"center\"><strong>wakacje 2022<\/strong><\/td><td class=\"has-text-align-center\" data-align=\"center\"><strong>&nbsp;<\/strong>ks. Jakub Oczkowicz (Rzesz\u00f3w)<\/td><td>od s\u0105siad\u00f3w Stanis\u0142awa i Czes\u0142awy MIKOSZ\u00d3W<\/td><\/tr><tr><td class=\"has-text-align-center\" data-align=\"center\"><strong>wakacje 2022<\/strong><\/td><td class=\"has-text-align-center\" data-align=\"center\"><strong>&nbsp;<\/strong>ks. Jakub Oczkowicz (Rzesz\u00f3w)<\/td><td>od Leokadii i Miros\u0142awa BAMBROWICZ z rodzin\u0105 ze Str\u00f3\u017c\u00f3wki<\/td><\/tr><tr><td class=\"has-text-align-center\" data-align=\"center\"><strong>wakacje 2022<\/strong><\/td><td class=\"has-text-align-center\" data-align=\"center\">ks. Jakub Oczkowicz (Rzesz\u00f3w)<strong>&nbsp;<\/strong><\/td><td>od Anny i Juliusza R\u0104CZKOWSKICH<\/td><\/tr><tr><td class=\"has-text-align-center\" data-align=\"center\"><strong>wakacje 2022<\/strong><\/td><td class=\"has-text-align-center\" data-align=\"center\"><strong>&nbsp;<\/strong>ks. Jakub Oczkowicz (Rzesz\u00f3w)<\/td><td>od kole\u017canek c\u00f3rki Aleksandry z CCC<\/td><\/tr><tr><td class=\"has-text-align-center\" data-align=\"center\"><strong>wakacje 2022<\/strong><\/td><td class=\"has-text-align-center\" data-align=\"center\"><strong>&nbsp;<\/strong>ks. Jakub Oczkowicz (Rzesz\u00f3w)<\/td><td>od Heleny i Eugeniusza WSZO\u0141EK z rodzin\u0105<\/td><\/tr><tr><td class=\"has-text-align-center\" data-align=\"center\"><strong>wakacje 2022<\/strong><\/td><td class=\"has-text-align-center\" data-align=\"center\">ks. Jakub Oczkowicz (Rzesz\u00f3w)<strong>&nbsp;<\/strong><\/td><td>od Pracownik\u00f3w Inspekcji Sanitarnej w Gorlicach<\/td><\/tr><tr><td class=\"has-text-align-center\" data-align=\"center\"><strong>wakacje 2022<\/strong><\/td><td class=\"has-text-align-center\" data-align=\"center\">ks. Jakub Oczkowicz (Rzesz\u00f3w)<strong>&nbsp;<\/strong><\/td><td>od Pracownik\u00f3w Inspekcji Sanitarnej w Gorlicach<\/td><\/tr><tr><td class=\"has-text-align-center\" data-align=\"center\"><strong>wakacje 2022<\/strong><\/td><td class=\"has-text-align-center\" data-align=\"center\"><strong>&nbsp;<\/strong>ks. Jakub Oczkowicz (Rzesz\u00f3w)<\/td><td>od Pracownik\u00f3w Inspekcji Sanitarnej w Gorlicach<\/td><\/tr><tr><td class=\"has-text-align-center\" data-align=\"center\"><strong>wakacje 2022<\/strong><\/td><td class=\"has-text-align-center\" data-align=\"center\">ks. Proboszcz<strong>&nbsp;<\/strong><\/td><td>od uczestnik\u00f3w pogrzebu<\/td><\/tr><tr><td class=\"has-text-align-center\" data-align=\"center\"><strong>wakacje 2022<\/strong><\/td><td class=\"has-text-align-center\" data-align=\"center\">ks. Proboszcz<strong>&nbsp;<\/strong><\/td><td>od uczestnik\u00f3w pogrzebu<\/td><\/tr><tr><td class=\"has-text-align-center\" data-align=\"center\"><strong>wakacje 2022<\/strong><\/td><td class=\"has-text-align-center\" data-align=\"center\"><strong>&nbsp;<\/strong>ks. Proboszcz<\/td><td>od uczestnik\u00f3w pogrzebu<\/td><\/tr><tr><td class=\"has-text-align-center\" data-align=\"center\"><strong>wakacje 2022<\/strong><\/td><td class=\"has-text-align-center\" data-align=\"center\"><strong>&nbsp;<\/strong>ks. Proboszcz<\/td><td>od uczestnik\u00f3w pogrzebu<\/td><\/tr><tr><td class=\"has-text-align-center\" data-align=\"center\"><strong>wakacje 2022<\/strong><\/td><td class=\"has-text-align-center\" data-align=\"center\"><strong>&nbsp;<\/strong>ks. Proboszcz<\/td><td>od uczestnik\u00f3w pogrzebu<\/td><\/tr><\/tbody><\/table><\/figure>\n","protected":false},"excerpt":{"rendered":"<p>2021\/26 pogrzeb: 10.07.2021 data godz. ofiarodawcy \/ intencja 15.07.2021 6.30 w 7 dzie\u0144 po \u015bmierci &#8211; od m\u0119\u017ca i c\u00f3rek z rodzinami 7.08.2021 6.30 w 30 dzie\u0144 po \u015bmierci &#8211; od m\u0119\u017ca i c\u00f3rek z rodzinami 31.01.2023 6.30 od c\u00f3rki Krystyny z rodzin\u0105 02.02.2023 6.30 od c\u00f3rki Kingi z rodzin\u0105 03.02.2023 16.00 od c\u00f3rki Aleksandry&#8230;<\/p>\n","protected":false},"author":3,"featured_media":188,"comment_status":"closed","ping_status":"","sticky":false,"template":"","format":"standard","meta":{"footnotes":""},"categories":[6],"tags":[],"class_list":["post-1199","post","type-post","status-publish","format-standard","has-post-thumbnail","hentry","category-intencje_pogrzebowe"],"_links":{"self":[{"href":"https:\/\/bobolagorlice.pl\/index.php\/wp-json\/wp\/v2\/posts\/1199","targetHints":{"allow":["GET"]}}],"collection":[{"href":"https:\/\/bobolagorlice.pl\/index.php\/wp-json\/wp\/v2\/posts"}],"about":[{"href":"https:\/\/bobolagorlice.pl\/index.php\/wp-json\/wp\/v2\/types\/post"}],"author":[{"embeddable":true,"href":"https:\/\/bobolagorlice.pl\/index.php\/wp-json\/wp\/v2\/users\/3"}],"replies":[{"embeddable":true,"href":"https:\/\/bobolagorlice.pl\/index.php\/wp-json\/wp\/v2\/comments?post=1199"}],"version-history":[{"count":6,"href":"https:\/\/bobolagorlice.pl\/index.php\/wp-json\/wp\/v2\/posts\/1199\/revisions"}],"predecessor-version":[{"id":3146,"href":"https:\/\/bobolagorlice.pl\/index.php\/wp-json\/wp\/v2\/posts\/1199\/revisions\/3146"}],"wp:featuredmedia":[{"embeddable":true,"href":"https:\/\/bobolagorlice.pl\/index.php\/wp-json\/wp\/v2\/media\/188"}],"wp:attachment":[{"href":"https:\/\/bobolagorlice.pl\/index.php\/wp-json\/wp\/v2\/media?parent=1199"}],"wp:term":[{"taxonomy":"category","embeddable":true,"href":"https:\/\/bobolagorlice.pl\/index.php\/wp-json\/wp\/v2\/categories?post=1199"},{"taxonomy":"post_tag","embeddable":true,"href":"https:\/\/bobolagorlice.pl\/index.php\/wp-json\/wp\/v2\/tags?post=1199"}],"curies":[{"name":"wp","href":"https:\/\/api.w.org\/{rel}","templated":true}]}}