{"id":1203,"date":"2021-07-15T13:31:48","date_gmt":"2021-07-15T11:31:48","guid":{"rendered":"https:\/\/bobolagorlice.pl\/?p=1203"},"modified":"2023-02-21T16:58:14","modified_gmt":"2023-02-21T15:58:14","slug":"stanislaw-klimek","status":"publish","type":"post","link":"https:\/\/bobolagorlice.pl\/index.php\/2021\/07\/15\/stanislaw-klimek\/","title":{"rendered":"\u2020STANIS\u0141AW KLIMEK"},"content":{"rendered":"\n<p>2021\/27 pogrzeb: 13.07.2021<\/p>\n\n\n\n<figure class=\"wp-block-table\"><table><tbody><tr><td class=\"has-text-align-center\" data-align=\"center\"><strong><em>data<\/em><\/strong><\/td><td class=\"has-text-align-center\" data-align=\"center\"><strong><em>godz.<\/em><\/strong><\/td><td><strong><em>ofiarodawcy \/ intencja<\/em><\/strong><\/td><\/tr><tr><td class=\"has-text-align-center\" data-align=\"center\"><strong>17.07.2021<\/strong><\/td><td class=\"has-text-align-center\" data-align=\"center\">6.30<\/td><td>w <strong>7<\/strong> dzie\u0144 po \u015bmierci \u2013 <strong>od \u017cony<\/strong><\/td><\/tr><tr><td class=\"has-text-align-center\" data-align=\"center\"><strong>9.08.2021<\/strong><\/td><td class=\"has-text-align-center\" data-align=\"center\">6.30<\/td><td>w <strong>30<\/strong> dzie\u0144 po \u015bmierci &#8211; <strong>od c\u00f3rki Jadwigi z rodzin\u0105<\/strong><\/td><\/tr><tr><td class=\"has-text-align-center\" data-align=\"center\">03.02.2023<\/td><td class=\"has-text-align-center\" data-align=\"center\">6.30<\/td><td>od c\u00f3rki Marii z rodzin\u0105<strong><\/strong><\/td><\/tr><tr><td class=\"has-text-align-center\" data-align=\"center\">25.02.2023<\/td><td class=\"has-text-align-center\" data-align=\"center\">6.30<\/td><td>od syna Jana z rodzin\u0105<\/td><\/tr><tr><td class=\"has-text-align-center\" data-align=\"center\">16.02.2023<\/td><td class=\"has-text-align-center\" data-align=\"center\">6.30<\/td><td>od rodziny KONIECZNYCH<strong><\/strong><\/td><\/tr><tr><td class=\"has-text-align-center\" data-align=\"center\">17.02.2023<\/td><td class=\"has-text-align-center\" data-align=\"center\">6.30<\/td><td>od dzia\u0142kowicz\u00f3w Rodzinnego Ogrodu Dzia\u0142kowego \u201ePod D\u0119bem \u2013 Lipowa\u201d w Gorlicach sektor A, B, C<\/td><\/tr><tr><td class=\"has-text-align-center\" data-align=\"center\">18.02.2023<\/td><td class=\"has-text-align-center\" data-align=\"center\">6.30<\/td><td>od Pracownik\u00f3w Miejskiego Zespo\u0142u Szk\u00f3\u0142 nr 5 w Gorlicach<strong><\/strong><\/td><\/tr><tr><td class=\"has-text-align-center\" data-align=\"center\">15.02.2023<\/td><td class=\"has-text-align-center\" data-align=\"center\">18.00<\/td><td>od siostry Zofii z m\u0119\u017cem<strong><\/strong><\/td><\/tr><tr><td class=\"has-text-align-center\" data-align=\"center\">24.02.2023<\/td><td class=\"has-text-align-center\" data-align=\"center\">6.30<\/td><td>od rodziny W\u00d3JCIK\u00d3W<strong><\/strong><\/td><\/tr><tr><td class=\"has-text-align-center\" data-align=\"center\">02.02.2023<\/td><td class=\"has-text-align-center\" data-align=\"center\">16.00<\/td><td>od kole\u017canek i koleg\u00f3w z Zarz\u0105du Mi\u0119dzyzak\u0142adowego Zwi\u0105zku Zawodowego&nbsp; Pracownik\u00f3w \u201eGLINIK\u201d<\/td><\/tr><tr><td class=\"has-text-align-center\" data-align=\"center\">20.02.2023<\/td><td class=\"has-text-align-center\" data-align=\"center\">6.30<\/td><td>od kolegi Bronka GALISZEWSKIEGO<\/td><\/tr><tr><td class=\"has-text-align-center\" data-align=\"center\">10.02.2023<\/td><td class=\"has-text-align-center\" data-align=\"center\">18.00<\/td><td>od s\u0105siad\u00f3w z klatki<\/td><\/tr><tr><td class=\"has-text-align-center\" data-align=\"center\"><strong>wakacje 2022<\/strong><\/td><td class=\"has-text-align-center\" data-align=\"center\"><strong>&nbsp;<\/strong>ks. Jakub Oczkowicz (Rzesz\u00f3w)<\/td><td>od rodziny KNYCH<\/td><\/tr><tr><td class=\"has-text-align-center\" data-align=\"center\"><strong>wakacje 2022<\/strong><\/td><td class=\"has-text-align-center\" data-align=\"center\"><strong>&nbsp;<\/strong>ks. Jakub Oczkowicz (Rzesz\u00f3w)<\/td><td>od s\u0105siad\u00f3w LEWI\u0143SKICH<\/td><\/tr><tr><td class=\"has-text-align-center\" data-align=\"center\"><strong>wakacje 2022<\/strong><\/td><td class=\"has-text-align-center\" data-align=\"center\"><strong>&nbsp;<\/strong>ks. Jakub Oczkowicz (Rzesz\u00f3w)<\/td><td>od Marzanny i Eweliny BASISTA<\/td><\/tr><tr><td class=\"has-text-align-center\" data-align=\"center\"><strong>wakacje 2022<\/strong><\/td><td class=\"has-text-align-center\" data-align=\"center\"><strong>&nbsp;<\/strong>ks. Jakub Oczkowicz (Rzesz\u00f3w)<\/td><td>od brata J\u00f3zefa KLIMEK z rodzin\u0105<\/td><\/tr><tr><td class=\"has-text-align-center\" data-align=\"center\"><strong>wakacje 2022<\/strong><\/td><td class=\"has-text-align-center\" data-align=\"center\"><strong>&nbsp;<\/strong>ks. Jakub Oczkowicz (Rzesz\u00f3w)<\/td><td>od chrze\u015bniaka Adama<\/td><\/tr><tr><td class=\"has-text-align-center\" data-align=\"center\"><strong>wakacje 2022<\/strong><\/td><td class=\"has-text-align-center\" data-align=\"center\">ks. Jakub Oczkowicz (Rzesz\u00f3w)<strong>&nbsp;<\/strong><\/td><td>od Andrzeja i Boles\u0142awa OKRZOS z rodzinami<\/td><\/tr><tr><td class=\"has-text-align-center\" data-align=\"center\"><strong>wakacje 2022<\/strong><\/td><td class=\"has-text-align-center\" data-align=\"center\">ks. Jakub Oczkowicz (Rzesz\u00f3w)<strong>&nbsp;<\/strong><\/td><td>od Jerzego WAL z \u017con\u0105 i dzie\u0107mi<\/td><\/tr><tr><td class=\"has-text-align-center\" data-align=\"center\"><strong>wakacje 2022<\/strong><\/td><td class=\"has-text-align-center\" data-align=\"center\"><strong>&nbsp;<\/strong>ks. Jakub Oczkowicz (Rzesz\u00f3w)<\/td><td>od Marii i Ignacego STEC z dzie\u0107mi<\/td><\/tr><tr><td class=\"has-text-align-center\" data-align=\"center\"><strong>wakacje 2022<\/strong><\/td><td class=\"has-text-align-center\" data-align=\"center\"><strong>&nbsp;<\/strong>ks. Jakub Oczkowicz (Rzesz\u00f3w)<\/td><td>od bratanicy Barbary<\/td><\/tr><tr><td class=\"has-text-align-center\" data-align=\"center\"><strong>wakacje 2022<\/strong><\/td><td class=\"has-text-align-center\" data-align=\"center\">ks. Jakub Oczkowicz (Rzesz\u00f3w)<strong>&nbsp;<\/strong><\/td><td>od rodziny DRAPA\u0141\u00d3W<\/td><\/tr><tr><td class=\"has-text-align-center\" data-align=\"center\"><strong>wakacje 2022<\/strong><\/td><td class=\"has-text-align-center\" data-align=\"center\"><strong>&nbsp;<\/strong>ks. Jakub Oczkowicz (Rzesz\u00f3w)<\/td><td>od rodziny LUDWIN i PATER z Libuszy<\/td><\/tr><tr><td class=\"has-text-align-center\" data-align=\"center\"><strong>wakacje 2022<\/strong><\/td><td class=\"has-text-align-center\" data-align=\"center\"><strong>&nbsp;<\/strong>ks. Jakub Oczkowicz (Rzesz\u00f3w)<\/td><td>od Anny i Daniela MACIUSZEK z rodzin\u0105<\/td><\/tr><tr><td class=\"has-text-align-center\" data-align=\"center\"><strong>wakacje 2022<\/strong><\/td><td class=\"has-text-align-center\" data-align=\"center\"><strong>&nbsp;<\/strong>ks. Jakub Oczkowicz (Rzesz\u00f3w)<\/td><td>od kole\u017canek i koleg\u00f3w c\u00f3rki Marii z Pracowni Endoskopii<\/td><\/tr><tr><td class=\"has-text-align-center\" data-align=\"center\"><strong>wakacje 2022<\/strong><\/td><td class=\"has-text-align-center\" data-align=\"center\"><strong>&nbsp;<\/strong>ks. Jakub Oczkowicz (Rzesz\u00f3w)<\/td><td>od kole\u017canek i koleg\u00f3w c\u00f3rki Marii z Oddzia\u0142u Chirurgii<\/td><\/tr><tr><td class=\"has-text-align-center\" data-align=\"center\"><strong>wakacje 2022<\/strong><\/td><td class=\"has-text-align-center\" data-align=\"center\">ks. Jakub Oczkowicz (Rzesz\u00f3w)<strong>&nbsp;<\/strong><\/td><td>od koleg\u00f3w syna z Glinika<\/td><\/tr><tr><td class=\"has-text-align-center\" data-align=\"center\"><strong>wakacje 2022<\/strong><\/td><td class=\"has-text-align-center\" data-align=\"center\"><strong>&nbsp;<\/strong>ks. Jakub Oczkowicz (Rzesz\u00f3w)<\/td><td>od Wandy i Wies\u0142awa BRACH<\/td><\/tr><tr><td class=\"has-text-align-center\" data-align=\"center\"><strong>wakacje 2022<\/strong><\/td><td class=\"has-text-align-center\" data-align=\"center\"><strong>&nbsp;<\/strong>ks. Jakub Oczkowicz (Rzesz\u00f3w)<\/td><td>od Jacka i Genowefy WAL z rodzin\u0105<\/td><\/tr><tr><td class=\"has-text-align-center\" data-align=\"center\"><strong>wakacje 2022<\/strong><\/td><td class=\"has-text-align-center\" data-align=\"center\"><strong>&nbsp;<\/strong>ks. Jakub Oczkowicz (Rzesz\u00f3w)<\/td><td>od uczni\u00f3w z klasy <strong>III a<\/strong> i ich rodzic\u00f3w<\/td><\/tr><tr><td class=\"has-text-align-center\" data-align=\"center\"><strong>wakacje 2022<\/strong><\/td><td class=\"has-text-align-center\" data-align=\"center\"><strong>&nbsp;<\/strong>ks. Jakub Oczkowicz (Rzesz\u00f3w)<\/td><td>od Emeryt\u00f3w z Miejskiego Zespo\u0142u Szk\u00f3\u0142 nr 5 w Gorlicach<\/td><\/tr><tr><td class=\"has-text-align-center\" data-align=\"center\"><strong>wakacje 2022<\/strong><\/td><td class=\"has-text-align-center\" data-align=\"center\"><strong>&nbsp;<\/strong>ks. Jakub Oczkowicz (Rzesz\u00f3w)<\/td><td>od Bo\u017ceny i Krzysztofa KORYGA<\/td><\/tr><tr><td class=\"has-text-align-center\" data-align=\"center\"><strong>wakacje 2022<\/strong><\/td><td class=\"has-text-align-center\" data-align=\"center\"><strong>&nbsp;<\/strong>ks. Jakub Oczkowicz (Rzesz\u00f3w)<\/td><td>od Aliny i Bogus\u0142awa GALISZEWSKICH<\/td><\/tr><tr><td class=\"has-text-align-center\" data-align=\"center\"><strong>wakacje 2022<\/strong><\/td><td class=\"has-text-align-center\" data-align=\"center\"><strong>&nbsp;<\/strong>ks. Jakub Oczkowicz (Rzesz\u00f3w)<\/td><td>od s\u0105siada Krzysztofa GRYBEL<\/td><\/tr><tr><td class=\"has-text-align-center\" data-align=\"center\"><strong>wakacje 2022<\/strong><\/td><td class=\"has-text-align-center\" data-align=\"center\">ks. Jakub Oczkowicz (Rzesz\u00f3w)<strong>&nbsp;<\/strong><\/td><td>od rodziny WOJNA<\/td><\/tr><tr><td class=\"has-text-align-center\" data-align=\"center\"><strong>wakacje 2022<\/strong><\/td><td class=\"has-text-align-center\" data-align=\"center\"><strong>&nbsp;<\/strong>ks. Jakub Oczkowicz (Rzesz\u00f3w)<\/td><td>od chrze\u015bniaka Marka<\/td><\/tr><tr><td class=\"has-text-align-center\" data-align=\"center\"><strong>wakacje 2022<\/strong><\/td><td class=\"has-text-align-center\" data-align=\"center\"><strong>&nbsp;<\/strong>ks. Jakub Oczkowicz (Rzesz\u00f3w)<\/td><td>od J\u00f3zefa ROMANA z rodzin\u0105<\/td><\/tr><tr><td class=\"has-text-align-center\" data-align=\"center\"><strong>wakacje 2022<\/strong><\/td><td class=\"has-text-align-center\" data-align=\"center\"><strong>&nbsp;<\/strong>ks. Jakub Oczkowicz (Rzesz\u00f3w)<\/td><td>od Zofii i Kazimierza \u0141ACEK<\/td><\/tr><tr><td class=\"has-text-align-center\" data-align=\"center\"><strong>wakacje 2022<\/strong><\/td><td class=\"has-text-align-center\" data-align=\"center\"><strong>&nbsp;<\/strong>ks. Jakub Oczkowicz (Rzesz\u00f3w)<\/td><td>od Grupy <em>NADZIEJA<\/em><\/td><\/tr><tr><td class=\"has-text-align-center\" data-align=\"center\"><strong>wakacje 2022<\/strong><\/td><td class=\"has-text-align-center\" data-align=\"center\"><strong>&nbsp;<\/strong>ks. Jakub Oczkowicz (Rzesz\u00f3w)<\/td><td>od kole\u017canek syna Jana z pracy z pralni<\/td><\/tr><tr><td class=\"has-text-align-center\" data-align=\"center\"><strong>wakacje 2022<\/strong><\/td><td class=\"has-text-align-center\" data-align=\"center\"><strong>&nbsp;<\/strong>ks. Jakub Oczkowicz (Rzesz\u00f3w)<\/td><td>od dzia\u0142kowicz\u00f3w Rodzinnego Ogrodu Dzia\u0142kowego \u201ePod D\u0119bem \u2013 Lipowa\u201d w Gorlicach sektor A, B, C<\/td><\/tr><tr><td class=\"has-text-align-center\" data-align=\"center\"><strong>wakacje 2022<\/strong><\/td><td class=\"has-text-align-center\" data-align=\"center\"><strong>&nbsp;<\/strong>ks. Jakub Oczkowicz (Rzesz\u00f3w)<\/td><td>od dzia\u0142kowicz\u00f3w Rodzinnego Ogrodu Dzia\u0142kowego \u201ePod D\u0119bem \u2013 Lipowa\u201d w Gorlicach sektor A, B, C<\/td><\/tr><tr><td class=\"has-text-align-center\" data-align=\"center\"><strong>wakacje 2022<\/strong><\/td><td class=\"has-text-align-center\" data-align=\"center\"><strong>&nbsp;<\/strong>ks. Jakub Oczkowicz (Rzesz\u00f3w)<\/td><td>od dzia\u0142kowicz\u00f3w Rodzinnego Ogrodu Dzia\u0142kowego \u201ePod D\u0119bem \u2013 Lipowa\u201d w Gorlicach sektor A, B, C<\/td><\/tr><tr><td class=\"has-text-align-center\" data-align=\"center\"><strong>wakacje 2022<\/strong><\/td><td class=\"has-text-align-center\" data-align=\"center\">ks. Jakub Oczkowicz (Rzesz\u00f3w)<strong>&nbsp;<\/strong><\/td><td>od dzia\u0142kowicz\u00f3w Rodzinnego Ogrodu Dzia\u0142kowego \u201ePod D\u0119bem \u2013 Lipowa\u201d w Gorlicach sektor A, B, C<\/td><\/tr><tr><td class=\"has-text-align-center\" data-align=\"center\"><strong>wakacje 2022<\/strong><\/td><td class=\"has-text-align-center\" data-align=\"center\"><strong>&nbsp;<\/strong>ks. Jakub Oczkowicz (Rzesz\u00f3w)<\/td><td>od dzia\u0142kowicz\u00f3w Rodzinnego Ogrodu Dzia\u0142kowego \u201ePod D\u0119bem \u2013 Lipowa\u201d w Gorlicach sektor A, B, C<\/td><\/tr><tr><td class=\"has-text-align-center\" data-align=\"center\"><strong>wakacje 2022<\/strong><\/td><td class=\"has-text-align-center\" data-align=\"center\"><strong>&nbsp;<\/strong>ks. Proboszcz<\/td><td>od uczestnik\u00f3w pogrzebu<\/td><\/tr><tr><td class=\"has-text-align-center\" data-align=\"center\"><strong>wakacje 2022<\/strong><\/td><td class=\"has-text-align-center\" data-align=\"center\">ks. Proboszcz<strong>&nbsp;<\/strong><\/td><td>od uczestnik\u00f3w pogrzebu<\/td><\/tr><tr><td class=\"has-text-align-center\" data-align=\"center\"><strong>wakacje 2022<\/strong><\/td><td class=\"has-text-align-center\" data-align=\"center\"><strong>&nbsp;<\/strong>ks. Proboszcz<\/td><td>od uczestnik\u00f3w pogrzebu<\/td><\/tr><tr><td class=\"has-text-align-center\" data-align=\"center\"><strong>wakacje 2022<\/strong><\/td><td class=\"has-text-align-center\" data-align=\"center\"><strong>&nbsp;<\/strong>ks. Proboszcz<\/td><td>od uczestnik\u00f3w pogrzebu<\/td><\/tr><tr><td class=\"has-text-align-center\" data-align=\"center\"><strong>wakacje 2022<\/strong><\/td><td class=\"has-text-align-center\" data-align=\"center\"><strong>&nbsp;<\/strong>ks. Proboszcz<\/td><td>od uczestnik\u00f3w pogrzebu<\/td><\/tr><tr><td class=\"has-text-align-center\" data-align=\"center\"><strong>wakacje 2022<\/strong><\/td><td class=\"has-text-align-center\" data-align=\"center\">ks. Proboszcz<strong>&nbsp;<\/strong><\/td><td>od uczestnik\u00f3w pogrzebu<\/td><\/tr><tr><td class=\"has-text-align-center\" data-align=\"center\"><strong>wakacje 2022<\/strong><\/td><td class=\"has-text-align-center\" data-align=\"center\"><strong>&nbsp;<\/strong>ks. Proboszcz<\/td><td>od uczestnik\u00f3w pogrzebu<\/td><\/tr><tr><td class=\"has-text-align-center\" data-align=\"center\"><strong>wakacje 2022<\/strong><\/td><td class=\"has-text-align-center\" data-align=\"center\"><strong>&nbsp;<\/strong>ks. Proboszcz<\/td><td>od uczestnik\u00f3w pogrzebu<\/td><\/tr><tr><td class=\"has-text-align-center\" data-align=\"center\"><strong>wakacje 2022<\/strong><\/td><td class=\"has-text-align-center\" data-align=\"center\">ks. Proboszcz<strong>&nbsp;<\/strong><\/td><td>od uczestnik\u00f3w pogrzebu<\/td><\/tr><tr><td class=\"has-text-align-center\" data-align=\"center\"><strong>wakacje 2022<\/strong><\/td><td class=\"has-text-align-center\" data-align=\"center\"><strong>&nbsp;<\/strong>ks. Proboszcz<\/td><td>od uczestnik\u00f3w pogrzebu<\/td><\/tr><\/tbody><\/table><\/figure>\n","protected":false},"excerpt":{"rendered":"<p>2021\/27 pogrzeb: 13.07.2021 data godz. ofiarodawcy \/ intencja 17.07.2021 6.30 w 7 dzie\u0144 po \u015bmierci \u2013 od \u017cony 9.08.2021 6.30 w 30 dzie\u0144 po \u015bmierci &#8211; od c\u00f3rki Jadwigi z rodzin\u0105 03.02.2023 6.30 od c\u00f3rki Marii z rodzin\u0105 25.02.2023 6.30 od syna Jana z rodzin\u0105 16.02.2023 6.30 od rodziny KONIECZNYCH 17.02.2023 6.30 od dzia\u0142kowicz\u00f3w Rodzinnego&#8230;<\/p>\n","protected":false},"author":3,"featured_media":188,"comment_status":"closed","ping_status":"","sticky":false,"template":"","format":"standard","meta":{"footnotes":""},"categories":[6],"tags":[],"class_list":["post-1203","post","type-post","status-publish","format-standard","has-post-thumbnail","hentry","category-intencje_pogrzebowe"],"_links":{"self":[{"href":"https:\/\/bobolagorlice.pl\/index.php\/wp-json\/wp\/v2\/posts\/1203","targetHints":{"allow":["GET"]}}],"collection":[{"href":"https:\/\/bobolagorlice.pl\/index.php\/wp-json\/wp\/v2\/posts"}],"about":[{"href":"https:\/\/bobolagorlice.pl\/index.php\/wp-json\/wp\/v2\/types\/post"}],"author":[{"embeddable":true,"href":"https:\/\/bobolagorlice.pl\/index.php\/wp-json\/wp\/v2\/users\/3"}],"replies":[{"embeddable":true,"href":"https:\/\/bobolagorlice.pl\/index.php\/wp-json\/wp\/v2\/comments?post=1203"}],"version-history":[{"count":6,"href":"https:\/\/bobolagorlice.pl\/index.php\/wp-json\/wp\/v2\/posts\/1203\/revisions"}],"predecessor-version":[{"id":3178,"href":"https:\/\/bobolagorlice.pl\/index.php\/wp-json\/wp\/v2\/posts\/1203\/revisions\/3178"}],"wp:featuredmedia":[{"embeddable":true,"href":"https:\/\/bobolagorlice.pl\/index.php\/wp-json\/wp\/v2\/media\/188"}],"wp:attachment":[{"href":"https:\/\/bobolagorlice.pl\/index.php\/wp-json\/wp\/v2\/media?parent=1203"}],"wp:term":[{"taxonomy":"category","embeddable":true,"href":"https:\/\/bobolagorlice.pl\/index.php\/wp-json\/wp\/v2\/categories?post=1203"},{"taxonomy":"post_tag","embeddable":true,"href":"https:\/\/bobolagorlice.pl\/index.php\/wp-json\/wp\/v2\/tags?post=1203"}],"curies":[{"name":"wp","href":"https:\/\/api.w.org\/{rel}","templated":true}]}}