{"id":1243,"date":"2021-07-22T14:14:57","date_gmt":"2021-07-22T12:14:57","guid":{"rendered":"https:\/\/bobolagorlice.pl\/?p=1243"},"modified":"2023-02-21T17:18:34","modified_gmt":"2023-02-21T16:18:34","slug":"barbara-bednarska","status":"publish","type":"post","link":"https:\/\/bobolagorlice.pl\/index.php\/2021\/07\/22\/barbara-bednarska\/","title":{"rendered":"\u2020BARBARA BEDNARSKA"},"content":{"rendered":"\n<p>2021\/29 pogrzeb: 17.07.2021<\/p>\n\n\n\n<figure class=\"wp-block-table\"><table><tbody><tr><td class=\"has-text-align-center\" data-align=\"center\"><strong><em>data<\/em><\/strong><\/td><td class=\"has-text-align-center\" data-align=\"center\"><strong><em>godz.<\/em><\/strong><\/td><td><strong><em>ofiarodawcy \/ intencja<\/em><\/strong><\/td><\/tr><tr><td class=\"has-text-align-center\" data-align=\"center\"><strong>09.08.2021<\/strong><\/td><td class=\"has-text-align-center\" data-align=\"center\">19.00<\/td><td>od uczestnik\u00f3w pogrzebu<\/td><\/tr><tr><td class=\"has-text-align-center\" data-align=\"center\">22.02.2023<\/td><td class=\"has-text-align-center\" data-align=\"center\">9.00<\/td><td>od Edyty i Jakuba MINOR z rodzin\u0105<\/td><\/tr><tr><td class=\"has-text-align-center\" data-align=\"center\">23.02.2023<\/td><td class=\"has-text-align-center\" data-align=\"center\">6.30<\/td><td>od siostrzenicy Jolanty<\/td><\/tr><tr><td class=\"has-text-align-center\" data-align=\"center\">24.02.2023<\/td><td class=\"has-text-align-center\" data-align=\"center\">6.30<\/td><td>od Natalii i Andrzeja KOLASI\u0143SKICH z rodzin\u0105<\/td><\/tr><tr><td class=\"has-text-align-center\" data-align=\"center\">25.02.2023<\/td><td class=\"has-text-align-center\" data-align=\"center\">6.30<\/td><td>od siostrzenicy Agnieszki rodzin\u0105<\/td><\/tr><tr><td class=\"has-text-align-center\" data-align=\"center\">28.02.2023<\/td><td class=\"has-text-align-center\" data-align=\"center\">6.30<\/td><td>od siostry Heleny<\/td><\/tr><tr><td class=\"has-text-align-center\" data-align=\"center\">01.03.2023<\/td><td class=\"has-text-align-center\" data-align=\"center\">6.30<\/td><td>od siostry Ireny<\/td><\/tr><tr><td class=\"has-text-align-center\" data-align=\"center\">02.03.2023<\/td><td class=\"has-text-align-center\" data-align=\"center\">6.30<\/td><td>od wnuczki Mai z m\u0119\u017cem<\/td><\/tr><tr><td class=\"has-text-align-center\" data-align=\"center\">03.03.2023<\/td><td class=\"has-text-align-center\" data-align=\"center\">6.30<\/td><td>od c\u00f3rki z m\u0119\u017cem<\/td><\/tr><tr><td class=\"has-text-align-center\" data-align=\"center\">04.03.2023<\/td><td class=\"has-text-align-center\" data-align=\"center\">6.30<\/td><td>od s\u0105siad\u00f3w z bloku nr 7<\/td><\/tr><tr><td class=\"has-text-align-center\" data-align=\"center\">06.03.2023<\/td><td class=\"has-text-align-center\" data-align=\"center\">6.30<\/td><td>od uczestnik\u00f3w pogrzebu<\/td><\/tr><tr><td class=\"has-text-align-center\" data-align=\"center\">wakacje 2022<\/td><td class=\"has-text-align-center\" data-align=\"center\">ks. Jakub Oczkowicz (Rzesz\u00f3w)<strong>&nbsp;<\/strong><\/td><td>od s\u0105siad\u00f3w z bloku nr 7<\/td><\/tr><\/tbody><\/table><\/figure>\n","protected":false},"excerpt":{"rendered":"<p>2021\/29 pogrzeb: 17.07.2021 data godz. ofiarodawcy \/ intencja 09.08.2021 19.00 od uczestnik\u00f3w pogrzebu 22.02.2023 9.00 od Edyty i Jakuba MINOR z rodzin\u0105 23.02.2023 6.30 od siostrzenicy Jolanty 24.02.2023 6.30 od Natalii i Andrzeja KOLASI\u0143SKICH z rodzin\u0105 25.02.2023 6.30 od siostrzenicy Agnieszki rodzin\u0105 28.02.2023 6.30 od siostry Heleny 01.03.2023 6.30 od siostry Ireny 02.03.2023 6.30 od&#8230;<\/p>\n","protected":false},"author":3,"featured_media":188,"comment_status":"closed","ping_status":"","sticky":false,"template":"","format":"standard","meta":{"footnotes":""},"categories":[6],"tags":[],"class_list":["post-1243","post","type-post","status-publish","format-standard","has-post-thumbnail","hentry","category-intencje_pogrzebowe"],"_links":{"self":[{"href":"https:\/\/bobolagorlice.pl\/index.php\/wp-json\/wp\/v2\/posts\/1243","targetHints":{"allow":["GET"]}}],"collection":[{"href":"https:\/\/bobolagorlice.pl\/index.php\/wp-json\/wp\/v2\/posts"}],"about":[{"href":"https:\/\/bobolagorlice.pl\/index.php\/wp-json\/wp\/v2\/types\/post"}],"author":[{"embeddable":true,"href":"https:\/\/bobolagorlice.pl\/index.php\/wp-json\/wp\/v2\/users\/3"}],"replies":[{"embeddable":true,"href":"https:\/\/bobolagorlice.pl\/index.php\/wp-json\/wp\/v2\/comments?post=1243"}],"version-history":[{"count":4,"href":"https:\/\/bobolagorlice.pl\/index.php\/wp-json\/wp\/v2\/posts\/1243\/revisions"}],"predecessor-version":[{"id":3184,"href":"https:\/\/bobolagorlice.pl\/index.php\/wp-json\/wp\/v2\/posts\/1243\/revisions\/3184"}],"wp:featuredmedia":[{"embeddable":true,"href":"https:\/\/bobolagorlice.pl\/index.php\/wp-json\/wp\/v2\/media\/188"}],"wp:attachment":[{"href":"https:\/\/bobolagorlice.pl\/index.php\/wp-json\/wp\/v2\/media?parent=1243"}],"wp:term":[{"taxonomy":"category","embeddable":true,"href":"https:\/\/bobolagorlice.pl\/index.php\/wp-json\/wp\/v2\/categories?post=1243"},{"taxonomy":"post_tag","embeddable":true,"href":"https:\/\/bobolagorlice.pl\/index.php\/wp-json\/wp\/v2\/tags?post=1243"}],"curies":[{"name":"wp","href":"https:\/\/api.w.org\/{rel}","templated":true}]}}