{"id":1246,"date":"2021-07-23T09:34:05","date_gmt":"2021-07-23T07:34:05","guid":{"rendered":"https:\/\/bobolagorlice.pl\/?p=1246"},"modified":"2023-02-21T17:37:59","modified_gmt":"2023-02-21T16:37:59","slug":"maria-sokanska","status":"publish","type":"post","link":"https:\/\/bobolagorlice.pl\/index.php\/2021\/07\/23\/maria-sokanska\/","title":{"rendered":"\u2020MARIA SOKA\u0143SKA"},"content":{"rendered":"\n<p>2021\/30 pogrzeb: 19.07.2021<\/p>\n\n\n\n<figure class=\"wp-block-table\"><table><tbody><tr><td class=\"has-text-align-center\" data-align=\"center\"><strong><em>data<\/em><\/strong><\/td><td class=\"has-text-align-center\" data-align=\"center\"><strong><em>godz.<\/em><\/strong><\/td><td><strong><em>ofiarodawcy \/ intencja<\/em><\/strong><\/td><\/tr><tr><td class=\"has-text-align-center\" data-align=\"center\"><strong>23.07 2021<\/strong><\/td><td class=\"has-text-align-center\" data-align=\"center\"><strong>6.30<\/strong><\/td><td>w <strong>7<\/strong> dzie\u0144 po \u015bmierci \u2013 <strong>od c\u00f3rki Lidii i Zbigniewa<\/strong><\/td><\/tr><tr><td class=\"has-text-align-center\" data-align=\"center\"><strong>15.08.2021<\/strong><\/td><td class=\"has-text-align-center\" data-align=\"center\"><strong>6.30<\/strong><\/td><td>w <strong>30<\/strong> dzie\u0144 po \u015bmierci \u2013 <strong>od c\u00f3rki Lidii i Zbigniewa<\/strong><\/td><\/tr><tr><td class=\"has-text-align-center\" data-align=\"center\"><strong>04.11<\/strong>.2022<\/td><td class=\"has-text-align-center\" data-align=\"center\"><strong>1<\/strong>6.00<\/td><td>od cz\u0142onki\u0144 R\u00f3\u017cy Misyjnej \u015bw. Siostry Faustyny<\/td><\/tr><tr><td class=\"has-text-align-center\" data-align=\"center\">03.03.2023<\/td><td class=\"has-text-align-center\" data-align=\"center\">18.00<\/td><td>od c\u00f3rki Ma\u0142gorzaty z rodzin\u0105 z Kanady<\/td><\/tr><tr><td class=\"has-text-align-center\" data-align=\"center\">06.03.2023<\/td><td class=\"has-text-align-center\" data-align=\"center\">18.00<\/td><td>od c\u00f3rki Ma\u0142gorzaty z rodzin\u0105 z Kanady<\/td><\/tr><tr><td class=\"has-text-align-center\" data-align=\"center\">01.03.2023<\/td><td class=\"has-text-align-center\" data-align=\"center\">6.30<\/td><td>od kuzynki Ma\u0142gorzaty z rodzin\u0105<\/td><\/tr><tr><td class=\"has-text-align-center\" data-align=\"center\">02.03.2023<\/td><td class=\"has-text-align-center\" data-align=\"center\">6.30<\/td><td>od kuzynki Teresy z rodzin\u0105<\/td><\/tr><tr><td class=\"has-text-align-center\" data-align=\"center\">04.03.2023<\/td><td class=\"has-text-align-center\" data-align=\"center\">6.30<\/td><td>od Teresy LEWEK<\/td><\/tr><tr><td class=\"has-text-align-center\" data-align=\"center\">07.03.2023<\/td><td class=\"has-text-align-center\" data-align=\"center\">6.30<\/td><td>od Stanis\u0142awy TRYBUS oraz Gra\u017cyny i Czes\u0142awa R\u00d3\u017bYCKICH \u2013 mieszk. nr 1<\/td><\/tr><tr><td class=\"has-text-align-center\" data-align=\"center\">08.03.2023<\/td><td class=\"has-text-align-center\" data-align=\"center\">6.30<\/td><td>od rodziny MALIK\u00d3W<\/td><\/tr><tr><td class=\"has-text-align-center\" data-align=\"center\">09.03.2023<\/td><td class=\"has-text-align-center\" data-align=\"center\">6.30<\/td><td>od rodziny: KOSZYK i HALA z Grybowa<\/td><\/tr><tr><td class=\"has-text-align-center\" data-align=\"center\">10.03.2023<\/td><td class=\"has-text-align-center\" data-align=\"center\">18.00<\/td><td>od cz\u0142onki\u0144 R\u00f3\u017cy Misyjnej \u015bw. Siostry Faustyny<\/td><\/tr><tr><td class=\"has-text-align-center\" data-align=\"center\"><strong>wakacje 2022<\/strong><\/td><td class=\"has-text-align-center\" data-align=\"center\"><strong>ks. Jakub Oczkowicz<br>(Rzesz\u00f3w)&nbsp;<\/strong><\/td><td>od Marii D\u0104BROWSKIEJ<\/td><\/tr><tr><td class=\"has-text-align-center\" data-align=\"center\">wakacje 2022<\/td><td class=\"has-text-align-center\" data-align=\"center\"><strong>&nbsp;<\/strong>ks. Jakub Oczkowicz<br>(Rzesz\u00f3w)<strong>&nbsp;<\/strong><\/td><td>od wnuk\u00f3w z rodzinami<\/td><\/tr><tr><td class=\"has-text-align-center\" data-align=\"center\">wakacje 2022<\/td><td class=\"has-text-align-center\" data-align=\"center\">ks. Jakub Oczkowicz<br>(Rzesz\u00f3w)<strong>&nbsp;&nbsp;<\/strong><\/td><td>od prawnuk\u00f3w<\/td><\/tr><tr><td class=\"has-text-align-center\" data-align=\"center\">Opole<\/td><td class=\"has-text-align-center\" data-align=\"center\">ks. J\u00f3zef Mucha<\/td><td>od Oddzia\u0142u Okulistycznego<\/td><\/tr><tr><td class=\"has-text-align-center\" data-align=\"center\">Opole<\/td><td class=\"has-text-align-center\" data-align=\"center\"><strong>&nbsp;<\/strong>ks. J\u00f3zef Mucha<\/td><td>od Gra\u017cyny i Romana KLIMCZAK z rodzin\u0105<\/td><\/tr><tr><td class=\"has-text-align-center\" data-align=\"center\">Opole<\/td><td class=\"has-text-align-center\" data-align=\"center\"><strong>&nbsp;<\/strong>ks. J\u00f3zef Mucha<\/td><td>od s\u0105siad\u00f3w<\/td><\/tr><tr><td class=\"has-text-align-center\" data-align=\"center\">Opole<\/td><td class=\"has-text-align-center\" data-align=\"center\">ks. J\u00f3zef Mucha<strong>&nbsp;<\/strong><\/td><td>od s\u0105siad\u00f3w<\/td><\/tr><tr><td class=\"has-text-align-center\" data-align=\"center\">Opole<\/td><td class=\"has-text-align-center\" data-align=\"center\"><strong>&nbsp;<\/strong>ks. J\u00f3zef Mucha<\/td><td>od Tomasza KLIMCZAKA z rodzin\u0105<\/td><\/tr><tr><td class=\"has-text-align-center\" data-align=\"center\">Opole<\/td><td class=\"has-text-align-center\" data-align=\"center\"><strong>&nbsp;<\/strong>ks. J\u00f3zef Mucha<\/td><td>od Marii i Stanis\u0142awa BIGOS z Moszczenicy<\/td><\/tr><tr><td class=\"has-text-align-center\" data-align=\"center\">Opole<\/td><td class=\"has-text-align-center\" data-align=\"center\"><strong>&nbsp;<\/strong>ks. J\u00f3zef Mucha<\/td><td>od rodziny RECZEK z Kl\u0119czan<\/td><\/tr><tr><td class=\"has-text-align-center\" data-align=\"center\">Opole<\/td><td class=\"has-text-align-center\" data-align=\"center\"><strong>&nbsp;<\/strong>ks. J\u00f3zef Mucha<\/td><td>od siostrze\u0144ca Marcina RECZEK z rodzin\u0105<\/td><\/tr><tr><td class=\"has-text-align-center\" data-align=\"center\">Opole<\/td><td class=\"has-text-align-center\" data-align=\"center\"><strong>&nbsp;<\/strong>ks. J\u00f3zef Mucha<\/td><td>od Magdaleny i Daniela SOKA\u0143SKICH z rodzin\u0105<\/td><\/tr><tr><td class=\"has-text-align-center\" data-align=\"center\">Opole<\/td><td class=\"has-text-align-center\" data-align=\"center\"><strong>&nbsp;<\/strong>ks. J\u00f3zef Mucha<\/td><td>od Anny i Jana SOKA\u0143SKICH z rodzin\u0105<\/td><\/tr><tr><td class=\"has-text-align-center\" data-align=\"center\">Opole<\/td><td class=\"has-text-align-center\" data-align=\"center\"><strong>&nbsp;<\/strong>ks. J\u00f3zef Mucha<\/td><td>od Wandy i Tadeusza SOKA\u0143SKICH z&nbsp; Biecza<\/td><\/tr><tr><td class=\"has-text-align-center\" data-align=\"center\">Opole<\/td><td class=\"has-text-align-center\" data-align=\"center\"><strong>&nbsp;<\/strong>ks. J\u00f3zef Mucha<\/td><td>od Anny i Arkadiusza WALENTA z rodzin\u0105 z Zawiercia<\/td><\/tr><tr><td class=\"has-text-align-center\" data-align=\"center\">Opole<\/td><td class=\"has-text-align-center\" data-align=\"center\"><strong>&nbsp;<\/strong>ks. J\u00f3zef Mucha<\/td><td>od siostrzenicy Marty z rodzin\u0105<\/td><\/tr><tr><td class=\"has-text-align-center\" data-align=\"center\">Opole<\/td><td class=\"has-text-align-center\" data-align=\"center\">ks. J\u00f3zef Mucha<strong>&nbsp;<\/strong><\/td><td>od siostry z Moszczenicy<\/td><\/tr><tr><td class=\"has-text-align-center\" data-align=\"center\">Opole<\/td><td class=\"has-text-align-center\" data-align=\"center\"><strong>&nbsp;<\/strong>ks. J\u00f3zef Mucha<\/td><td>od rodziny \u0141EBSKICH<\/td><\/tr><tr><td class=\"has-text-align-center\" data-align=\"center\">Opole<\/td><td class=\"has-text-align-center\" data-align=\"center\"><strong>&nbsp;<\/strong>ks. J\u00f3zef Mucha<\/td><td>od rodziny BRY\u0141\u00d3W z Moszczenicy<\/td><\/tr><tr><td class=\"has-text-align-center\" data-align=\"center\">Opole<\/td><td class=\"has-text-align-center\" data-align=\"center\"><strong>&nbsp;<\/strong>ks. J\u00f3zef Mucha<\/td><td>od siostry Jadwigi RECZEK z synem<\/td><\/tr><tr><td class=\"has-text-align-center\" data-align=\"center\">Opole<\/td><td class=\"has-text-align-center\" data-align=\"center\"><strong>&nbsp;<\/strong>ks. J\u00f3zef Mucha<\/td><td>od siostrzenicy Magdaleny LENARD z rodzin\u0105<\/td><\/tr><tr><td class=\"has-text-align-center\" data-align=\"center\">Opole<\/td><td class=\"has-text-align-center\" data-align=\"center\">ks. J\u00f3zef Mucha<strong>&nbsp;<\/strong><\/td><td>od chrze\u015bnicy Katarzyny z rodzin\u0105<\/td><\/tr><tr><td class=\"has-text-align-center\" data-align=\"center\">Opole<\/td><td class=\"has-text-align-center\" data-align=\"center\"><strong>&nbsp;<\/strong>ks. J\u00f3zef Mucha<\/td><td>od Justyny i Wojciecha NIEMIEC z dzie\u0107mi<\/td><\/tr><tr><td class=\"has-text-align-center\" data-align=\"center\">Opole<\/td><td class=\"has-text-align-center\" data-align=\"center\"><strong>&nbsp;<\/strong>ks. J\u00f3zef Mucha<\/td><td>od Ma\u0142gorzaty i Przemys\u0142awa HUDZIK z c\u00f3rkami<\/td><\/tr><tr><td class=\"has-text-align-center\" data-align=\"center\">Opole<\/td><td class=\"has-text-align-center\" data-align=\"center\"><strong>&nbsp;<\/strong>ks. J\u00f3zef Mucha<\/td><td>od Anny i Ryszarda DOMINIK z rodzin\u0105<\/td><\/tr><tr><td class=\"has-text-align-center\" data-align=\"center\">Opole<\/td><td class=\"has-text-align-center\" data-align=\"center\"><strong>&nbsp;<\/strong>ks. J\u00f3zef Mucha<\/td><td>od Barbary WI\u015aNIOWSKIEJ<\/td><\/tr><tr><td class=\"has-text-align-center\" data-align=\"center\">Opole<\/td><td class=\"has-text-align-center\" data-align=\"center\"><strong>&nbsp;<\/strong>ks. J\u00f3zef Mucha<\/td><td>od Renaty i Ryszarda R\u0118BILAS z synami<\/td><\/tr><tr><td class=\"has-text-align-center\" data-align=\"center\">Opole<\/td><td class=\"has-text-align-center\" data-align=\"center\"><strong>&nbsp;<\/strong>ks. J\u00f3zef Mucha<\/td><td>od uczestnik\u00f3w pogrzebu<\/td><\/tr><tr><td class=\"has-text-align-center\" data-align=\"center\">Opole<\/td><td class=\"has-text-align-center\" data-align=\"center\"><strong>&nbsp;<\/strong>ks. J\u00f3zef Mucha<\/td><td>od uczestnik\u00f3w pogrzebu<\/td><\/tr><tr><td class=\"has-text-align-center\" data-align=\"center\">Opole<\/td><td class=\"has-text-align-center\" data-align=\"center\"><strong>&nbsp;<\/strong>ks. J\u00f3zef Mucha<\/td><td>od uczestnik\u00f3w pogrzebu<\/td><\/tr><tr><td class=\"has-text-align-center\" data-align=\"center\">Opole<\/td><td class=\"has-text-align-center\" data-align=\"center\"><strong>&nbsp;<\/strong>ks. J\u00f3zef Mucha<\/td><td>od uczestnik\u00f3w pogrzebu<\/td><\/tr><tr><td class=\"has-text-align-center\" data-align=\"center\">Opole<\/td><td class=\"has-text-align-center\" data-align=\"center\"><strong>&nbsp;<\/strong>ks. J\u00f3zef Mucha<\/td><td>od uczestnik\u00f3w pogrzebu<\/td><\/tr><\/tbody><\/table><\/figure>\n","protected":false},"excerpt":{"rendered":"<p>2021\/30 pogrzeb: 19.07.2021 data godz. ofiarodawcy \/ intencja 23.07 2021 6.30 w 7 dzie\u0144 po \u015bmierci \u2013 od c\u00f3rki Lidii i Zbigniewa 15.08.2021 6.30 w 30 dzie\u0144 po \u015bmierci \u2013 od c\u00f3rki Lidii i Zbigniewa 04.11.2022 16.00 od cz\u0142onki\u0144 R\u00f3\u017cy Misyjnej \u015bw. Siostry Faustyny 03.03.2023 18.00 od c\u00f3rki Ma\u0142gorzaty z rodzin\u0105 z Kanady 06.03.2023 18.00&#8230;<\/p>\n","protected":false},"author":3,"featured_media":188,"comment_status":"closed","ping_status":"","sticky":false,"template":"","format":"standard","meta":{"footnotes":""},"categories":[6],"tags":[],"class_list":["post-1246","post","type-post","status-publish","format-standard","has-post-thumbnail","hentry","category-intencje_pogrzebowe"],"_links":{"self":[{"href":"https:\/\/bobolagorlice.pl\/index.php\/wp-json\/wp\/v2\/posts\/1246","targetHints":{"allow":["GET"]}}],"collection":[{"href":"https:\/\/bobolagorlice.pl\/index.php\/wp-json\/wp\/v2\/posts"}],"about":[{"href":"https:\/\/bobolagorlice.pl\/index.php\/wp-json\/wp\/v2\/types\/post"}],"author":[{"embeddable":true,"href":"https:\/\/bobolagorlice.pl\/index.php\/wp-json\/wp\/v2\/users\/3"}],"replies":[{"embeddable":true,"href":"https:\/\/bobolagorlice.pl\/index.php\/wp-json\/wp\/v2\/comments?post=1246"}],"version-history":[{"count":6,"href":"https:\/\/bobolagorlice.pl\/index.php\/wp-json\/wp\/v2\/posts\/1246\/revisions"}],"predecessor-version":[{"id":3186,"href":"https:\/\/bobolagorlice.pl\/index.php\/wp-json\/wp\/v2\/posts\/1246\/revisions\/3186"}],"wp:featuredmedia":[{"embeddable":true,"href":"https:\/\/bobolagorlice.pl\/index.php\/wp-json\/wp\/v2\/media\/188"}],"wp:attachment":[{"href":"https:\/\/bobolagorlice.pl\/index.php\/wp-json\/wp\/v2\/media?parent=1246"}],"wp:term":[{"taxonomy":"category","embeddable":true,"href":"https:\/\/bobolagorlice.pl\/index.php\/wp-json\/wp\/v2\/categories?post=1246"},{"taxonomy":"post_tag","embeddable":true,"href":"https:\/\/bobolagorlice.pl\/index.php\/wp-json\/wp\/v2\/tags?post=1246"}],"curies":[{"name":"wp","href":"https:\/\/api.w.org\/{rel}","templated":true}]}}