{"id":1296,"date":"2021-08-14T12:20:08","date_gmt":"2021-08-14T10:20:08","guid":{"rendered":"https:\/\/bobolagorlice.pl\/?p=1296"},"modified":"2022-01-17T14:18:19","modified_gmt":"2022-01-17T13:18:19","slug":"maria-boczon","status":"publish","type":"post","link":"https:\/\/bobolagorlice.pl\/index.php\/2021\/08\/14\/maria-boczon\/","title":{"rendered":"\u2020MARIA BOCZO\u0143"},"content":{"rendered":"\n<p>2021\/31 pogrzeb: 11.08.2021<\/p>\n\n\n\n<figure class=\"wp-block-table\"><table><tbody><tr><td class=\"has-text-align-center\" data-align=\"center\"><strong><em>data<\/em><\/strong><\/td><td class=\"has-text-align-center\" data-align=\"center\"><strong><em>godz.<\/em><\/strong><\/td><td><strong><em>ofiarodawcy \/ intencja<\/em><\/strong><\/td><\/tr><tr><td class=\"has-text-align-center\" data-align=\"center\"><strong>17.08 2021<\/strong><\/td><td class=\"has-text-align-center\" data-align=\"center\"><strong>19.00<\/strong><\/td><td>w <strong>7<\/strong> dzie\u0144 po \u015bmierci \u2013 <strong>od rodziny i przyjaci\u00f3\u0142<\/strong><\/td><\/tr><tr><td class=\"has-text-align-center\" data-align=\"center\"><strong>18.09.2021<\/strong><\/td><td class=\"has-text-align-center\" data-align=\"center\"><strong>18.00<\/strong><\/td><td>w <strong>30<\/strong> dzie\u0144 po \u015bmierci \u2013 <strong>od rodziny i przyjaci\u00f3\u0142<\/strong><\/td><\/tr><tr><td class=\"has-text-align-center\" data-align=\"center\"><strong>21.08.2021<\/strong><\/td><td class=\"has-text-align-center\" data-align=\"center\"><strong>6.30<\/strong><\/td><td>Z intencji chrze\u015bnicy Marii<\/td><\/tr><tr><td class=\"has-text-align-center\" data-align=\"center\"><strong>01.01.2022<\/strong><\/td><td class=\"has-text-align-center\" data-align=\"center\"><strong>8.00<\/strong><\/td><td>od Zygmunta BOCZO\u0143<\/td><\/tr><tr><td class=\"has-text-align-center\" data-align=\"center\"><strong>02.01.202<\/strong>2<\/td><td class=\"has-text-align-center\" data-align=\"center\"><strong>8.00<\/strong><\/td><td>od pracownik\u00f3w i mieszka\u0144c\u00f3w Domu Pomocy Spo\u0142ecznej w Gorlicach<\/td><\/tr><tr><td class=\"has-text-align-center\" data-align=\"center\"><strong>03.01.202<\/strong>2<\/td><td class=\"has-text-align-center\" data-align=\"center\"><strong>6.30<\/strong><\/td><td>od wnuka Ma\u0107ka z rodzin\u0105<\/td><\/tr><tr><td class=\"has-text-align-center\" data-align=\"center\"><strong>04.01.202<\/strong>2<\/td><td class=\"has-text-align-center\" data-align=\"center\"><strong>6.30<\/strong><\/td><td>od pracownik\u00f3w firmy \u201e<em>SEBA<\/em>\u201d<\/td><\/tr><tr><td class=\"has-text-align-center\" data-align=\"center\"><strong>05.01.202<\/strong>2<\/td><td class=\"has-text-align-center\" data-align=\"center\"><strong>6.30<\/strong><\/td><td>od Barbary i Grzegorza BARTUSIAK z rodzin\u0105<\/td><\/tr><tr><td class=\"has-text-align-center\" data-align=\"center\"><strong>06.01.202<\/strong>2<\/td><td class=\"has-text-align-center\" data-align=\"center\"><strong>8.00<\/strong><\/td><td>od chrze\u015bniaka Marka z rodzin\u0105<\/td><\/tr><tr><td class=\"has-text-align-center\" data-align=\"center\"><strong>07.01.2022<\/strong><\/td><td class=\"has-text-align-center\" data-align=\"center\"><strong>16.00<\/strong><\/td><td>od syna Stanis\u0142awa z rodzin\u0105<\/td><\/tr><tr><td class=\"has-text-align-center\" data-align=\"center\"><strong>08.01.2022<\/strong><\/td><td class=\"has-text-align-center\" data-align=\"center\"><strong>6.30<\/strong><\/td><td>od Anny i Stanis\u0142awa z rodzin\u0105<\/td><\/tr><tr><td class=\"has-text-align-center\" data-align=\"center\"><strong>09.01.2022<\/strong><\/td><td class=\"has-text-align-center\" data-align=\"center\"><strong>19.00<\/strong><\/td><td>od El\u017cbiety z rodzin\u0105<\/td><\/tr><tr><td class=\"has-text-align-center\" data-align=\"center\"><strong>10.01.2022<\/strong><\/td><td class=\"has-text-align-center\" data-align=\"center\"><strong>6.30<\/strong><\/td><td>z intencji przyjaci\u00f3\u0142 prawnuka Bart\u0142omieja<\/td><\/tr><tr><td class=\"has-text-align-center\" data-align=\"center\"><strong>11.01.2022<\/strong><\/td><td class=\"has-text-align-center\" data-align=\"center\"><strong>6.30<\/strong><\/td><td>od syna Stanis\u0142awa z rodzin\u0105<\/td><\/tr><tr><td class=\"has-text-align-center\" data-align=\"center\"><strong>12.01.2022<\/strong><\/td><td class=\"has-text-align-center\" data-align=\"center\"><strong>6.30\u00a0<\/strong><\/td><td>od uczestnik\u00f3w pogrzebu<\/td><\/tr><tr><td class=\"has-text-align-center\" data-align=\"center\"><strong>13.01.2022<\/strong><\/td><td class=\"has-text-align-center\" data-align=\"center\"><strong>6.30\u00a0<\/strong><\/td><td>od uczestnik\u00f3w pogrzebu<\/td><\/tr><tr><td class=\"has-text-align-center\" data-align=\"center\"><strong>14.01.2022<\/strong><\/td><td class=\"has-text-align-center\" data-align=\"center\"><strong>6.30\u00a0<\/strong><\/td><td>od uczestnik\u00f3w pogrzebu<\/td><\/tr><tr><td class=\"has-text-align-center\" data-align=\"center\"><strong>15.01.2022<\/strong><\/td><td class=\"has-text-align-center\" data-align=\"center\"><strong>6.30\u00a0<\/strong><\/td><td>od uczestnik\u00f3w pogrzebu<\/td><\/tr><tr><td class=\"has-text-align-center\" data-align=\"center\"><strong>16.01.2022<\/strong><\/td><td class=\"has-text-align-center\" data-align=\"center\"><strong>6.30\u00a0<\/strong><\/td><td>od uczestnik\u00f3w pogrzebu<\/td><\/tr><\/tbody><\/table><\/figure>\n","protected":false},"excerpt":{"rendered":"<p>2021\/31 pogrzeb: 11.08.2021 data godz. ofiarodawcy \/ intencja 17.08 2021 19.00 w 7 dzie\u0144 po \u015bmierci \u2013 od rodziny i przyjaci\u00f3\u0142 18.09.2021 18.00 w 30 dzie\u0144 po \u015bmierci \u2013 od rodziny i przyjaci\u00f3\u0142 21.08.2021 6.30 Z intencji chrze\u015bnicy Marii 01.01.2022 8.00 od Zygmunta BOCZO\u0143 02.01.2022 8.00 od pracownik\u00f3w i mieszka\u0144c\u00f3w Domu Pomocy Spo\u0142ecznej w Gorlicach&#8230;<\/p>\n","protected":false},"author":3,"featured_media":188,"comment_status":"closed","ping_status":"","sticky":false,"template":"","format":"standard","meta":{"footnotes":""},"categories":[6],"tags":[],"class_list":["post-1296","post","type-post","status-publish","format-standard","has-post-thumbnail","hentry","category-intencje_pogrzebowe"],"_links":{"self":[{"href":"https:\/\/bobolagorlice.pl\/index.php\/wp-json\/wp\/v2\/posts\/1296","targetHints":{"allow":["GET"]}}],"collection":[{"href":"https:\/\/bobolagorlice.pl\/index.php\/wp-json\/wp\/v2\/posts"}],"about":[{"href":"https:\/\/bobolagorlice.pl\/index.php\/wp-json\/wp\/v2\/types\/post"}],"author":[{"embeddable":true,"href":"https:\/\/bobolagorlice.pl\/index.php\/wp-json\/wp\/v2\/users\/3"}],"replies":[{"embeddable":true,"href":"https:\/\/bobolagorlice.pl\/index.php\/wp-json\/wp\/v2\/comments?post=1296"}],"version-history":[{"count":2,"href":"https:\/\/bobolagorlice.pl\/index.php\/wp-json\/wp\/v2\/posts\/1296\/revisions"}],"predecessor-version":[{"id":1845,"href":"https:\/\/bobolagorlice.pl\/index.php\/wp-json\/wp\/v2\/posts\/1296\/revisions\/1845"}],"wp:featuredmedia":[{"embeddable":true,"href":"https:\/\/bobolagorlice.pl\/index.php\/wp-json\/wp\/v2\/media\/188"}],"wp:attachment":[{"href":"https:\/\/bobolagorlice.pl\/index.php\/wp-json\/wp\/v2\/media?parent=1296"}],"wp:term":[{"taxonomy":"category","embeddable":true,"href":"https:\/\/bobolagorlice.pl\/index.php\/wp-json\/wp\/v2\/categories?post=1296"},{"taxonomy":"post_tag","embeddable":true,"href":"https:\/\/bobolagorlice.pl\/index.php\/wp-json\/wp\/v2\/tags?post=1296"}],"curies":[{"name":"wp","href":"https:\/\/api.w.org\/{rel}","templated":true}]}}