{"id":1318,"date":"2021-08-20T15:46:09","date_gmt":"2021-08-20T13:46:09","guid":{"rendered":"https:\/\/bobolagorlice.pl\/?p=1318"},"modified":"2023-03-22T12:29:10","modified_gmt":"2023-03-22T11:29:10","slug":"janina-korzen","status":"publish","type":"post","link":"https:\/\/bobolagorlice.pl\/index.php\/2021\/08\/20\/janina-korzen\/","title":{"rendered":"\u2020JANINA KORZE\u0143"},"content":{"rendered":"\n<p>2021\/32 pogrzeb: 20.08.2021<\/p>\n\n\n\n<figure class=\"wp-block-table aligncenter\"><table><tbody><tr><td class=\"has-text-align-center\" data-align=\"center\"><strong><em>data<\/em><\/strong><\/td><td class=\"has-text-align-center\" data-align=\"center\"><strong><em>godz.<\/em><\/strong><\/td><td><strong><em>ofiarodawcy \/ intencja<\/em><\/strong><\/td><\/tr><tr><td class=\"has-text-align-center\" data-align=\"center\"><strong>25.08 2021<\/strong><\/td><td class=\"has-text-align-center\" data-align=\"center\"><strong>19.00<\/strong><\/td><td>w <strong>7<\/strong> dzie\u0144 po \u015bmierci \u2013 <strong>od c\u00f3rki Ewy z rodzin\u0105<\/strong><\/td><\/tr><tr><td class=\"has-text-align-center\" data-align=\"center\"><strong>02.09.2021<\/strong><\/td><td class=\"has-text-align-center\" data-align=\"center\"><strong>18.00<\/strong><\/td><td><strong>Msza \u015bw. za zmar\u0142ych<\/strong>: <strong>++Janina, Teodor, Piotr <\/strong>KORZE\u0143<\/td><\/tr><tr><td class=\"has-text-align-center\" data-align=\"center\"><strong>17.09.2021<\/strong><\/td><td class=\"has-text-align-center\" data-align=\"center\"><strong>6.30<\/strong><\/td><td>w <strong>30<\/strong> dzie\u0144 po \u015bmierci \u2013 <strong>od c\u00f3rki Renaty<\/strong><\/td><\/tr><tr><td class=\"has-text-align-center\" data-align=\"center\">07.03.2023<\/td><td class=\"has-text-align-center\" data-align=\"center\">6.30<\/td><td>od wnuka Wojciecha<\/td><\/tr><tr><td class=\"has-text-align-center\" data-align=\"center\">08.03.2023<\/td><td class=\"has-text-align-center\" data-align=\"center\">18.00<\/td><td>od rodziny NOWAK<\/td><\/tr><tr><td class=\"has-text-align-center\" data-align=\"center\">09.03.2023<\/td><td class=\"has-text-align-center\" data-align=\"center\">6.30<\/td><td>od Aliny i J\u00f3zefa z rodzin\u0105<\/td><\/tr><tr><td class=\"has-text-align-center\" data-align=\"center\">10.03.2023<\/td><td class=\"has-text-align-center\" data-align=\"center\">6.30<\/td><td>od rodziny J\u0118DRUSIK\u00d3W z Kr\u00f3\u017clowej<\/td><\/tr><tr><td class=\"has-text-align-center\" data-align=\"center\">11.03.2023<\/td><td class=\"has-text-align-center\" data-align=\"center\">6.30<\/td><td>od s\u0105siad\u00f3w<\/td><\/tr><tr><td class=\"has-text-align-center\" data-align=\"center\">14.03.2023<\/td><td class=\"has-text-align-center\" data-align=\"center\">18.00<\/td><td>od Eugeniusza SMO\u0141Y z rodzin\u0105<\/td><\/tr><tr><td class=\"has-text-align-center\" data-align=\"center\">16.03.2023<\/td><td class=\"has-text-align-center\" data-align=\"center\">6.30<\/td><td>od brata z bratow\u0105 z Ropy<\/td><\/tr><tr><td class=\"has-text-align-center\" data-align=\"center\">19.03.2023<\/td><td class=\"has-text-align-center\" data-align=\"center\">8.00<\/td><td>od bratowej Stanis\u0142awy P\u0118KALA ze \u015aNIETNICY<\/td><\/tr><tr><td class=\"has-text-align-center\" data-align=\"center\">20.03.2023<\/td><td class=\"has-text-align-center\" data-align=\"center\">6.30<\/td><td>od kole\u017canek i koleg\u00f3w z pracy z Firmy \u201eANGELA\u201d<\/td><\/tr><tr><td class=\"has-text-align-center\" data-align=\"center\">18.03.2023<\/td><td class=\"has-text-align-center\" data-align=\"center\">9.00<\/td><td>od Marii i Adama KRZESZOWSKICH<\/td><\/tr><tr><td class=\"has-text-align-center\" data-align=\"center\">01.11.2021<\/td><td class=\"has-text-align-center\" data-align=\"center\"><strong>ks. Andrzej<\/strong> <br>(Rzesz\u00f3w)<\/td><td>od kole\u017canek i koleg\u00f3w z pracy z Firmy \u201eANGELA\u201d<\/td><\/tr><tr><td class=\"has-text-align-center\" data-align=\"center\">02.11.2021<\/td><td class=\"has-text-align-center\" data-align=\"center\"> <strong>ks. Andrzej<\/strong> <br>(Rzesz\u00f3w) <\/td><td>od Szefowej Firmy \u201eANGELA\u201d<\/td><\/tr><tr><td class=\"has-text-align-center\" data-align=\"center\">03.11.2021<\/td><td class=\"has-text-align-center\" data-align=\"center\"> <strong>ks. Andrzej<\/strong> <br>(Rzesz\u00f3w) <\/td><td>od Marii i Zygmunta P\u0118KALA ze \u015aNIETNICY<\/td><\/tr><tr><td class=\"has-text-align-center\" data-align=\"center\">04.11.2021<\/td><td class=\"has-text-align-center\" data-align=\"center\"> <strong>ks. Andrzej<\/strong> <br>(Rzesz\u00f3w) <\/td><td>od Miros\u0142awa RZEPIELI<\/td><\/tr><tr><td class=\"has-text-align-center\" data-align=\"center\">05.11.2021<\/td><td class=\"has-text-align-center\" data-align=\"center\"> <strong>ks. Andrzej<\/strong> <br>(Rzesz\u00f3w) <strong>&nbsp;<\/strong><\/td><td>od Krzysztofa RZEPIELI z rodzin\u0105<\/td><\/tr><tr><td class=\"has-text-align-center\" data-align=\"center\">06.11.2021<\/td><td class=\"has-text-align-center\" data-align=\"center\"><strong>&nbsp;<\/strong> <strong>ks. Andrzej<\/strong> <br>(Rzesz\u00f3w) <\/td><td>od rodziny JAWORSKICH<\/td><\/tr><tr><td class=\"has-text-align-center\" data-align=\"center\">07.11.2021<\/td><td class=\"has-text-align-center\" data-align=\"center\"> <strong>ks. Andrzej<\/strong> <br>(Rzesz\u00f3w) <strong>&nbsp;<\/strong><\/td><td>od chrze\u015bnicy Ma\u0142gorzaty KAPRL z rodzin\u0105<\/td><\/tr><tr><td class=\"has-text-align-center\" data-align=\"center\">08.11.2021<\/td><td class=\"has-text-align-center\" data-align=\"center\"><strong>&nbsp;<\/strong> <strong>ks. Andrzej<\/strong> <br>(Rzesz\u00f3w) <\/td><td>od \u0141ucji i Janusza KAPA\u0141KA<\/td><\/tr><tr><td class=\"has-text-align-center\" data-align=\"center\">09.11.2021<\/td><td class=\"has-text-align-center\" data-align=\"center\"> <strong>ks. Andrzej<\/strong> <br>(Rzesz\u00f3w) <strong>&nbsp;<\/strong><\/td><td>od Teresy BANIA<\/td><\/tr><tr><td class=\"has-text-align-center\" data-align=\"center\">10.11.2021<\/td><td class=\"has-text-align-center\" data-align=\"center\"> <strong>ks. Andrzej<\/strong> <br>(Rzesz\u00f3w) <strong>&nbsp;<\/strong><\/td><td>od Stefanii SYCHTA z rodzin\u0105<\/td><\/tr><tr><td class=\"has-text-align-center\" data-align=\"center\">11.11.2021<\/td><td class=\"has-text-align-center\" data-align=\"center\"> <strong>ks. Andrzej<\/strong> <br>(Rzesz\u00f3w) <strong>&nbsp;<\/strong><\/td><td>od siostrzenicy Ma\u0142gorzaty z rodzin\u0105 z MNIOWA<\/td><\/tr><tr><td class=\"has-text-align-center\" data-align=\"center\">12.11.2021<\/td><td class=\"has-text-align-center\" data-align=\"center\"><strong>&nbsp;<\/strong> <strong>ks. Andrzej<\/strong> <br>(Rzesz\u00f3w) <\/td><td>od siostrze\u0144ca Bogus\u0142awa z rodzin\u0105 z Ropy<\/td><\/tr><tr><td class=\"has-text-align-center\" data-align=\"center\">13.11.2021<\/td><td class=\"has-text-align-center\" data-align=\"center\"> <strong>ks. Andrzej<\/strong> <br>(Rzesz\u00f3w) <strong>&nbsp;<\/strong><\/td><td>od siostrze\u0144ca Grzegorza z rodzin\u0105 z Ropy<\/td><\/tr><tr><td class=\"has-text-align-center\" data-align=\"center\">14.11.2021<\/td><td class=\"has-text-align-center\" data-align=\"center\"> <strong>ks. Andrzej<\/strong> <br>(Rzesz\u00f3w) <strong>&nbsp;<\/strong><\/td><td>od Ma\u0142gorzaty CZOCH\u00d3R z m\u0119\u017cem<\/td><\/tr><tr><td class=\"has-text-align-center\" data-align=\"center\">15.11.2021<\/td><td class=\"has-text-align-center\" data-align=\"center\"><strong>&nbsp;<\/strong> <strong>ks. Andrzej<\/strong> <br>(Rzesz\u00f3w) <\/td><td>od Haliny MAJEWSKIEJ z rodzin\u0105 z Ro\u017cnowic<\/td><\/tr><tr><td class=\"has-text-align-center\" data-align=\"center\">16.11.2021<\/td><td class=\"has-text-align-center\" data-align=\"center\"><strong>&nbsp;<\/strong> <strong>ks. Andrzej<\/strong> <br>(Rzesz\u00f3w) <\/td><td>od kole\u017canki Alfredy PATLA z rodzin\u0105 z Ro\u017cnowic<\/td><\/tr><tr><td class=\"has-text-align-center\" data-align=\"center\">17.11.2021<\/td><td class=\"has-text-align-center\" data-align=\"center\"><strong>&nbsp;<\/strong> <strong>ks. Andrzej<\/strong> <br>(Rzesz\u00f3w) <\/td><td>od siostrze\u0144ca Piotra rodzin\u0105<\/td><\/tr><tr><td class=\"has-text-align-center\" data-align=\"center\">18.11.2021<\/td><td class=\"has-text-align-center\" data-align=\"center\"><strong>&nbsp;<\/strong> <strong>ks. Andrzej<\/strong> <br>(Rzesz\u00f3w) <\/td><td>od siostrzenicy Iwony z rodzin\u0105<\/td><\/tr><tr><td class=\"has-text-align-center\" data-align=\"center\">19.11.2021<\/td><td class=\"has-text-align-center\" data-align=\"center\"><strong>&nbsp;<\/strong> <strong>ks. Andrzej<\/strong> <br>(Rzesz\u00f3w) <\/td><td>od siostrzenicy Stanis\u0142awy z rodzin\u0105<\/td><\/tr><tr><td class=\"has-text-align-center\" data-align=\"center\">20.11.2021<\/td><td class=\"has-text-align-center\" data-align=\"center\"><strong>&nbsp;<\/strong> <strong>ks. Andrzej<\/strong> <br>(Rzesz\u00f3w) <\/td><td>od SALAMON\u00d3W z rodzin\u0105<\/td><\/tr><tr><td class=\"has-text-align-center\" data-align=\"center\">21.11.2021<\/td><td class=\"has-text-align-center\" data-align=\"center\"><strong>&nbsp;<\/strong> <strong>ks. Andrzej<\/strong> <br>(Rzesz\u00f3w) <\/td><td>od chrze\u015bniaka Jurka z rodzin\u0105<\/td><\/tr><tr><td class=\"has-text-align-center\" data-align=\"center\">22.11.2021<\/td><td class=\"has-text-align-center\" data-align=\"center\"><strong>&nbsp;<\/strong> <strong>ks. Andrzej<\/strong> <br>(Rzesz\u00f3w) <\/td><td>od Eugeniusza SMO\u0141Y z rodzin\u0105<\/td><\/tr><tr><td class=\"has-text-align-center\" data-align=\"center\">23.11.2021<\/td><td class=\"has-text-align-center\" data-align=\"center\"> <strong>ks. Andrzej<\/strong> <br>(Rzesz\u00f3w) <strong>&nbsp;<\/strong><\/td><td>od chrze\u015bniaka Jana z rodzin\u0105<\/td><\/tr><tr><td class=\"has-text-align-center\" data-align=\"center\"> <strong>poza parafi\u0105<\/strong> <\/td><td class=\"has-text-align-center\" data-align=\"center\"><strong>&nbsp;<\/strong> <strong>ks. Andrzej<\/strong> <br>(Rzesz\u00f3w) <\/td><td>od chrze\u015bniaka Jana z rodzin\u0105<\/td><\/tr><tr><td class=\"has-text-align-center\" data-align=\"center\">24.11.2021<\/td><td class=\"has-text-align-center\" data-align=\"center\"> <strong>ks. Andrzej<\/strong> <br>(Rzesz\u00f3w) <strong>&nbsp;<\/strong><\/td><td>od rodziny BERDYCHOWSKICH<\/td><\/tr><tr><td class=\"has-text-align-center\" data-align=\"center\"><strong>poza parafi\u0105<\/strong><\/td><td class=\"has-text-align-center\" data-align=\"center\"><strong>&nbsp;<\/strong> <strong>ks. Andrzej<\/strong> <br>(Rzesz\u00f3w) <\/td><td>od Anny WAZ z c\u00f3rkami ze STASZK\u00d3WKI<\/td><\/tr><tr><td class=\"has-text-align-center\" data-align=\"center\"><strong>poza parafi\u0105<\/strong><\/td><td class=\"has-text-align-center\" data-align=\"center\"><strong>&nbsp;<\/strong> <strong>ks. Andrzej<\/strong> <br>(Rzesz\u00f3w) <\/td><td>od pracownik\u00f3w Firmy \u201eDEMETER\u201d<\/td><\/tr><tr><td class=\"has-text-align-center\" data-align=\"center\"><strong>poza parafi\u0105<\/strong><\/td><td class=\"has-text-align-center\" data-align=\"center\"> <strong>ks. Andrzej<\/strong> <br>(Rzesz\u00f3w) <strong>&nbsp;<\/strong><\/td><td>od w\u0142a\u015bcicieli Firmy \u201eDEMETER\u201d<\/td><\/tr><tr><td class=\"has-text-align-center\" data-align=\"center\"><strong>poza parafi\u0105<\/strong><\/td><td class=\"has-text-align-center\" data-align=\"center\"> <strong>ks. Andrzej<\/strong> <br>(Rzesz\u00f3w) <strong>&nbsp;<\/strong><\/td><td>od Kazimierza SMO\u0141A z rodzin\u0105 z WAWRZKI<\/td><\/tr><tr><td class=\"has-text-align-center\" data-align=\"center\"><strong>poza parafi\u0105<\/strong><\/td><td class=\"has-text-align-center\" data-align=\"center\"> <strong>ks. Andrzej<\/strong> <br>(Rzesz\u00f3w) <strong>&nbsp;<\/strong><\/td><td>od Kazimierza SMO\u0141A z rodzin\u0105 z WAWRZKI<\/td><\/tr><tr><td class=\"has-text-align-center\" data-align=\"center\"><strong>poza parafi\u0105<\/strong><\/td><td class=\"has-text-align-center\" data-align=\"center\"><strong>&nbsp;<\/strong> <strong>ks. Andrzej<\/strong> <br>(Rzesz\u00f3w) <\/td><td>od Mariana i Katarzyny SMO\u0141A z rodzin\u0105<\/td><\/tr><tr><td class=\"has-text-align-center\" data-align=\"center\"><strong>poza parafi\u0105<\/strong><\/td><td class=\"has-text-align-center\" data-align=\"center\"><strong>&nbsp;<\/strong> <strong>ks. Andrzej<\/strong> <br>(Rzesz\u00f3w) <\/td><td>od Renaty i Wies\u0142awa MUCHA<\/td><\/tr><tr><td class=\"has-text-align-center\" data-align=\"center\"><strong>poza parafi\u0105<\/strong><\/td><td class=\"has-text-align-center\" data-align=\"center\"><strong>&nbsp;<\/strong> <strong>ks. Andrzej<\/strong> <br>(Rzesz\u00f3w) <\/td><td>od J\u00f3zefa SMO\u0141Y z BRUNAR<\/td><\/tr><tr><td class=\"has-text-align-center\" data-align=\"center\"><strong>poza parafi\u0105<\/strong><\/td><td class=\"has-text-align-center\" data-align=\"center\"><strong>&nbsp;<\/strong> <strong>ks. Andrzej<\/strong> <br>(Rzesz\u00f3w) <\/td><td>od Ryszarda PISZCZEK z rodzin\u0105 z S\u0118KOWEJ<\/td><\/tr><tr><td class=\"has-text-align-center\" data-align=\"center\">26.11.2021<\/td><td class=\"has-text-align-center\" data-align=\"center\"><strong>&nbsp;<\/strong> <strong>ks. Andrzej<\/strong> <br>(Rzesz\u00f3w) <\/td><td>od uczestnik\u00f3w pogrzebu<\/td><\/tr><tr><td class=\"has-text-align-center\" data-align=\"center\">27.11.2021<\/td><td class=\"has-text-align-center\" data-align=\"center\"><strong>&nbsp;<\/strong> <strong>ks. Andrzej<\/strong> <br>(Rzesz\u00f3w) <\/td><td>od uczestnik\u00f3w pogrzebu<\/td><\/tr><tr><td class=\"has-text-align-center\" data-align=\"center\">28.11.2021<\/td><td class=\"has-text-align-center\" data-align=\"center\"> <strong>ks. Andrzej<\/strong> <br>(Rzesz\u00f3w) <strong>&nbsp;<\/strong><\/td><td>od uczestnik\u00f3w pogrzebu<\/td><\/tr><tr><td class=\"has-text-align-center\" data-align=\"center\">29.11.2021<\/td><td class=\"has-text-align-center\" data-align=\"center\"> <strong>ks. Andrzej<\/strong> <br>(Rzesz\u00f3w) <strong>&nbsp;<\/strong><\/td><td>od uczestnik\u00f3w pogrzebu<\/td><\/tr><tr><td class=\"has-text-align-center\" data-align=\"center\">30.11.2021<\/td><td class=\"has-text-align-center\" data-align=\"center\"><strong>&nbsp;<\/strong> <strong>ks. Andrzej<\/strong> <br>(Rzesz\u00f3w) <\/td><td>od uczestnik\u00f3w pogrzebu<\/td><\/tr><\/tbody><\/table><\/figure>\n","protected":false},"excerpt":{"rendered":"<p>2021\/32 pogrzeb: 20.08.2021 data godz. ofiarodawcy \/ intencja 25.08 2021 19.00 w 7 dzie\u0144 po \u015bmierci \u2013 od c\u00f3rki Ewy z rodzin\u0105 02.09.2021 18.00 Msza \u015bw. za zmar\u0142ych: ++Janina, Teodor, Piotr KORZE\u0143 17.09.2021 6.30 w 30 dzie\u0144 po \u015bmierci \u2013 od c\u00f3rki Renaty 07.03.2023 6.30 od wnuka Wojciecha 08.03.2023 18.00 od rodziny NOWAK 09.03.2023 6.30&#8230;<\/p>\n","protected":false},"author":3,"featured_media":188,"comment_status":"closed","ping_status":"","sticky":false,"template":"","format":"standard","meta":{"footnotes":""},"categories":[6],"tags":[],"class_list":["post-1318","post","type-post","status-publish","format-standard","has-post-thumbnail","hentry","category-intencje_pogrzebowe"],"_links":{"self":[{"href":"https:\/\/bobolagorlice.pl\/index.php\/wp-json\/wp\/v2\/posts\/1318","targetHints":{"allow":["GET"]}}],"collection":[{"href":"https:\/\/bobolagorlice.pl\/index.php\/wp-json\/wp\/v2\/posts"}],"about":[{"href":"https:\/\/bobolagorlice.pl\/index.php\/wp-json\/wp\/v2\/types\/post"}],"author":[{"embeddable":true,"href":"https:\/\/bobolagorlice.pl\/index.php\/wp-json\/wp\/v2\/users\/3"}],"replies":[{"embeddable":true,"href":"https:\/\/bobolagorlice.pl\/index.php\/wp-json\/wp\/v2\/comments?post=1318"}],"version-history":[{"count":7,"href":"https:\/\/bobolagorlice.pl\/index.php\/wp-json\/wp\/v2\/posts\/1318\/revisions"}],"predecessor-version":[{"id":3311,"href":"https:\/\/bobolagorlice.pl\/index.php\/wp-json\/wp\/v2\/posts\/1318\/revisions\/3311"}],"wp:featuredmedia":[{"embeddable":true,"href":"https:\/\/bobolagorlice.pl\/index.php\/wp-json\/wp\/v2\/media\/188"}],"wp:attachment":[{"href":"https:\/\/bobolagorlice.pl\/index.php\/wp-json\/wp\/v2\/media?parent=1318"}],"wp:term":[{"taxonomy":"category","embeddable":true,"href":"https:\/\/bobolagorlice.pl\/index.php\/wp-json\/wp\/v2\/categories?post=1318"},{"taxonomy":"post_tag","embeddable":true,"href":"https:\/\/bobolagorlice.pl\/index.php\/wp-json\/wp\/v2\/tags?post=1318"}],"curies":[{"name":"wp","href":"https:\/\/api.w.org\/{rel}","templated":true}]}}