{"id":1357,"date":"2021-09-03T20:31:15","date_gmt":"2021-09-03T18:31:15","guid":{"rendered":"https:\/\/bobolagorlice.pl\/?p=1357"},"modified":"2023-03-22T12:27:35","modified_gmt":"2023-03-22T11:27:35","slug":"piotr-piecuch","status":"publish","type":"post","link":"https:\/\/bobolagorlice.pl\/index.php\/2021\/09\/03\/piotr-piecuch\/","title":{"rendered":"\u2020PIOTR PIECUCH"},"content":{"rendered":"\n<p>2021\/33 pogrzeb: 03.09.2021<\/p>\n\n\n\n<figure class=\"wp-block-table\"><table><tbody><tr><td class=\"has-text-align-center\" data-align=\"center\"><strong><em>data<\/em><\/strong><\/td><td class=\"has-text-align-center\" data-align=\"center\"><strong><em>godz.<\/em><\/strong><\/td><td><strong><em>ofiarodawcy \/ intencja<\/em><\/strong><\/td><\/tr><tr><td class=\"has-text-align-center\" data-align=\"center\"><strong>08.09.2021<\/strong><\/td><td class=\"has-text-align-center\" data-align=\"center\"><strong>6.30<\/strong><\/td><td>w <strong>7<\/strong> dzie\u0144 po \u015bmierci \u2013 <strong>od <\/strong><strong>syna Bogus\u0142awa z rodzin\u0105<\/strong><\/td><\/tr><tr><td class=\"has-text-align-center\" data-align=\"center\"><strong>01.10.2021<\/strong><\/td><td class=\"has-text-align-center\" data-align=\"center\"><strong>6.30<\/strong><\/td><td>w <strong>30<\/strong> dzie\u0144 po \u015bmierci &#8211; <strong>od syna Bogus\u0142awa z rodzin\u0105<\/strong><\/td><\/tr><tr><td class=\"has-text-align-center\" data-align=\"center\">13.03.2023<\/td><td class=\"has-text-align-center\" data-align=\"center\">6.30<\/td><td>od Beaty TUREK z Krakowa z rodzin\u0105<\/td><\/tr><tr><td class=\"has-text-align-center\" data-align=\"center\">10.03.2023<\/td><td class=\"has-text-align-center\" data-align=\"center\">6.30<\/td><td>od c\u00f3rki Agaty z Marcinem<\/td><\/tr><tr><td class=\"has-text-align-center\" data-align=\"center\">11.03.2023<\/td><td class=\"has-text-align-center\" data-align=\"center\">6.30<\/td><td>od c\u00f3rki Joli i wnuczki Kingi<\/td><\/tr><tr><td class=\"has-text-align-center\" data-align=\"center\">23.03.2023<\/td><td class=\"has-text-align-center\" data-align=\"center\">6.30<\/td><td>od wnuka Paw\u0142a z rodzin\u0105<\/td><\/tr><tr><td class=\"has-text-align-center\" data-align=\"center\">15.03.2023<\/td><td class=\"has-text-align-center\" data-align=\"center\">6.30<\/td><td>od Roberta i wnuczki Justyny<\/td><\/tr><tr><td class=\"has-text-align-center\" data-align=\"center\">16.03.2023<\/td><td class=\"has-text-align-center\" data-align=\"center\">6.30<\/td><td>od bratowej Zofii PIECUCH<\/td><\/tr><tr><td class=\"has-text-align-center\" data-align=\"center\">20.03.2023<\/td><td class=\"has-text-align-center\" data-align=\"center\">6.30<\/td><td>od siostry El\u017cbiety \u015aWIDER z Krakowa<\/td><\/tr><tr><td class=\"has-text-align-center\" data-align=\"center\">21.03.2023<\/td><td class=\"has-text-align-center\" data-align=\"center\">6.30<\/td><td>od siostry Ireny TARSA<\/td><\/tr><tr><td class=\"has-text-align-center\" data-align=\"center\">19.03.2023<\/td><td class=\"has-text-align-center\" data-align=\"center\">16.45<\/td><td>od koleg\u00f3w z zak\u0142adu \u201eKU\u0179NIA GLINIK\u201d<\/td><\/tr><tr><td class=\"has-text-align-center\" data-align=\"center\">22.03.2023<\/td><td class=\"has-text-align-center\" data-align=\"center\">6.30<\/td><td>od rodziny RUSNARCZYK\u00d3W i szwagra GONDKA<\/td><\/tr><tr><td class=\"has-text-align-center\" data-align=\"center\"><strong>poza parafi\u0105<\/strong><\/td><td class=\"has-text-align-center\" data-align=\"center\"><strong>&nbsp;<\/strong>ks. Kapelan Andrzej Kluz<\/td><td>od swat\u00f3w z Moszczenicy<\/td><\/tr><tr><td class=\"has-text-align-center\" data-align=\"center\"><strong>poza parafi\u0105<\/strong><\/td><td class=\"has-text-align-center\" data-align=\"center\"><strong>&nbsp;<\/strong>ks. Kapelan Andrzej Kluz<\/td><td>z intencji dyrektora i pracownik\u00f3w \u017b\u0142obka Miejskiego i Miejskiego Przedszkola nr 1 w Gorlicach<\/td><\/tr><tr><td class=\"has-text-align-center\" data-align=\"center\"><strong>poza parafi\u0105<\/strong><\/td><td class=\"has-text-align-center\" data-align=\"center\">ks. Kapelan Andrzej Kluz<strong>&nbsp;<\/strong><\/td><td>z intencji dyrektora i pracownik\u00f3w \u017b\u0142obka Miejskiego i Miejskiego Przedszkola nr 1 w Gorlicach<\/td><\/tr><tr><td class=\"has-text-align-center\" data-align=\"center\"><strong>poza parafi\u0105<\/strong><\/td><td class=\"has-text-align-center\" data-align=\"center\">ks. Kapelan Andrzej Kluz<strong>&nbsp;<\/strong><\/td><td>od koleg\u00f3w z zak\u0142adu \u201eKU\u0179NIA GLINIK\u201d<\/td><\/tr><tr><td class=\"has-text-align-center\" data-align=\"center\"><strong>poza parafi\u0105<\/strong><\/td><td class=\"has-text-align-center\" data-align=\"center\">ks. Kapelan Andrzej Kluz<strong>&nbsp;<\/strong><\/td><td>od koleg\u00f3w z zak\u0142adu \u201eKU\u0179NIA GLINIK\u201d<\/td><\/tr><tr><td class=\"has-text-align-center\" data-align=\"center\"><strong>poza parafi\u0105<\/strong><\/td><td class=\"has-text-align-center\" data-align=\"center\"><strong>&nbsp;<\/strong>ks. Kapelan Andrzej Kluz<\/td><td>od chrze\u015bnicy Renaty z rodzin\u0105<\/td><\/tr><tr><td class=\"has-text-align-center\" data-align=\"center\"><strong>poza parafi\u0105<\/strong><\/td><td class=\"has-text-align-center\" data-align=\"center\"><strong>&nbsp;<\/strong>ks. Kapelan Andrzej Kluz<\/td><td>od Boles\u0142awa z rodzin\u0105<\/td><\/tr><tr><td class=\"has-text-align-center\" data-align=\"center\"><strong>poza parafi\u0105<\/strong><\/td><td class=\"has-text-align-center\" data-align=\"center\"><strong>&nbsp;<\/strong>ks. Kapelan Andrzej Kluz<\/td><td>od Barbary i Marka BURKOT z rodzin\u0105<\/td><\/tr><tr><td class=\"has-text-align-center\" data-align=\"center\"><strong>poza parafi\u0105<\/strong><\/td><td class=\"has-text-align-center\" data-align=\"center\">ks. Kapelan Andrzej Kluz<strong>&nbsp;<\/strong><\/td><td>od Leokadii i Wies\u0142awa Z\u0104BIK z rodzin\u0105<\/td><\/tr><tr><td class=\"has-text-align-center\" data-align=\"center\"><strong>poza parafi\u0105<\/strong><\/td><td class=\"has-text-align-center\" data-align=\"center\"><strong>&nbsp;<\/strong>ks. Kapelan Andrzej Kluz<\/td><td>od Haliny i Adama G\u0104SIOR<\/td><\/tr><tr><td class=\"has-text-align-center\" data-align=\"center\"><strong>poza parafi\u0105<\/strong><\/td><td class=\"has-text-align-center\" data-align=\"center\"><strong>&nbsp;<\/strong>ks. Kapelan Andrzej Kluz<\/td><td>od Danuty i Henryka GRYGOWICZ<\/td><\/tr><tr><td class=\"has-text-align-center\" data-align=\"center\"><strong>poza parafi\u0105<\/strong><\/td><td class=\"has-text-align-center\" data-align=\"center\">ks. Kapelan Andrzej Kluz<strong>&nbsp;<\/strong><\/td><td>od Mariusza PIECUCHA<\/td><\/tr><tr><td class=\"has-text-align-center\" data-align=\"center\"><strong>poza parafi\u0105<\/strong><\/td><td class=\"has-text-align-center\" data-align=\"center\"><strong>&nbsp;<\/strong>ks. Kapelan Andrzej Kluz<\/td><td>od rodziny Wies\u0142awy i Andrzeja MIARECKICH<\/td><\/tr><tr><td class=\"has-text-align-center\" data-align=\"center\"><strong>poza parafi\u0105<\/strong><\/td><td class=\"has-text-align-center\" data-align=\"center\"><strong>&nbsp;<\/strong>ks. Kapelan Andrzej Kluz<\/td><td>od Basi ZIELI\u0143SKIEJ i Lucyny STEC z rodzinami<\/td><\/tr><tr><td class=\"has-text-align-center\" data-align=\"center\"><strong>poza parafi\u0105<\/strong><\/td><td class=\"has-text-align-center\" data-align=\"center\">ks. Kapelan Andrzej Kluz<strong>&nbsp;<\/strong><\/td><td>od rodziny BURKOT\u00d3W z Moszczenicy<\/td><\/tr><tr><td class=\"has-text-align-center\" data-align=\"center\"><strong>poza parafi\u0105<\/strong><\/td><td class=\"has-text-align-center\" data-align=\"center\">ks. Kapelan Andrzej Kluz<strong>&nbsp;<\/strong><\/td><td>od Jadwigi G\u0104SIOR<\/td><\/tr><tr><td class=\"has-text-align-center\" data-align=\"center\"><strong>poza parafi\u0105<\/strong><\/td><td class=\"has-text-align-center\" data-align=\"center\">ks. Kapelan Andrzej Kluz<strong>&nbsp;<\/strong><\/td><td>od Wies\u0142awa i Jolanty PIECUCH<\/td><\/tr><tr><td class=\"has-text-align-center\" data-align=\"center\"><strong>poza parafi\u0105<\/strong><\/td><td class=\"has-text-align-center\" data-align=\"center\"><strong>&nbsp;<\/strong>ks. Kapelan Andrzej Kluz<\/td><td>od Lucyny BRZOZOWSKIEJ<\/td><\/tr><tr><td class=\"has-text-align-center\" data-align=\"center\">Opole<\/td><td class=\"has-text-align-center\" data-align=\"center\">ks. J\u00f3zef Mucha<strong>&nbsp;<\/strong><\/td><td>od rodziny PI\u0104TK\u00d3W, MAKOWSKICH i KUTYB\u00d3W<\/td><\/tr><tr><td class=\"has-text-align-center\" data-align=\"center\">Opole<\/td><td class=\"has-text-align-center\" data-align=\"center\"><strong>&nbsp;<\/strong>ks. J\u00f3zef Mucha<\/td><td>od Julii i Arkadiusza BURKOT<\/td><\/tr><tr><td class=\"has-text-align-center\" data-align=\"center\">Opole<\/td><td class=\"has-text-align-center\" data-align=\"center\">ks. J\u00f3zef Mucha<strong>&nbsp;<\/strong><\/td><td>od Barbary i Andrzeja BURKOT<\/td><\/tr><tr><td class=\"has-text-align-center\" data-align=\"center\">Opole<\/td><td class=\"has-text-align-center\" data-align=\"center\">ks. J\u00f3zef Mucha<strong>&nbsp;<\/strong><\/td><td>od J\u00f3zefy i Jana PIECUCH<\/td><\/tr><tr><td class=\"has-text-align-center\" data-align=\"center\">Opole<\/td><td class=\"has-text-align-center\" data-align=\"center\">ks. J\u00f3zef Mucha<strong>&nbsp;<\/strong><\/td><td>od rodziny GONDK\u00d3W<\/td><\/tr><tr><td class=\"has-text-align-center\" data-align=\"center\">Opole<\/td><td class=\"has-text-align-center\" data-align=\"center\">ks. J\u00f3zef Mucha<strong>&nbsp;<\/strong><\/td><td>od Urszuli i S\u0142awomira PIECUCH z rodzin\u0105<\/td><\/tr><tr><td class=\"has-text-align-center\" data-align=\"center\">Opole<\/td><td class=\"has-text-align-center\" data-align=\"center\"><strong>&nbsp;<\/strong>ks. J\u00f3zef Mucha<\/td><td>od Aleksandry i Miros\u0142awa SZYMCZYK z dzie\u0107mi z Bystrej<\/td><\/tr><tr><td class=\"has-text-align-center\" data-align=\"center\">Opole<\/td><td class=\"has-text-align-center\" data-align=\"center\"><strong>&nbsp;<\/strong>ks. J\u00f3zef Mucha<\/td><td>od Andrzeja PIECUCH z rodzin\u0105<\/td><\/tr><tr><td class=\"has-text-align-center\" data-align=\"center\">Opole<\/td><td class=\"has-text-align-center\" data-align=\"center\"><strong>&nbsp;<\/strong>ks. J\u00f3zef Mucha<\/td><td>od brata Eugeniusza z \u017con\u0105 Iren\u0105<\/td><\/tr><tr><td class=\"has-text-align-center\" data-align=\"center\">Opole<\/td><td class=\"has-text-align-center\" data-align=\"center\"><strong>&nbsp;<\/strong>ks. J\u00f3zef Mucha<\/td><td>od uczestnik\u00f3w pogrzebu<\/td><\/tr><tr><td class=\"has-text-align-center\" data-align=\"center\">Opole<\/td><td class=\"has-text-align-center\" data-align=\"center\"><strong>&nbsp;<\/strong>ks. J\u00f3zef Mucha<\/td><td>od uczestnik\u00f3w pogrzebu<\/td><\/tr><tr><td class=\"has-text-align-center\" data-align=\"center\">Opole<\/td><td class=\"has-text-align-center\" data-align=\"center\"><strong>&nbsp;<\/strong>ks. J\u00f3zef Mucha<\/td><td>od uczestnik\u00f3w pogrzebu<\/td><\/tr><\/tbody><\/table><\/figure>\n","protected":false},"excerpt":{"rendered":"<p>2021\/33 pogrzeb: 03.09.2021 data godz. ofiarodawcy \/ intencja 08.09.2021 6.30 w 7 dzie\u0144 po \u015bmierci \u2013 od syna Bogus\u0142awa z rodzin\u0105 01.10.2021 6.30 w 30 dzie\u0144 po \u015bmierci &#8211; od syna Bogus\u0142awa z rodzin\u0105 13.03.2023 6.30 od Beaty TUREK z Krakowa z rodzin\u0105 10.03.2023 6.30 od c\u00f3rki Agaty z Marcinem 11.03.2023 6.30 od c\u00f3rki Joli&#8230;<\/p>\n","protected":false},"author":3,"featured_media":188,"comment_status":"closed","ping_status":"","sticky":false,"template":"","format":"standard","meta":{"footnotes":""},"categories":[6],"tags":[],"class_list":["post-1357","post","type-post","status-publish","format-standard","has-post-thumbnail","hentry","category-intencje_pogrzebowe"],"_links":{"self":[{"href":"https:\/\/bobolagorlice.pl\/index.php\/wp-json\/wp\/v2\/posts\/1357","targetHints":{"allow":["GET"]}}],"collection":[{"href":"https:\/\/bobolagorlice.pl\/index.php\/wp-json\/wp\/v2\/posts"}],"about":[{"href":"https:\/\/bobolagorlice.pl\/index.php\/wp-json\/wp\/v2\/types\/post"}],"author":[{"embeddable":true,"href":"https:\/\/bobolagorlice.pl\/index.php\/wp-json\/wp\/v2\/users\/3"}],"replies":[{"embeddable":true,"href":"https:\/\/bobolagorlice.pl\/index.php\/wp-json\/wp\/v2\/comments?post=1357"}],"version-history":[{"count":9,"href":"https:\/\/bobolagorlice.pl\/index.php\/wp-json\/wp\/v2\/posts\/1357\/revisions"}],"predecessor-version":[{"id":3309,"href":"https:\/\/bobolagorlice.pl\/index.php\/wp-json\/wp\/v2\/posts\/1357\/revisions\/3309"}],"wp:featuredmedia":[{"embeddable":true,"href":"https:\/\/bobolagorlice.pl\/index.php\/wp-json\/wp\/v2\/media\/188"}],"wp:attachment":[{"href":"https:\/\/bobolagorlice.pl\/index.php\/wp-json\/wp\/v2\/media?parent=1357"}],"wp:term":[{"taxonomy":"category","embeddable":true,"href":"https:\/\/bobolagorlice.pl\/index.php\/wp-json\/wp\/v2\/categories?post=1357"},{"taxonomy":"post_tag","embeddable":true,"href":"https:\/\/bobolagorlice.pl\/index.php\/wp-json\/wp\/v2\/tags?post=1357"}],"curies":[{"name":"wp","href":"https:\/\/api.w.org\/{rel}","templated":true}]}}