{"id":1444,"date":"2021-10-06T16:42:30","date_gmt":"2021-10-06T14:42:30","guid":{"rendered":"https:\/\/bobolagorlice.pl\/?p=1444"},"modified":"2023-03-22T12:41:34","modified_gmt":"2023-03-22T11:41:34","slug":"maria-lakota","status":"publish","type":"post","link":"https:\/\/bobolagorlice.pl\/index.php\/2021\/10\/06\/maria-lakota\/","title":{"rendered":"\u2020MARIA LAKOTA"},"content":{"rendered":"\n<p>2021\/35 pogrzeb: 05.10.2021<\/p>\n\n\n\n<figure class=\"wp-block-table\"><table><tbody><tr><td class=\"has-text-align-center\" data-align=\"center\"><strong><em>data<\/em><\/strong><\/td><td class=\"has-text-align-center\" data-align=\"center\"><strong><em>godz.<\/em><\/strong><\/td><td><strong><em>ofiarodawcy \/ intencja<\/em><\/strong><\/td><\/tr><tr><td class=\"has-text-align-center\" data-align=\"center\">15.03.2023<\/td><td class=\"has-text-align-center\" data-align=\"center\">6.30<\/td><td>od c\u00f3rki Krystyny z rodzin\u0105<\/td><\/tr><tr><td class=\"has-text-align-center\" data-align=\"center\">16.03.2023<\/td><td class=\"has-text-align-center\" data-align=\"center\">6.30<\/td><td>od wnuczki Bogus\u0142awy z rodzin\u0105<\/td><\/tr><tr><td class=\"has-text-align-center\" data-align=\"center\">24.03.2023<\/td><td class=\"has-text-align-center\" data-align=\"center\">6.30<\/td><td>od wnuczki Agnieszki z m\u0119\u017cem<\/td><\/tr><tr><td class=\"has-text-align-center\" data-align=\"center\">25.03.2023<\/td><td class=\"has-text-align-center\" data-align=\"center\">6.30<\/td><td>od wnuka Adama z rodzin\u0105<\/td><\/tr><tr><td class=\"has-text-align-center\" data-align=\"center\">27.03.2023<\/td><td class=\"has-text-align-center\" data-align=\"center\">18.00<\/td><td>od Marii i Jana GRZESZCZUK<\/td><\/tr><tr><td class=\"has-text-align-center\" data-align=\"center\">28.03.2023<\/td><td class=\"has-text-align-center\" data-align=\"center\">6.30<\/td><td>od kierownictwa i pracownik\u00f3w restauracji \u201e<em>TARASOWA<\/em>\u201d<\/td><\/tr><tr><td class=\"has-text-align-center\" data-align=\"center\">29.03.2023<\/td><td class=\"has-text-align-center\" data-align=\"center\">6.30<\/td><td>od rodziny W\u00d3JCIK\u00d3W<\/td><\/tr><tr><td class=\"has-text-align-center\" data-align=\"center\">30.03.2023<\/td><td class=\"has-text-align-center\" data-align=\"center\">6.30<\/td><td>od chrze\u015bniaka Wac\u0142awa z rodzin\u0105<\/td><\/tr><tr><td class=\"has-text-align-center\" data-align=\"center\">31.03.2023<\/td><td class=\"has-text-align-center\" data-align=\"center\">6.30<\/td><td>od s\u0105siad\u00f3w: rodziny MRUK\u00d3W<\/td><\/tr><tr><td class=\"has-text-align-center\" data-align=\"center\">01.04.2023<\/td><td class=\"has-text-align-center\" data-align=\"center\">6.30<\/td><td>od rodziny WOJN\u00d3W<\/td><\/tr><tr><td class=\"has-text-align-center\" data-align=\"center\"><strong>wakacje 2022<\/strong><\/td><td class=\"has-text-align-center\" data-align=\"center\">&nbsp;<strong>ks. kapelan <br>Andrzej Kluz<\/strong><\/td><td>od firmy pogrzebowej \u201e<em>SMUTEK<\/em>\u201d<\/td><\/tr><tr><td class=\"has-text-align-center\" data-align=\"center\"><strong>wakacje 2022<\/strong><\/td><td class=\"has-text-align-center\" data-align=\"center\"><strong>ks. kapelan <br>Andrzej Kluz&nbsp;<\/strong><\/td><td>od rodziny CICHONI\u00d3W i S\u0141OT\u00d3W<\/td><\/tr><tr><td class=\"has-text-align-center\" data-align=\"center\"><strong>wakacje 2022<\/strong><\/td><td class=\"has-text-align-center\" data-align=\"center\"><strong>&nbsp;ks. kapelan <br>Andrzej Kluz<\/strong><\/td><td>od s\u0105siad\u00f3w LASKOSI<\/td><\/tr><tr><td class=\"has-text-align-center\" data-align=\"center\"><strong>wakacje 2022<\/strong><\/td><td class=\"has-text-align-center\" data-align=\"center\"><strong>&nbsp;ks. kapelan <br>Andrzej Kluz<\/strong><\/td><td>od Marii i Janusza DUTKA ze Skwirtnego<\/td><\/tr><tr><td class=\"has-text-align-center\" data-align=\"center\"><strong>wakacje 2022<\/strong><\/td><td class=\"has-text-align-center\" data-align=\"center\"><strong>&nbsp;ks. kapelan <br>Andrzej Kluz<\/strong><\/td><td>od rodziny DYL\u00d3W z \u0141u\u017cnej<\/td><\/tr><tr><td class=\"has-text-align-center\" data-align=\"center\"><strong>wakacje 2022<\/strong><\/td><td class=\"has-text-align-center\" data-align=\"center\"><strong>&nbsp;ks. kapelan <br>Andrzej Kluz<\/strong><\/td><td>od Adama i Miros\u0142awa ZIELI\u0143SKICH z rodzinami<\/td><\/tr><tr><td class=\"has-text-align-center\" data-align=\"center\"><strong>wakacje 2022<\/strong><\/td><td class=\"has-text-align-center\" data-align=\"center\"><strong>ks. kapelan <br>Andrzej Kluz&nbsp;<\/strong><\/td><td>od Wandy i Stanis\u0142awa GRYBEL z rodzin\u0105<\/td><\/tr><tr><td class=\"has-text-align-center\" data-align=\"center\"><strong>wakacje 2022<\/strong><\/td><td class=\"has-text-align-center\" data-align=\"center\"><strong>&nbsp;ks. kapelan <br>Andrzej Kluz<\/strong><\/td><td>od uczestnik\u00f3w pogrzebu<\/td><\/tr><tr><td class=\"has-text-align-center\" data-align=\"center\"><strong>wakacje 2022<\/strong><\/td><td class=\"has-text-align-center\" data-align=\"center\"><strong>&nbsp;ks. kapelan <br>Andrzej Kluz<\/strong><\/td><td>od uczestnik\u00f3w pogrzebu<\/td><\/tr><tr><td class=\"has-text-align-center\" data-align=\"center\"><strong>wakacje 2022<\/strong><\/td><td class=\"has-text-align-center\" data-align=\"center\"><strong>&nbsp;ks. kapelan <br>Andrzej Kluz<\/strong><\/td><td>od uczestnik\u00f3w pogrzebu<\/td><\/tr><\/tbody><\/table><\/figure>\n","protected":false},"excerpt":{"rendered":"<p>2021\/35 pogrzeb: 05.10.2021 data godz. ofiarodawcy \/ intencja 15.03.2023 6.30 od c\u00f3rki Krystyny z rodzin\u0105 16.03.2023 6.30 od wnuczki Bogus\u0142awy z rodzin\u0105 24.03.2023 6.30 od wnuczki Agnieszki z m\u0119\u017cem 25.03.2023 6.30 od wnuka Adama z rodzin\u0105 27.03.2023 18.00 od Marii i Jana GRZESZCZUK 28.03.2023 6.30 od kierownictwa i pracownik\u00f3w restauracji \u201eTARASOWA\u201d 29.03.2023 6.30 od rodziny&#8230;<\/p>\n","protected":false},"author":3,"featured_media":188,"comment_status":"closed","ping_status":"","sticky":false,"template":"","format":"standard","meta":{"footnotes":""},"categories":[6],"tags":[],"class_list":["post-1444","post","type-post","status-publish","format-standard","has-post-thumbnail","hentry","category-intencje_pogrzebowe"],"_links":{"self":[{"href":"https:\/\/bobolagorlice.pl\/index.php\/wp-json\/wp\/v2\/posts\/1444","targetHints":{"allow":["GET"]}}],"collection":[{"href":"https:\/\/bobolagorlice.pl\/index.php\/wp-json\/wp\/v2\/posts"}],"about":[{"href":"https:\/\/bobolagorlice.pl\/index.php\/wp-json\/wp\/v2\/types\/post"}],"author":[{"embeddable":true,"href":"https:\/\/bobolagorlice.pl\/index.php\/wp-json\/wp\/v2\/users\/3"}],"replies":[{"embeddable":true,"href":"https:\/\/bobolagorlice.pl\/index.php\/wp-json\/wp\/v2\/comments?post=1444"}],"version-history":[{"count":5,"href":"https:\/\/bobolagorlice.pl\/index.php\/wp-json\/wp\/v2\/posts\/1444\/revisions"}],"predecessor-version":[{"id":3315,"href":"https:\/\/bobolagorlice.pl\/index.php\/wp-json\/wp\/v2\/posts\/1444\/revisions\/3315"}],"wp:featuredmedia":[{"embeddable":true,"href":"https:\/\/bobolagorlice.pl\/index.php\/wp-json\/wp\/v2\/media\/188"}],"wp:attachment":[{"href":"https:\/\/bobolagorlice.pl\/index.php\/wp-json\/wp\/v2\/media?parent=1444"}],"wp:term":[{"taxonomy":"category","embeddable":true,"href":"https:\/\/bobolagorlice.pl\/index.php\/wp-json\/wp\/v2\/categories?post=1444"},{"taxonomy":"post_tag","embeddable":true,"href":"https:\/\/bobolagorlice.pl\/index.php\/wp-json\/wp\/v2\/tags?post=1444"}],"curies":[{"name":"wp","href":"https:\/\/api.w.org\/{rel}","templated":true}]}}