{"id":1484,"date":"2021-10-22T16:37:36","date_gmt":"2021-10-22T14:37:36","guid":{"rendered":"https:\/\/bobolagorlice.pl\/?p=1484"},"modified":"2023-03-25T16:22:07","modified_gmt":"2023-03-25T15:22:07","slug":"andrzej-wolak","status":"publish","type":"post","link":"https:\/\/bobolagorlice.pl\/index.php\/2021\/10\/22\/andrzej-wolak\/","title":{"rendered":"\u2020ANDRZEJ WOLAK"},"content":{"rendered":"\n<p>2021\/36 pogrzeb: 22.10.2021<\/p>\n\n\n\n<figure class=\"wp-block-table\"><table><tbody><tr><td class=\"has-text-align-center\" data-align=\"center\"><strong><em>data<\/em><\/strong><\/td><td class=\"has-text-align-center\" data-align=\"center\"><strong><em>godz.<\/em><\/strong><\/td><td><strong><em>ofiarodawcy \/ intencja<\/em><\/strong><\/td><\/tr><tr><td class=\"has-text-align-center\" data-align=\"center\"><strong>27.10.2021<\/strong><\/td><td class=\"has-text-align-center\" data-align=\"center\"><strong>6.30<\/strong><\/td><td>w <strong>7 dzie\u0144<\/strong> po \u015bmierci &#8211; <strong>od \u017bony<\/strong><\/td><\/tr><tr><td class=\"has-text-align-center\" data-align=\"center\"><strong>19.11.2021<\/strong><\/td><td class=\"has-text-align-center\" data-align=\"center\"><strong>6.30<\/strong><\/td><td>w 30<strong> dzie\u0144<\/strong> po \u015bmierci &#8211; <strong>od Ojca<\/strong><\/td><\/tr><tr><td class=\"has-text-align-center\" data-align=\"center\"><strong>24.11.2021<\/strong><\/td><td class=\"has-text-align-center\" data-align=\"center\"><strong>18.00<\/strong><\/td><td><strong>od Te\u015bci\u00f3w<\/strong><\/td><\/tr><tr><td class=\"has-text-align-center\" data-align=\"center\">27.03.2023<\/td><td class=\"has-text-align-center\" data-align=\"center\">6.30<\/td><td>od brata Fabiana z rodzin\u0105<\/td><\/tr><tr><td class=\"has-text-align-center\" data-align=\"center\">28.03.2023<\/td><td class=\"has-text-align-center\" data-align=\"center\">18.00<\/td><td>od brata Marka z rodzin\u0105<\/td><\/tr><tr><td class=\"has-text-align-center\" data-align=\"center\"><strong>Termin zostanie ustalony<\/strong><\/td><td class=\"has-text-align-center\" data-align=\"center\"><strong>3.<\/strong><\/td><td>od Przemka i Teresy z rodzin\u0105<\/td><\/tr><tr><td class=\"has-text-align-center\" data-align=\"center\">31.03.2023<\/td><td class=\"has-text-align-center\" data-align=\"center\">18.00<\/td><td>od bratanka Patryka<\/td><\/tr><tr><td class=\"has-text-align-center\" data-align=\"center\"><strong>Termin zostanie ustalony<\/strong><\/td><td class=\"has-text-align-center\" data-align=\"center\"><strong>5.<\/strong><\/td><td>od Bogus\u0142awa z rodzin\u0105<\/td><\/tr><tr><td class=\"has-text-align-center\" data-align=\"center\"><strong>Termin zostanie ustalony<\/strong><\/td><td class=\"has-text-align-center\" data-align=\"center\"><strong>6.<\/strong><\/td><td>od Mateusza z Wiktori\u0105<\/td><\/tr><tr><td class=\"has-text-align-center\" data-align=\"center\"><strong>Termin zostanie ustalony<\/strong><\/td><td class=\"has-text-align-center\" data-align=\"center\"><strong>7.<\/strong><\/td><td>od \u0141ukasza z rodzin\u0105<\/td><\/tr><tr><td class=\"has-text-align-center\" data-align=\"center\"><strong>Termin zostanie ustalony<\/strong><\/td><td class=\"has-text-align-center\" data-align=\"center\"><strong>8.<\/strong><\/td><td>od Natalii z Jakubem<\/td><\/tr><tr><td class=\"has-text-align-center\" data-align=\"center\"><strong>Termin zostanie ustalony<\/strong><\/td><td class=\"has-text-align-center\" data-align=\"center\"><strong>9.<\/strong><\/td><td>od chrze\u015bniaka Jana z Zofi\u0105<\/td><\/tr><tr><td class=\"has-text-align-center\" data-align=\"center\"><strong>Termin zostanie ustalony<\/strong><\/td><td class=\"has-text-align-center\" data-align=\"center\"><strong>10.<\/strong><\/td><td>od Tomasza z rodzin\u0105<\/td><\/tr><tr><td class=\"has-text-align-center\" data-align=\"center\">Opole<\/td><td class=\"has-text-align-center\" data-align=\"center\"><strong>&nbsp;<\/strong>ks. J\u00f3zef Mucha<\/td><td>od rodzin PRZEPI\u00d3R\u00d3W i PU\u015aCIZN\u00d3W<\/td><\/tr><tr><td class=\"has-text-align-center\" data-align=\"center\">Opole<\/td><td class=\"has-text-align-center\" data-align=\"center\"><strong>&nbsp;<\/strong>ks. J\u00f3zef Mucha<\/td><td>od W\u0142adys\u0142awy WARZECHA ze \u015anietnicy<\/td><\/tr><tr><td class=\"has-text-align-center\" data-align=\"center\">Opole<\/td><td class=\"has-text-align-center\" data-align=\"center\"><strong>&nbsp;<\/strong>ks. J\u00f3zef Mucha<\/td><td>od Leokadii i Jana ZAG\u00d3RSKICH<\/td><\/tr><tr><td class=\"has-text-align-center\" data-align=\"center\">Opole<\/td><td class=\"has-text-align-center\" data-align=\"center\"><strong>&nbsp;<\/strong>ks. J\u00f3zef Mucha<\/td><td>od s\u0105siad\u00f3w \u015aWI\u0118S\u00d3W z U\u015bcia Gorlickiego<\/td><\/tr><tr><td class=\"has-text-align-center\" data-align=\"center\">Opole<\/td><td class=\"has-text-align-center\" data-align=\"center\"><strong>&nbsp;<\/strong>ks. J\u00f3zef Mucha<\/td><td>od Zyty i Tadeusza KR\u00d3L z U\u015bcia Gorlickiego<\/td><\/tr><tr><td class=\"has-text-align-center\" data-align=\"center\">Opole<\/td><td class=\"has-text-align-center\" data-align=\"center\"><strong>&nbsp;<\/strong>ks. J\u00f3zef Mucha<\/td><td>od rodziny GRUSZCZY\u0143SKICH z U\u015bcia Gorlickiego<\/td><\/tr><tr><td class=\"has-text-align-center\" data-align=\"center\">Opole<\/td><td class=\"has-text-align-center\" data-align=\"center\"><strong>&nbsp;<\/strong>ks. J\u00f3zef Mucha<\/td><td>od kuzynki Gra\u017cyny \u017bYGAD\u0141O z rodzin\u0105<\/td><\/tr><tr><td class=\"has-text-align-center\" data-align=\"center\">Opole<\/td><td class=\"has-text-align-center\" data-align=\"center\"><strong>&nbsp;<\/strong>ks. J\u00f3zef Mucha<\/td><td>od kole\u017canek i kolegi z firmy \u201eALMA\u201d<\/td><\/tr><tr><td class=\"has-text-align-center\" data-align=\"center\">Opole<\/td><td class=\"has-text-align-center\" data-align=\"center\"><strong>&nbsp;<\/strong>ks. J\u00f3zef Mucha<\/td><td>od rodziny J\u00f3zefa KUD\u0141AWCA<\/td><\/tr><tr><td class=\"has-text-align-center\" data-align=\"center\">Opole<\/td><td class=\"has-text-align-center\" data-align=\"center\"><strong>&nbsp;<\/strong>ks. J\u00f3zef Mucha<\/td><td>od rodziny J\u00f3zefa KUD\u0141AWCA<\/td><\/tr><tr><td class=\"has-text-align-center\" data-align=\"center\">Opole<\/td><td class=\"has-text-align-center\" data-align=\"center\"><strong>&nbsp;<\/strong>ks. J\u00f3zef Mucha<\/td><td>od rodziny PRZETACZNIK\u00d3W z Kwiatonia<\/td><\/tr><tr><td class=\"has-text-align-center\" data-align=\"center\">Opole<\/td><td class=\"has-text-align-center\" data-align=\"center\"><strong>&nbsp;<\/strong>ks. J\u00f3zef Mucha<\/td><td>od w\u0142a\u015bcicieli firmy \u201eALMA\u201d<\/td><\/tr><tr><td class=\"has-text-align-center\" data-align=\"center\">Opole<\/td><td class=\"has-text-align-center\" data-align=\"center\"><strong>&nbsp;<\/strong>ks. J\u00f3zef Mucha<\/td><td>od kole\u017canek \u017cony z Liceum<\/td><\/tr><tr><td class=\"has-text-align-center\" data-align=\"center\">Opole<\/td><td class=\"has-text-align-center\" data-align=\"center\"><strong>&nbsp;<\/strong>ks. J\u00f3zef Mucha<\/td><td>od kuzyna Adama CICHONIA z rodzin\u0105 z Gorlic<\/td><\/tr><tr><td class=\"has-text-align-center\" data-align=\"center\">Opole<\/td><td class=\"has-text-align-center\" data-align=\"center\"><strong>&nbsp;<\/strong>ks. J\u00f3zef Mucha<\/td><td>od s\u0105siad\u00f3w JAMRO z U\u015bcia Gorlickiego<\/td><\/tr><tr><td class=\"has-text-align-center\" data-align=\"center\">Opole<\/td><td class=\"has-text-align-center\" data-align=\"center\"><strong>&nbsp;<\/strong>ks. J\u00f3zef Mucha<\/td><td>od rodziny NOWAK\u00d3W z Odernego<\/td><\/tr><tr><td class=\"has-text-align-center\" data-align=\"center\">Opole<\/td><td class=\"has-text-align-center\" data-align=\"center\"><strong>&nbsp;<\/strong>ks. J\u00f3zef Mucha<\/td><td>Od rodziny RYDAROWICZ\u00d3W z U\u015bcia Gorlickiego<\/td><\/tr><tr><td class=\"has-text-align-center\" data-align=\"center\">Opole<\/td><td class=\"has-text-align-center\" data-align=\"center\"><strong>&nbsp;<\/strong>ks. J\u00f3zef Mucha<\/td><td>od uczestnik\u00f3w pogrzebu<\/td><\/tr><tr><td class=\"has-text-align-center\" data-align=\"center\">Opole<\/td><td class=\"has-text-align-center\" data-align=\"center\"><strong>&nbsp;<\/strong>ks. J\u00f3zef Mucha<\/td><td>od uczestnik\u00f3w pogrzebu<\/td><\/tr><tr><td class=\"has-text-align-center\" data-align=\"center\"><strong>wakacje 2022<\/strong><\/td><td class=\"has-text-align-center\" data-align=\"center\"><strong>ks. kapelan <br>Andrzej&nbsp;<\/strong>Kluz<\/td><td>od uczestnik\u00f3w pogrzebu<\/td><\/tr><tr><td class=\"has-text-align-center\" data-align=\"center\"><strong>wakacje 2022<\/strong><\/td><td class=\"has-text-align-center\" data-align=\"center\"><strong>ks. kapelan <br>Andrzej&nbsp;<\/strong>Kluz<strong>&nbsp;<\/strong><\/td><td>od uczestnik\u00f3w pogrzebu<\/td><\/tr><tr><td class=\"has-text-align-center\" data-align=\"center\"><strong>wakacje 2022<\/strong><\/td><td class=\"has-text-align-center\" data-align=\"center\"><strong>ks. kapelan <br>Andrzej&nbsp;<\/strong>Kluz<strong>&nbsp;<\/strong><\/td><td>od uczestnik\u00f3w pogrzebu<\/td><\/tr><tr><td class=\"has-text-align-center\" data-align=\"center\"><strong>wakacje 2022<\/strong><\/td><td class=\"has-text-align-center\" data-align=\"center\"><strong>&nbsp;ks. kapelan <br>Andrzej&nbsp;<\/strong>Kluz<\/td><td>od uczestnik\u00f3w pogrzebu<\/td><\/tr><tr><td class=\"has-text-align-center\" data-align=\"center\"><strong>wakacje 2022<\/strong><\/td><td class=\"has-text-align-center\" data-align=\"center\"><strong>&nbsp;ks. kapelan <br>Andrzej&nbsp;<\/strong>Kluz<\/td><td>od uczestnik\u00f3w pogrzebu<\/td><\/tr><\/tbody><\/table><\/figure>\n","protected":false},"excerpt":{"rendered":"<p>2021\/36 pogrzeb: 22.10.2021 data godz. ofiarodawcy \/ intencja 27.10.2021 6.30 w 7 dzie\u0144 po \u015bmierci &#8211; od \u017bony 19.11.2021 6.30 w 30 dzie\u0144 po \u015bmierci &#8211; od Ojca 24.11.2021 18.00 od Te\u015bci\u00f3w 27.03.2023 6.30 od brata Fabiana z rodzin\u0105 28.03.2023 18.00 od brata Marka z rodzin\u0105 Termin zostanie ustalony 3. od Przemka i Teresy z&#8230;<\/p>\n","protected":false},"author":3,"featured_media":188,"comment_status":"closed","ping_status":"","sticky":false,"template":"","format":"standard","meta":{"footnotes":""},"categories":[6],"tags":[],"class_list":["post-1484","post","type-post","status-publish","format-standard","has-post-thumbnail","hentry","category-intencje_pogrzebowe"],"_links":{"self":[{"href":"https:\/\/bobolagorlice.pl\/index.php\/wp-json\/wp\/v2\/posts\/1484","targetHints":{"allow":["GET"]}}],"collection":[{"href":"https:\/\/bobolagorlice.pl\/index.php\/wp-json\/wp\/v2\/posts"}],"about":[{"href":"https:\/\/bobolagorlice.pl\/index.php\/wp-json\/wp\/v2\/types\/post"}],"author":[{"embeddable":true,"href":"https:\/\/bobolagorlice.pl\/index.php\/wp-json\/wp\/v2\/users\/3"}],"replies":[{"embeddable":true,"href":"https:\/\/bobolagorlice.pl\/index.php\/wp-json\/wp\/v2\/comments?post=1484"}],"version-history":[{"count":6,"href":"https:\/\/bobolagorlice.pl\/index.php\/wp-json\/wp\/v2\/posts\/1484\/revisions"}],"predecessor-version":[{"id":3331,"href":"https:\/\/bobolagorlice.pl\/index.php\/wp-json\/wp\/v2\/posts\/1484\/revisions\/3331"}],"wp:featuredmedia":[{"embeddable":true,"href":"https:\/\/bobolagorlice.pl\/index.php\/wp-json\/wp\/v2\/media\/188"}],"wp:attachment":[{"href":"https:\/\/bobolagorlice.pl\/index.php\/wp-json\/wp\/v2\/media?parent=1484"}],"wp:term":[{"taxonomy":"category","embeddable":true,"href":"https:\/\/bobolagorlice.pl\/index.php\/wp-json\/wp\/v2\/categories?post=1484"},{"taxonomy":"post_tag","embeddable":true,"href":"https:\/\/bobolagorlice.pl\/index.php\/wp-json\/wp\/v2\/tags?post=1484"}],"curies":[{"name":"wp","href":"https:\/\/api.w.org\/{rel}","templated":true}]}}