{"id":1549,"date":"2021-11-12T13:03:51","date_gmt":"2021-11-12T12:03:51","guid":{"rendered":"https:\/\/bobolagorlice.pl\/?p=1549"},"modified":"2023-05-04T11:13:01","modified_gmt":"2023-05-04T09:13:01","slug":"stefan-grzesiak","status":"publish","type":"post","link":"https:\/\/bobolagorlice.pl\/index.php\/2021\/11\/12\/stefan-grzesiak\/","title":{"rendered":"\u2020STEFAN GRZESIAK"},"content":{"rendered":"\n<p>2021\/39 pogrzeb: 11.11.2021<\/p>\n\n\n\n<figure class=\"wp-block-table\"><table><tbody><tr><td class=\"has-text-align-center\" data-align=\"center\"><strong><em>data<\/em><\/strong><\/td><td class=\"has-text-align-center\" data-align=\"center\"><strong><em>godz.<\/em><\/strong><\/td><td><strong><em>ofiarodawcy \/ intencja<\/em><\/strong><\/td><\/tr><tr><td class=\"has-text-align-center\" data-align=\"center\"><strong>16.11.2021<\/strong><\/td><td class=\"has-text-align-center\" data-align=\"center\"><strong>6.30<\/strong><\/td><td>w <strong>7<\/strong> dzie\u0144 po \u015bmierci \u2013 <strong>od \u017cony Aleksandry<\/strong><\/td><\/tr><tr><td class=\"has-text-align-center\" data-align=\"center\"><strong>09.12.2021<\/strong><\/td><td class=\"has-text-align-center\" data-align=\"center\"><strong>18.00<\/strong><\/td><td>w <strong>30<\/strong> dzie\u0144 po \u015bmierci \u2013 <strong>od \u017cony Aleksandry<\/strong><\/td><\/tr><tr><td class=\"has-text-align-center\" data-align=\"center\">20.04.2023<\/td><td class=\"has-text-align-center\" data-align=\"center\">6.30<\/td><td>od syna Wies\u0142awa z rodzin\u0105<\/td><\/tr><tr><td class=\"has-text-align-center\" data-align=\"center\">21.04.2023<\/td><td class=\"has-text-align-center\" data-align=\"center\">18.00<\/td><td>od syna Bogdana z rodzin\u0105<\/td><\/tr><tr><td class=\"has-text-align-center\" data-align=\"center\">22.04.2023<\/td><td class=\"has-text-align-center\" data-align=\"center\">6.30<\/td><td>od syna Mariusza z \u017con\u0105 i dzie\u0107mi<\/td><\/tr><tr><td class=\"has-text-align-center\" data-align=\"center\">28.04.2023<\/td><td class=\"has-text-align-center\" data-align=\"center\">6.30<\/td><td>od c\u00f3rki i zi\u0119cia z dzie\u0107mi<\/td><\/tr><tr><td class=\"has-text-align-center\" data-align=\"center\">01.05.2023<\/td><td class=\"has-text-align-center\" data-align=\"center\">6.30<\/td><td>od s\u0105siad\u00f3w z bloku ul. S\u0142oneczna 14.<\/td><\/tr><tr><td class=\"has-text-align-center\" data-align=\"center\">02.05.2023<\/td><td class=\"has-text-align-center\" data-align=\"center\">18.00<\/td><td>od siostry Zofii z rodzin\u0105 z Gorlic<\/td><\/tr><tr><td class=\"has-text-align-center\" data-align=\"center\">04.05.2023<\/td><td class=\"has-text-align-center\" data-align=\"center\">18.00<\/td><td>od pracownik\u00f3w z firmy HIG<\/td><\/tr><tr><td class=\"has-text-align-center\" data-align=\"center\">05.05.2023<\/td><td class=\"has-text-align-center\" data-align=\"center\">6.30<\/td><td>od siostrzenic: Haliny, Doroty i Anny z rodzinami<\/td><\/tr><tr><td class=\"has-text-align-center\" data-align=\"center\">06.05.2023<\/td><td class=\"has-text-align-center\" data-align=\"center\">6.30<\/td><td>od siostry Heleny z rodzin\u0105<\/td><\/tr><tr><td class=\"has-text-align-center\" data-align=\"center\">09.05.2023<\/td><td class=\"has-text-align-center\" data-align=\"center\">6.30<\/td><td>od Danuty i Les\u0142awa \u017bELAZKO z rodzin\u0105<\/td><\/tr><tr><td class=\"has-text-align-center\" data-align=\"center\">Opole<\/td><td class=\"has-text-align-center\" data-align=\"center\">ks. J\u00f3zef Mucha<strong>&nbsp;<\/strong><\/td><td>od kole\u017canek i koleg\u00f3w syna z Wydzia\u0142u Organizacyjnego Urz\u0119du Miejskiego w Gorlicach<\/td><\/tr><tr><td class=\"has-text-align-center\" data-align=\"center\">Opole<\/td><td class=\"has-text-align-center\" data-align=\"center\"><strong>&nbsp;<\/strong>ks. J\u00f3zef Mucha<strong>&nbsp;<\/strong><\/td><td>od Ewy i Jerzego SMO\u0141KOWICZ z Szymbarku<\/td><\/tr><tr><td class=\"has-text-align-center\" data-align=\"center\">Opole<\/td><td class=\"has-text-align-center\" data-align=\"center\"><strong>&nbsp;<\/strong>ks. J\u00f3zef Mucha<strong>&nbsp;<\/strong><\/td><td>od kole\u017canek i koleg\u00f3w syna Wies\u0142awa z Wydzia\u0142u O\u015bwiaty, Kultury i Promocji Urz\u0119du Miejskiego w Gorlicach<\/td><\/tr><tr><td class=\"has-text-align-center\" data-align=\"center\">Opole<\/td><td class=\"has-text-align-center\" data-align=\"center\"><strong>&nbsp;<\/strong>ks. J\u00f3zef Mucha<strong>&nbsp;<\/strong><\/td><td>od Barbary i Mieczys\u0142awa PRZYBYLSKICH<\/td><\/tr><tr><td class=\"has-text-align-center\" data-align=\"center\">Opole<\/td><td class=\"has-text-align-center\" data-align=\"center\">ks. J\u00f3zef Mucha<strong>&nbsp;&nbsp;<\/strong><\/td><td>od rodziny z O\u015bwi\u0119cimia<\/td><\/tr><tr><td class=\"has-text-align-center\" data-align=\"center\">Opole<\/td><td class=\"has-text-align-center\" data-align=\"center\"><strong>&nbsp;<\/strong>ks. J\u00f3zef Mucha<strong>&nbsp;<\/strong><\/td><td>od kole\u017canek i koleg\u00f3w syna Dariusza z O\u015bwi\u0119cimia<\/td><\/tr><tr><td class=\"has-text-align-center\" data-align=\"center\">Opole<\/td><td class=\"has-text-align-center\" data-align=\"center\"><strong>&nbsp;<\/strong>ks. J\u00f3zef Mucha<strong>&nbsp;<\/strong><\/td><td>od rodziny KWOLEK i WIERZBA<\/td><\/tr><tr><td class=\"has-text-align-center\" data-align=\"center\">Opole<\/td><td class=\"has-text-align-center\" data-align=\"center\"><strong>&nbsp;<\/strong>ks. J\u00f3zef Mucha<strong>&nbsp;<\/strong><\/td><td>od rodziny OLSZEWSKICH<\/td><\/tr><tr><td class=\"has-text-align-center\" data-align=\"center\">Opole<\/td><td class=\"has-text-align-center\" data-align=\"center\"><strong>&nbsp;<\/strong>ks. J\u00f3zef Mucha<strong>&nbsp;<\/strong><\/td><td>od Daniela i Ewy LASKOWSKICH<\/td><\/tr><tr><td class=\"has-text-align-center\" data-align=\"center\">Opole<\/td><td class=\"has-text-align-center\" data-align=\"center\"><strong>&nbsp;<\/strong>ks. J\u00f3zef Mucha<strong>&nbsp;<\/strong><\/td><td>od Jadwigi i Andrzeja LASKOWSKICH<\/td><\/tr><tr><td class=\"has-text-align-center\" data-align=\"center\">Opole<\/td><td class=\"has-text-align-center\" data-align=\"center\"><strong>&nbsp;<\/strong>ks. J\u00f3zef Mucha<strong>&nbsp;<\/strong><\/td><td>od kuzyn\u00f3w Marii i Janusza z rodzinami z \u0141u\u017cnej<\/td><\/tr><tr><td class=\"has-text-align-center\" data-align=\"center\">Opole<\/td><td class=\"has-text-align-center\" data-align=\"center\"><strong>&nbsp;<\/strong>ks. J\u00f3zef Mucha<strong>&nbsp;<\/strong><\/td><td>od chrze\u015bniaka Andrzeja z rodzin\u0105<\/td><\/tr><tr><td class=\"has-text-align-center\" data-align=\"center\">Opole<\/td><td class=\"has-text-align-center\" data-align=\"center\"><strong>&nbsp;<\/strong>ks. J\u00f3zef Mucha<strong>&nbsp;<\/strong><\/td><td>od rodziny LISOWICZ\u00d3W z Szymbarku<\/td><\/tr><tr><td class=\"has-text-align-center\" data-align=\"center\">Opole<\/td><td class=\"has-text-align-center\" data-align=\"center\"><strong>&nbsp;<\/strong>ks. J\u00f3zef Mucha<strong>&nbsp;<\/strong><\/td><td>od rodziny SZUB\u00d3W z Trze\u015bniowa<\/td><\/tr><tr><td class=\"has-text-align-center\" data-align=\"center\"><strong>poza parafi\u0105<\/strong><\/td><td class=\"has-text-align-center\" data-align=\"center\"><strong>&nbsp;<\/strong><\/td><td>od rodziny PRZYBY\u0141OWIC\u00d3W<\/td><\/tr><tr><td class=\"has-text-align-center\" data-align=\"center\"><strong>poza parafi\u0105<\/strong><\/td><td class=\"has-text-align-center\" data-align=\"center\"><strong>&nbsp;<\/strong><\/td><td>od chrze\u015bnicy Anety i Bo\u017ceny z rodzin\u0105<\/td><\/tr><tr><td class=\"has-text-align-center\" data-align=\"center\"><strong>poza parafi\u0105<\/strong><\/td><td class=\"has-text-align-center\" data-align=\"center\"><strong>&nbsp;<\/strong><\/td><td>od zarz\u0105du i koleg\u00f3w z firmy HIG<\/td><\/tr><tr><td class=\"has-text-align-center\" data-align=\"center\"><strong>poza parafi\u0105<\/strong><\/td><td class=\"has-text-align-center\" data-align=\"center\"><strong>&nbsp;<\/strong><\/td><td>od zarz\u0105du i koleg\u00f3w z firmy HIG<\/td><\/tr><tr><td class=\"has-text-align-center\" data-align=\"center\"><strong>poza parafi\u0105<\/strong><\/td><td class=\"has-text-align-center\" data-align=\"center\"><strong>&nbsp;<\/strong><\/td><td>od szwagierki Jadwigi i Stanis\u0142awa NIEZGODZKICH<\/td><\/tr><tr><td class=\"has-text-align-center\" data-align=\"center\"><strong>poza parafi\u0105<\/strong><\/td><td class=\"has-text-align-center\" data-align=\"center\"><strong>&nbsp;<\/strong><\/td><td>od rodziny MATUSIK\u00d3W i KROK\u00d3W z Gr\u00f3dka<\/td><\/tr><tr><td class=\"has-text-align-center\" data-align=\"center\"><strong>poza parafi\u0105<\/strong><\/td><td class=\"has-text-align-center\" data-align=\"center\"><strong>&nbsp;<\/strong><\/td><td>od rodziny ROBAK\u00d3W z Czarnej<\/td><\/tr><tr><td class=\"has-text-align-center\" data-align=\"center\"><strong>poza parafi\u0105<\/strong><\/td><td class=\"has-text-align-center\" data-align=\"center\"><strong>&nbsp;<\/strong><\/td><td>od pracownik\u00f3w Urz\u0119du Miejskiego w Gorlicach<\/td><\/tr><tr><td class=\"has-text-align-center\" data-align=\"center\"><strong>poza parafi\u0105<\/strong><\/td><td class=\"has-text-align-center\" data-align=\"center\"><strong>&nbsp;<\/strong><\/td><td>0d pracownik\u00f3w firmy HEAN<\/td><\/tr><tr><td class=\"has-text-align-center\" data-align=\"center\"><strong>poza parafi\u0105<\/strong><\/td><td class=\"has-text-align-center\" data-align=\"center\"><strong>&nbsp;<\/strong><\/td><td>od uczestnik\u00f3w pogrzebu<\/td><\/tr><tr><td class=\"has-text-align-center\" data-align=\"center\"><strong>poza parafi\u0105<\/strong><\/td><td class=\"has-text-align-center\" data-align=\"center\"><strong>&nbsp;<\/strong><\/td><td>od uczestnik\u00f3w pogrzebu<\/td><\/tr><tr><td class=\"has-text-align-center\" data-align=\"center\"><strong>poza parafi\u0105<\/strong><\/td><td class=\"has-text-align-center\" data-align=\"center\"><strong>&nbsp;<\/strong><\/td><td>od uczestnik\u00f3w pogrzebu<\/td><\/tr><tr><td class=\"has-text-align-center\" data-align=\"center\"><strong>poza parafi\u0105<\/strong><\/td><td class=\"has-text-align-center\" data-align=\"center\"><strong>&nbsp;<\/strong><\/td><td>od uczestnik\u00f3w pogrzebu<\/td><\/tr><tr><td class=\"has-text-align-center\" data-align=\"center\"><strong>poza parafi\u0105<\/strong><\/td><td class=\"has-text-align-center\" data-align=\"center\"><strong>&nbsp;<\/strong><\/td><td>od uczestnik\u00f3w pogrzebu<\/td><\/tr><tr><td class=\"has-text-align-center\" data-align=\"center\"><strong>poza parafi\u0105<\/strong><\/td><td class=\"has-text-align-center\" data-align=\"center\"><strong>&nbsp;<\/strong><\/td><td>od uczestnik\u00f3w pogrzebu<\/td><\/tr><tr><td class=\"has-text-align-center\" data-align=\"center\"><strong>poza parafi\u0105<\/strong><\/td><td class=\"has-text-align-center\" data-align=\"center\"><strong>&nbsp;<\/strong><\/td><td>od uczestnik\u00f3w pogrzebu<\/td><\/tr><tr><td class=\"has-text-align-center\" data-align=\"center\"><strong>poza parafi\u0105<\/strong><\/td><td class=\"has-text-align-center\" data-align=\"center\"><strong>&nbsp;<\/strong><\/td><td>od uczestnik\u00f3w pogrzebu<\/td><\/tr><tr><td class=\"has-text-align-center\" data-align=\"center\"><strong>poza parafi\u0105<\/strong><\/td><td class=\"has-text-align-center\" data-align=\"center\"><strong>&nbsp;<\/strong><\/td><td>od uczestnik\u00f3w pogrzebu<\/td><\/tr><tr><td class=\"has-text-align-center\" data-align=\"center\"><strong>poza parafi\u0105<\/strong><\/td><td class=\"has-text-align-center\" data-align=\"center\"><strong>&nbsp;<\/strong><\/td><td>od uczestnik\u00f3w pogrzebu<\/td><\/tr><\/tbody><\/table><\/figure>\n","protected":false},"excerpt":{"rendered":"<p>2021\/39 pogrzeb: 11.11.2021 data godz. ofiarodawcy \/ intencja 16.11.2021 6.30 w 7 dzie\u0144 po \u015bmierci \u2013 od \u017cony Aleksandry 09.12.2021 18.00 w 30 dzie\u0144 po \u015bmierci \u2013 od \u017cony Aleksandry 20.04.2023 6.30 od syna Wies\u0142awa z rodzin\u0105 21.04.2023 18.00 od syna Bogdana z rodzin\u0105 22.04.2023 6.30 od syna Mariusza z \u017con\u0105 i dzie\u0107mi 28.04.2023 6.30&#8230;<\/p>\n","protected":false},"author":3,"featured_media":188,"comment_status":"closed","ping_status":"","sticky":false,"template":"","format":"standard","meta":{"footnotes":""},"categories":[6],"tags":[],"class_list":["post-1549","post","type-post","status-publish","format-standard","has-post-thumbnail","hentry","category-intencje_pogrzebowe"],"_links":{"self":[{"href":"https:\/\/bobolagorlice.pl\/index.php\/wp-json\/wp\/v2\/posts\/1549","targetHints":{"allow":["GET"]}}],"collection":[{"href":"https:\/\/bobolagorlice.pl\/index.php\/wp-json\/wp\/v2\/posts"}],"about":[{"href":"https:\/\/bobolagorlice.pl\/index.php\/wp-json\/wp\/v2\/types\/post"}],"author":[{"embeddable":true,"href":"https:\/\/bobolagorlice.pl\/index.php\/wp-json\/wp\/v2\/users\/3"}],"replies":[{"embeddable":true,"href":"https:\/\/bobolagorlice.pl\/index.php\/wp-json\/wp\/v2\/comments?post=1549"}],"version-history":[{"count":6,"href":"https:\/\/bobolagorlice.pl\/index.php\/wp-json\/wp\/v2\/posts\/1549\/revisions"}],"predecessor-version":[{"id":3505,"href":"https:\/\/bobolagorlice.pl\/index.php\/wp-json\/wp\/v2\/posts\/1549\/revisions\/3505"}],"wp:featuredmedia":[{"embeddable":true,"href":"https:\/\/bobolagorlice.pl\/index.php\/wp-json\/wp\/v2\/media\/188"}],"wp:attachment":[{"href":"https:\/\/bobolagorlice.pl\/index.php\/wp-json\/wp\/v2\/media?parent=1549"}],"wp:term":[{"taxonomy":"category","embeddable":true,"href":"https:\/\/bobolagorlice.pl\/index.php\/wp-json\/wp\/v2\/categories?post=1549"},{"taxonomy":"post_tag","embeddable":true,"href":"https:\/\/bobolagorlice.pl\/index.php\/wp-json\/wp\/v2\/tags?post=1549"}],"curies":[{"name":"wp","href":"https:\/\/api.w.org\/{rel}","templated":true}]}}