{"id":1719,"date":"2021-12-27T13:02:25","date_gmt":"2021-12-27T12:02:25","guid":{"rendered":"https:\/\/bobolagorlice.pl\/?p=1719"},"modified":"2023-06-28T19:17:14","modified_gmt":"2023-06-28T17:17:14","slug":"zenon-krauze","status":"publish","type":"post","link":"https:\/\/bobolagorlice.pl\/index.php\/2021\/12\/27\/zenon-krauze\/","title":{"rendered":"\u2020Zenon KRAUZE"},"content":{"rendered":"\n<p>2021\/47 pogrzeb: 27.12.2021<\/p>\n\n\n\n<figure class=\"wp-block-table\"><table><tbody><tr><td class=\"has-text-align-center\" data-align=\"center\"><strong><em>data<\/em><\/strong><\/td><td class=\"has-text-align-center\" data-align=\"center\"><strong><em>godz.<\/em><\/strong><\/td><td><strong><em>ofiarodawcy \/ intencja<\/em><\/strong><\/td><\/tr><tr><td class=\"has-text-align-center\" data-align=\"center\">20.06.2023<\/td><td class=\"has-text-align-center\" data-align=\"center\">18.00<\/td><td>od chrze\u015bniaka Wojciecha KRAUZE z rodzin\u0105 z Bydgoszczy<\/td><\/tr><tr><td class=\"has-text-align-center\" data-align=\"center\">29.06.2023<\/td><td class=\"has-text-align-center\" data-align=\"center\">18.00<\/td><td>z intencji pracownik\u00f3w firmy \u201eFOREST\u201d Gorlice<\/td><\/tr><tr><td class=\"has-text-align-center\" data-align=\"center\"> 30.06.2023<\/td><td class=\"has-text-align-center\" data-align=\"center\">18.00<\/td><td>od brata Edwarda z \u017con\u0105 i rodzin\u0105<\/td><\/tr><tr><td class=\"has-text-align-center\" data-align=\"center\">01.07.2023<\/td><td class=\"has-text-align-center\" data-align=\"center\">6.30<\/td><td>od Katarzyny, Witolda i Jana ZABIEROWSKICH<\/td><\/tr><tr><td class=\"has-text-align-center\" data-align=\"center\">05.07.2023<\/td><td class=\"has-text-align-center\" data-align=\"center\">6.30<\/td><td>od rodziny JOD\u0141OWSKICH<\/td><\/tr><tr><td class=\"has-text-align-center\" data-align=\"center\">06.07.2023<\/td><td class=\"has-text-align-center\" data-align=\"center\">6.30<\/td><td>od swat\u00f3w WRO\u0143SKICH<\/td><\/tr><tr><td class=\"has-text-align-center\" data-align=\"center\">07.07.2023<\/td><td class=\"has-text-align-center\" data-align=\"center\">6.30<\/td><td>od przyjaci\u00f3\u0142 Marysi z Wiesiem<\/td><\/tr><tr><td class=\"has-text-align-center\" data-align=\"center\">08.07.2023<\/td><td class=\"has-text-align-center\" data-align=\"center\">6.30<\/td><td>od Moniki z Tomkiem i Micha\u0142em<\/td><\/tr><tr><td class=\"has-text-align-center\" data-align=\"center\">13.07.2023<\/td><td class=\"has-text-align-center\" data-align=\"center\">6.30<\/td><td>od Urszuli WR\u00d3BEL<\/td><\/tr><tr><td class=\"has-text-align-center\" data-align=\"center\">14.07.2023<\/td><td class=\"has-text-align-center\" data-align=\"center\">6.30<\/td><td>od Krzysztofa i Haliny WRO\u0143SKICH<\/td><\/tr><tr><td class=\"has-text-align-center\" data-align=\"center\">ks. Andrzej (Rzesz\u00f3w)<\/td><td class=\"has-text-align-center\" data-align=\"center\"><\/td><td>od Anny i Floriana WRO\u0143SKICH<\/td><\/tr><tr><td class=\"has-text-align-center\" data-align=\"center\">ks. Andrzej (Rzesz\u00f3w)<\/td><td class=\"has-text-align-center\" data-align=\"center\"><strong>&nbsp;<\/strong><\/td><td>od swat\u00f3w WRO\u0143SKICH<\/td><\/tr><tr><td class=\"has-text-align-center\" data-align=\"center\">ks. Andrzej (Rzesz\u00f3w)<\/td><td class=\"has-text-align-center\" data-align=\"center\">&nbsp;<\/td><td>od przyjaci\u00f3\u0142 Marysi z Wiesiem<\/td><\/tr><tr><td class=\"has-text-align-center\" data-align=\"center\">ks. Andrzej (Rzesz\u00f3w)<\/td><td class=\"has-text-align-center\" data-align=\"center\">&nbsp;<\/td><td>od uczestnik\u00f3w pogrzebu<\/td><\/tr><tr><td class=\"has-text-align-center\" data-align=\"center\">ks. Andrzej (Rzesz\u00f3w)<\/td><td class=\"has-text-align-center\" data-align=\"center\">&nbsp;<\/td><td>od uczestnik\u00f3w pogrzebu<\/td><\/tr><tr><td class=\"has-text-align-center\" data-align=\"center\">ks. Andrzej (Rzesz\u00f3w)<\/td><td class=\"has-text-align-center\" data-align=\"center\">&nbsp;<\/td><td>od uczestnik\u00f3w pogrzebu<\/td><\/tr><tr><td class=\"has-text-align-center\" data-align=\"center\">ks. Andrzej (Rzesz\u00f3w)<\/td><td class=\"has-text-align-center\" data-align=\"center\">&nbsp;<\/td><td>d uczestnik\u00f3w pogrzebu<\/td><\/tr><tr><td class=\"has-text-align-center\" data-align=\"center\">ks. Andrzej (Rzesz\u00f3w)<\/td><td class=\"has-text-align-center\" data-align=\"center\">&nbsp;<\/td><td>od uczestnik\u00f3w pogrzebu<\/td><\/tr><tr><td class=\"has-text-align-center\" data-align=\"center\">ks. Andrzej (Rzesz\u00f3w)<\/td><td class=\"has-text-align-center\" data-align=\"center\">&nbsp;<\/td><td>od uczestnik\u00f3w pogrzebu<\/td><\/tr><tr><td class=\"has-text-align-center\" data-align=\"center\">ks. Andrzej (Rzesz\u00f3w)<\/td><td class=\"has-text-align-center\" data-align=\"center\">&nbsp;<\/td><td>od uczestnik\u00f3w pogrzebu<\/td><\/tr><\/tbody><\/table><\/figure>\n","protected":false},"excerpt":{"rendered":"<p>2021\/47 pogrzeb: 27.12.2021 data godz. ofiarodawcy \/ intencja 20.06.2023 18.00 od chrze\u015bniaka Wojciecha KRAUZE z rodzin\u0105 z Bydgoszczy 29.06.2023 18.00 z intencji pracownik\u00f3w firmy \u201eFOREST\u201d Gorlice 30.06.2023 18.00 od brata Edwarda z \u017con\u0105 i rodzin\u0105 01.07.2023 6.30 od Katarzyny, Witolda i Jana ZABIEROWSKICH 05.07.2023 6.30 od rodziny JOD\u0141OWSKICH 06.07.2023 6.30 od swat\u00f3w WRO\u0143SKICH 07.07.2023 6.30&#8230;<\/p>\n","protected":false},"author":3,"featured_media":188,"comment_status":"closed","ping_status":"","sticky":false,"template":"","format":"standard","meta":{"footnotes":""},"categories":[6],"tags":[],"class_list":["post-1719","post","type-post","status-publish","format-standard","has-post-thumbnail","hentry","category-intencje_pogrzebowe"],"_links":{"self":[{"href":"https:\/\/bobolagorlice.pl\/index.php\/wp-json\/wp\/v2\/posts\/1719","targetHints":{"allow":["GET"]}}],"collection":[{"href":"https:\/\/bobolagorlice.pl\/index.php\/wp-json\/wp\/v2\/posts"}],"about":[{"href":"https:\/\/bobolagorlice.pl\/index.php\/wp-json\/wp\/v2\/types\/post"}],"author":[{"embeddable":true,"href":"https:\/\/bobolagorlice.pl\/index.php\/wp-json\/wp\/v2\/users\/3"}],"replies":[{"embeddable":true,"href":"https:\/\/bobolagorlice.pl\/index.php\/wp-json\/wp\/v2\/comments?post=1719"}],"version-history":[{"count":7,"href":"https:\/\/bobolagorlice.pl\/index.php\/wp-json\/wp\/v2\/posts\/1719\/revisions"}],"predecessor-version":[{"id":3678,"href":"https:\/\/bobolagorlice.pl\/index.php\/wp-json\/wp\/v2\/posts\/1719\/revisions\/3678"}],"wp:featuredmedia":[{"embeddable":true,"href":"https:\/\/bobolagorlice.pl\/index.php\/wp-json\/wp\/v2\/media\/188"}],"wp:attachment":[{"href":"https:\/\/bobolagorlice.pl\/index.php\/wp-json\/wp\/v2\/media?parent=1719"}],"wp:term":[{"taxonomy":"category","embeddable":true,"href":"https:\/\/bobolagorlice.pl\/index.php\/wp-json\/wp\/v2\/categories?post=1719"},{"taxonomy":"post_tag","embeddable":true,"href":"https:\/\/bobolagorlice.pl\/index.php\/wp-json\/wp\/v2\/tags?post=1719"}],"curies":[{"name":"wp","href":"https:\/\/api.w.org\/{rel}","templated":true}]}}