{"id":1730,"date":"2021-12-31T10:03:45","date_gmt":"2021-12-31T09:03:45","guid":{"rendered":"https:\/\/bobolagorlice.pl\/?p=1730"},"modified":"2023-09-02T12:28:45","modified_gmt":"2023-09-02T10:28:45","slug":"jozef-ciemala","status":"publish","type":"post","link":"https:\/\/bobolagorlice.pl\/index.php\/2021\/12\/31\/jozef-ciemala\/","title":{"rendered":"\u2020J\u00f3zef CIEMA\u0141A"},"content":{"rendered":"\n<p>2021\/48 pogrzeb: 29.12.2021<\/p>\n\n\n\n<figure class=\"wp-block-table\"><table><tbody><tr><td class=\"has-text-align-center\" data-align=\"center\"><strong><em>data<\/em><\/strong><\/td><td class=\"has-text-align-center\" data-align=\"center\"><strong><em>godz.<\/em><\/strong><\/td><td><strong><em>ofiarodawcy \/ intencja<\/em><\/strong><\/td><\/tr><tr><td class=\"has-text-align-center\" data-align=\"center\"><strong>03.01.2022<\/strong><\/td><td class=\"has-text-align-center\" data-align=\"center\"><strong>6.30<\/strong><\/td><td>w <strong>7<\/strong> dzie\u0144 po \u015bmierci [<strong>od \u017cony<\/strong>]<\/td><\/tr><tr><td class=\"has-text-align-center\" data-align=\"center\"><strong>20.01.2022<\/strong><\/td><td class=\"has-text-align-center\" data-align=\"center\"><strong>18.00<\/strong><\/td><td><strong>od syna<\/strong><\/td><\/tr><tr><td class=\"has-text-align-center\" data-align=\"center\"><strong>26.01.2022<\/strong><\/td><td class=\"has-text-align-center\" data-align=\"center\"><strong>18.00<\/strong><\/td><td>w <strong>30<\/strong> dzie\u0144 po \u015bmierci [<strong>od c\u00f3rki<\/strong>]<\/td><\/tr><tr><td class=\"has-text-align-center\" data-align=\"center\">26.12.2022<\/td><td class=\"has-text-align-center\" data-align=\"center\">8.00<\/td><td>od siostry Barbary z rodzin\u0105<\/td><\/tr><tr><td class=\"has-text-align-center\" data-align=\"center\">20.06.2023<\/td><td class=\"has-text-align-center\" data-align=\"center\">18.00<\/td><td>od brata Mariana z \u017con\u0105<\/td><\/tr><tr><td class=\"has-text-align-center\" data-align=\"center\">30.06.2023<\/td><td class=\"has-text-align-center\" data-align=\"center\">6.30<\/td><td>od bratanka Miros\u0142awa<\/td><\/tr><tr><td class=\"has-text-align-center\" data-align=\"center\">18.07.2023<\/td><td class=\"has-text-align-center\" data-align=\"center\">6.30<\/td><td>od dyrekcji i pracownik\u00f3w Przedszkola w Moszczenicy<\/td><\/tr><tr><td class=\"has-text-align-center\" data-align=\"center\">22.07.2023<\/td><td class=\"has-text-align-center\" data-align=\"center\">6.30<\/td><td>od rodzin OLEKSY, \u015aLEZIAK, STUSEK<\/td><\/tr><tr><td class=\"has-text-align-center\" data-align=\"center\">28.07.2023<\/td><td class=\"has-text-align-center\" data-align=\"center\">6.30<\/td><td>od szwagierki ze Str\u00f3\u017c z rodzin\u0105<\/td><\/tr><tr><td class=\"has-text-align-center\" data-align=\"center\">29.07.2023<\/td><td class=\"has-text-align-center\" data-align=\"center\">6.30<\/td><td>od chrze\u015bnicy Beaty z rodzin\u0105<\/td><\/tr><tr><td class=\"has-text-align-center\" data-align=\"center\">02.08.2023<\/td><td class=\"has-text-align-center\" data-align=\"center\">19.00<\/td><td>od chrze\u015bnicy Marty z rodzin\u0105<\/td><\/tr><tr><td class=\"has-text-align-center\" data-align=\"center\">04.08.2023<\/td><td class=\"has-text-align-center\" data-align=\"center\">6.30<\/td><td>od bratanicy Wiesi z m\u0119\u017cem<\/td><\/tr><tr><td class=\"has-text-align-center\" data-align=\"center\">07.08.2023<\/td><td class=\"has-text-align-center\" data-align=\"center\">6.30<\/td><td>od KALINOWSKICH z Moszczenicy<\/td><\/tr><tr><td class=\"has-text-align-center\" data-align=\"center\">ks. Andrzej (Rzesz\u00f3w)<\/td><td class=\"has-text-align-center\" data-align=\"center\"><strong>&nbsp;<\/strong><\/td><td>od bratowej Anny i bratanicy Wioli z rodzin\u0105<\/td><\/tr><tr><td class=\"has-text-align-center\" data-align=\"center\">ks. Andrzej (Rzesz\u00f3w)<\/td><td class=\"has-text-align-center\" data-align=\"center\">&nbsp;<\/td><td>od s\u0105siad\u00f3w z dzia\u0142ki<\/td><\/tr><tr><td class=\"has-text-align-center\" data-align=\"center\">ks. Andrzej (Rzesz\u00f3w)<\/td><td class=\"has-text-align-center\" data-align=\"center\">&nbsp;<\/td><td>&nbsp; od szwagra J\u00f3zefa SZTWIOROK z rodzin\u0105 &nbsp;<\/td><\/tr><tr><td class=\"has-text-align-center\" data-align=\"center\">ks. Andrzej (Rzesz\u00f3w)<\/td><td class=\"has-text-align-center\" data-align=\"center\">&nbsp;<\/td><td>od Danuty LASZCZAK z rodzin\u0105<\/td><\/tr><tr><td class=\"has-text-align-center\" data-align=\"center\">ks. Andrzej (Rzesz\u00f3w)<\/td><td class=\"has-text-align-center\" data-align=\"center\">&nbsp;<\/td><td>&nbsp; od s\u0105siadki KNAPIK z rodzin\u0105 &nbsp;<\/td><\/tr><tr><td class=\"has-text-align-center\" data-align=\"center\">ks. Andrzej (Rzesz\u00f3w)<\/td><td class=\"has-text-align-center\" data-align=\"center\">&nbsp;<\/td><td>&nbsp; od Zofii i Mariana PIJANOWSKICH &nbsp;<\/td><\/tr><tr><td class=\"has-text-align-center\" data-align=\"center\">ks. Andrzej (Rzesz\u00f3w)<\/td><td class=\"has-text-align-center\" data-align=\"center\">&nbsp;<\/td><td>&nbsp; od Ewy SZUBA z rodzin\u0105 &nbsp;<\/td><\/tr><tr><td class=\"has-text-align-center\" data-align=\"center\">ks. Andrzej (Rzesz\u00f3w)<\/td><td class=\"has-text-align-center\" data-align=\"center\">&nbsp;<\/td><td>od rodziny CIEMA\u0141A z \u017babnicy<\/td><\/tr><tr><td class=\"has-text-align-center\" data-align=\"center\">ks. Andrzej (Rzesz\u00f3w)<\/td><td class=\"has-text-align-center\" data-align=\"center\">&nbsp;<\/td><td>&nbsp; od rodziny BOGDAN\u00d3W &nbsp;<\/td><\/tr><tr><td class=\"has-text-align-center\" data-align=\"center\">ks. Andrzej (Rzesz\u00f3w)<\/td><td class=\"has-text-align-center\" data-align=\"center\">&nbsp;<\/td><td>od funkcjonariuszy i pracownik\u00f3w cywilnych Wydzia\u0142u do Walki z Przest\u0119pczo\u015bci\u0105 Gospodarcz\u0105 Komendy Miejskiej Policji w Nowym S\u0105czu<\/td><\/tr><tr><td class=\"has-text-align-center\" data-align=\"center\">ks. Andrzej (Rzesz\u00f3w)<\/td><td class=\"has-text-align-center\" data-align=\"center\">&nbsp;<\/td><td>od funkcjonariuszy i pracownik\u00f3w cywilnych Wydzia\u0142u do Walki z Przest\u0119pczo\u015bci\u0105 Gospodarcz\u0105 Komendy Miejskiej Policji w Nowym S\u0105czu<\/td><\/tr><tr><td class=\"has-text-align-center\" data-align=\"center\">ks. Andrzej (Rzesz\u00f3w)<\/td><td class=\"has-text-align-center\" data-align=\"center\">&nbsp;<\/td><td>od Zarz\u0105du Terenowego Niezale\u017cnego Samorz\u0105dnego Zwi\u0105zku Zawodowego Policjant\u00f3w przy Komendzie Miejskiej Policji w Nowym S\u0105czu<\/td><\/tr><tr><td class=\"has-text-align-center\" data-align=\"center\">ks. Andrzej (Rzesz\u00f3w)<\/td><td class=\"has-text-align-center\" data-align=\"center\">&nbsp;<\/td><td>od s\u0105siad\u00f3w z bloku \u2013 ul. Krakowska 23, klatka <strong>I.<\/strong><\/td><\/tr><tr><td class=\"has-text-align-center\" data-align=\"center\">ks. Andrzej (Rzesz\u00f3w)<\/td><td class=\"has-text-align-center\" data-align=\"center\">&nbsp;<\/td><td>od s\u0105siad\u00f3w z bloku \u2013 ul. Krakowska 23, klatka <strong>I.<\/strong><\/td><\/tr><tr><td class=\"has-text-align-center\" data-align=\"center\">ks. Andrzej (Rzesz\u00f3w)<\/td><td class=\"has-text-align-center\" data-align=\"center\">&nbsp;<\/td><td>od s\u0105siad\u00f3w z bloku \u2013 ul. Krakowska 23, klatka <strong>I.<\/strong><\/td><\/tr><tr><td class=\"has-text-align-center\" data-align=\"center\">ks. Andrzej (Rzesz\u00f3w)<\/td><td class=\"has-text-align-center\" data-align=\"center\">&nbsp;<\/td><td>od Barbary KAMYK<\/td><\/tr><tr><td class=\"has-text-align-center\" data-align=\"center\">ks. Andrzej (Rzesz\u00f3w)<\/td><td class=\"has-text-align-center\" data-align=\"center\">&nbsp;<\/td><td>od s\u0105siad\u00f3w BOBOLA<\/td><\/tr><tr><td class=\"has-text-align-center\" data-align=\"center\">ks. Andrzej (Rzesz\u00f3w)<\/td><td class=\"has-text-align-center\" data-align=\"center\">&nbsp;<\/td><td>od Wies\u0142awy HUDZIK z rodzin\u0105<\/td><\/tr><tr><td class=\"has-text-align-center\" data-align=\"center\">ks. Andrzej (Rzesz\u00f3w)<\/td><td class=\"has-text-align-center\" data-align=\"center\">&nbsp;<\/td><td>od Haliny JANEK z rodzin\u0105<\/td><\/tr><tr><td class=\"has-text-align-center\" data-align=\"center\">ks. Andrzej (Rzesz\u00f3w)<\/td><td class=\"has-text-align-center\" data-align=\"center\">&nbsp;<\/td><td>od Krystyny i Macieja HUDZIK<\/td><\/tr><tr><td class=\"has-text-align-center\" data-align=\"center\">ks. Andrzej (Rzesz\u00f3w)<\/td><td class=\"has-text-align-center\" data-align=\"center\">&nbsp;<\/td><td>od Eweliny i Tomasza TARSA z rodzina<\/td><\/tr><tr><td class=\"has-text-align-center\" data-align=\"center\">ks. Andrzej (Rzesz\u00f3w)<\/td><td class=\"has-text-align-center\" data-align=\"center\">&nbsp;<\/td><td>od Jadwigi i Wies\u0142awa PIJANOWSKICH<\/td><\/tr><tr><td class=\"has-text-align-center\" data-align=\"center\">ks. Andrzej (Rzesz\u00f3w)<\/td><td class=\"has-text-align-center\" data-align=\"center\">&nbsp;<\/td><td>od Wojtka BIEL z rodzin\u0105<\/td><\/tr><tr><td class=\"has-text-align-center\" data-align=\"center\">ks. Andrzej (Rzesz\u00f3w)<\/td><td class=\"has-text-align-center\" data-align=\"center\">&nbsp;<\/td><td>od Krzysztofa WANTUCHA<\/td><\/tr><tr><td class=\"has-text-align-center\" data-align=\"center\">ks. Andrzej (Rzesz\u00f3w)<\/td><td class=\"has-text-align-center\" data-align=\"center\">&nbsp;<\/td><td>od rodziny OBSZA\u0143SKICH<\/td><\/tr><tr><td class=\"has-text-align-center\" data-align=\"center\">ks. Andrzej (Rzesz\u00f3w)<\/td><td class=\"has-text-align-center\" data-align=\"center\">&nbsp;<\/td><td>od Jana i W\u0142adys\u0142awy DUTKA z rodzin\u0105<\/td><\/tr><tr><td class=\"has-text-align-center\" data-align=\"center\">ks. Andrzej (Rzesz\u00f3w)<\/td><td class=\"has-text-align-center\" data-align=\"center\">&nbsp;<\/td><td>z intencji s\u0105siad\u00f3w z klatki<\/td><\/tr><tr><td class=\"has-text-align-center\" data-align=\"center\">ks. Andrzej (Rzesz\u00f3w)<\/td><td class=\"has-text-align-center\" data-align=\"center\">&nbsp;<\/td><td>z intencji s\u0105siadki Teresy KRET<\/td><\/tr><tr><td class=\"has-text-align-center\" data-align=\"center\">ks. Andrzej (Rzesz\u00f3w)<\/td><td class=\"has-text-align-center\" data-align=\"center\">&nbsp;<\/td><td>z intencji s\u0105siadki Marii DUSZA<\/td><\/tr><tr><td class=\"has-text-align-center\" data-align=\"center\">ks. Andrzej (Rzesz\u00f3w)<\/td><td class=\"has-text-align-center\" data-align=\"center\">&nbsp;<\/td><td>od rodziny STABACH\u00d3W z Moszczenicy<\/td><\/tr><tr><td class=\"has-text-align-center\" data-align=\"center\">ks. Andrzej (Rzesz\u00f3w)<\/td><td class=\"has-text-align-center\" data-align=\"center\">&nbsp;<\/td><td>od rodziny STABACH\u00d3W z Moszczenicy<\/td><\/tr><tr><td class=\"has-text-align-center\" data-align=\"center\">ks. Andrzej (Rzesz\u00f3w)<\/td><td class=\"has-text-align-center\" data-align=\"center\">&nbsp;<\/td><td>od rodziny PYRCIOCH z Zag\u00f3rzan<\/td><\/tr><tr><td class=\"has-text-align-center\" data-align=\"center\">ks. Andrzej (Rzesz\u00f3w)<\/td><td class=\"has-text-align-center\" data-align=\"center\">&nbsp;<\/td><td>od Marka MR\u00d3Z<\/td><\/tr><tr><td class=\"has-text-align-center\" data-align=\"center\">ks. Andrzej (Rzesz\u00f3w)<\/td><td class=\"has-text-align-center\" data-align=\"center\">&nbsp;<\/td><td>od Weroniki MR\u00d3Z<\/td><\/tr><tr><td class=\"has-text-align-center\" data-align=\"center\">ks. Andrzej (Rzesz\u00f3w)<\/td><td class=\"has-text-align-center\" data-align=\"center\">&nbsp;<\/td><td>od Katarzyny PIEKARCZYK z rodzin\u0105<\/td><\/tr><tr><td class=\"has-text-align-center\" data-align=\"center\">ks. Andrzej (Rzesz\u00f3w)<\/td><td class=\"has-text-align-center\" data-align=\"center\">&nbsp;<\/td><td>od Teresy i Tomasza CI\u0118\u017bAREK z rodzin\u0105<\/td><\/tr><tr><td class=\"has-text-align-center\" data-align=\"center\"><strong>poza<\/strong> <strong>parafi\u0105<\/strong><\/td><td class=\"has-text-align-center\" data-align=\"center\">Wakacje 2023 ks. Krzysztof\u00a0<\/td><td>od Stanis\u0142awa MR\u00d3Z z rodzin\u0105<\/td><\/tr><tr><td class=\"has-text-align-center\" data-align=\"center\"><strong>poza<\/strong> <strong>parafi\u0105<\/strong><\/td><td class=\"has-text-align-center\" data-align=\"center\">\u00a0Wakacje 2023 ks. Krzysztof<\/td><td>od uczestnik\u00f3w pogrzebu<\/td><\/tr><tr><td class=\"has-text-align-center\" data-align=\"center\"><strong>poza<\/strong> <strong>parafi\u0105<\/strong><\/td><td class=\"has-text-align-center\" data-align=\"center\">\u00a0Wakacje 2023 ks. Krzysztof<\/td><td>od uczestnik\u00f3w pogrzebu<\/td><\/tr><tr><td class=\"has-text-align-center\" data-align=\"center\"><strong>poza<\/strong> <strong>parafi\u0105<\/strong><\/td><td class=\"has-text-align-center\" data-align=\"center\">Wakacje 2023 ks. Krzysztof\u00a0<\/td><td>od uczestnik\u00f3w pogrzebu<\/td><\/tr><tr><td class=\"has-text-align-center\" data-align=\"center\"><strong>poza<\/strong> <strong>parafi\u0105<\/strong><\/td><td class=\"has-text-align-center\" data-align=\"center\">\u00a0Wakacje 2023 ks. Krzysztof<\/td><td>od uczestnik\u00f3w pogrzebu<\/td><\/tr><tr><td class=\"has-text-align-center\" data-align=\"center\"><strong>poza<\/strong> <strong>parafi\u0105<\/strong><\/td><td class=\"has-text-align-center\" data-align=\"center\">\u00a0Wakacje 2023 ks. Krzysztof<\/td><td>od uczestnik\u00f3w pogrzebu<\/td><\/tr><tr><td class=\"has-text-align-center\" data-align=\"center\"><strong>poza<\/strong> <strong>parafi\u0105<\/strong><\/td><td class=\"has-text-align-center\" data-align=\"center\">\u00a0Wakacje 2023 ks. Krzysztof<\/td><td>od uczestnik\u00f3w pogrzebu<\/td><\/tr><\/tbody><\/table><\/figure>\n","protected":false},"excerpt":{"rendered":"<p>2021\/48 pogrzeb: 29.12.2021 data godz. ofiarodawcy \/ intencja 03.01.2022 6.30 w 7 dzie\u0144 po \u015bmierci [od \u017cony] 20.01.2022 18.00 od syna 26.01.2022 18.00 w 30 dzie\u0144 po \u015bmierci [od c\u00f3rki] 26.12.2022 8.00 od siostry Barbary z rodzin\u0105 20.06.2023 18.00 od brata Mariana z \u017con\u0105 30.06.2023 6.30 od bratanka Miros\u0142awa 18.07.2023 6.30 od dyrekcji i pracownik\u00f3w&#8230;<\/p>\n","protected":false},"author":3,"featured_media":188,"comment_status":"closed","ping_status":"","sticky":false,"template":"","format":"standard","meta":{"footnotes":""},"categories":[6],"tags":[],"class_list":["post-1730","post","type-post","status-publish","format-standard","has-post-thumbnail","hentry","category-intencje_pogrzebowe"],"_links":{"self":[{"href":"https:\/\/bobolagorlice.pl\/index.php\/wp-json\/wp\/v2\/posts\/1730","targetHints":{"allow":["GET"]}}],"collection":[{"href":"https:\/\/bobolagorlice.pl\/index.php\/wp-json\/wp\/v2\/posts"}],"about":[{"href":"https:\/\/bobolagorlice.pl\/index.php\/wp-json\/wp\/v2\/types\/post"}],"author":[{"embeddable":true,"href":"https:\/\/bobolagorlice.pl\/index.php\/wp-json\/wp\/v2\/users\/3"}],"replies":[{"embeddable":true,"href":"https:\/\/bobolagorlice.pl\/index.php\/wp-json\/wp\/v2\/comments?post=1730"}],"version-history":[{"count":9,"href":"https:\/\/bobolagorlice.pl\/index.php\/wp-json\/wp\/v2\/posts\/1730\/revisions"}],"predecessor-version":[{"id":3823,"href":"https:\/\/bobolagorlice.pl\/index.php\/wp-json\/wp\/v2\/posts\/1730\/revisions\/3823"}],"wp:featuredmedia":[{"embeddable":true,"href":"https:\/\/bobolagorlice.pl\/index.php\/wp-json\/wp\/v2\/media\/188"}],"wp:attachment":[{"href":"https:\/\/bobolagorlice.pl\/index.php\/wp-json\/wp\/v2\/media?parent=1730"}],"wp:term":[{"taxonomy":"category","embeddable":true,"href":"https:\/\/bobolagorlice.pl\/index.php\/wp-json\/wp\/v2\/categories?post=1730"},{"taxonomy":"post_tag","embeddable":true,"href":"https:\/\/bobolagorlice.pl\/index.php\/wp-json\/wp\/v2\/tags?post=1730"}],"curies":[{"name":"wp","href":"https:\/\/api.w.org\/{rel}","templated":true}]}}