{"id":1733,"date":"2021-12-31T10:14:16","date_gmt":"2021-12-31T09:14:16","guid":{"rendered":"https:\/\/bobolagorlice.pl\/?p=1733"},"modified":"2023-08-01T18:04:44","modified_gmt":"2023-08-01T16:04:44","slug":"robert-duran","status":"publish","type":"post","link":"https:\/\/bobolagorlice.pl\/index.php\/2021\/12\/31\/robert-duran\/","title":{"rendered":"\u2020Robert DURAN"},"content":{"rendered":"\n<p>2021\/49 pogrzeb: 30.12.2021<\/p>\n\n\n\n<figure class=\"wp-block-table\"><table><tbody><tr><td class=\"has-text-align-center\" data-align=\"center\"><strong><em>data<\/em><\/strong><\/td><td class=\"has-text-align-center\" data-align=\"center\"><strong><em>godz.<\/em><\/strong><\/td><td><strong><em>ofiarodawcy \/ intencja<\/em><\/strong><\/td><\/tr><tr><td class=\"has-text-align-center\" data-align=\"center\"><strong>22.01.2022<\/strong><\/td><td class=\"has-text-align-center\" data-align=\"center\"><strong>6.30<\/strong><\/td><td>w <strong>30<\/strong> dzie\u0144 po \u015bmierci \u2013 od kochaj\u0105cego taty<\/td><\/tr><tr><td class=\"has-text-align-center\" data-align=\"center\">20.07.2023<\/td><td class=\"has-text-align-center\" data-align=\"center\">6.30<\/td><td>od kochaj\u0105cego taty<\/td><\/tr><tr><td class=\"has-text-align-center\" data-align=\"center\">02.08.2023<\/td><td class=\"has-text-align-center\" data-align=\"center\">6.30<\/td><td>od rodziny HAJDUK\u00d3W i KUK\u00d3W z Szymbarku<\/td><\/tr><tr><td class=\"has-text-align-center\" data-align=\"center\">11.08.2023<\/td><td class=\"has-text-align-center\" data-align=\"center\">6.30<\/td><td>od rodziny HAJDUK\u00d3W i KUK\u00d3W z Szymbarku<\/td><\/tr><tr><td class=\"has-text-align-center\" data-align=\"center\">09.08.2023<\/td><td class=\"has-text-align-center\" data-align=\"center\">6.30<\/td><td>od s\u0105siad\u00f3w z klatki schodowej<\/td><\/tr><tr><td class=\"has-text-align-center\" data-align=\"center\">17.08.2023<\/td><td class=\"has-text-align-center\" data-align=\"center\">6.30<\/td><td>od s\u0105siad\u00f3w z klatki schodowej<\/td><\/tr><tr><td class=\"has-text-align-center\" data-align=\"center\">21.08.2023<\/td><td class=\"has-text-align-center\" data-align=\"center\">6.30<\/td><td>od Haliny TOMASIK z c\u00f3rk\u0105 Agnieszk\u0105<\/td><\/tr><tr><td class=\"has-text-align-center\" data-align=\"center\">22.08.2023<\/td><td class=\"has-text-align-center\" data-align=\"center\">6.30<\/td><td>od Barbary TOMASIK z rodzin\u0105<\/td><\/tr><tr><td class=\"has-text-align-center\" data-align=\"center\">23.08.2023<\/td><td class=\"has-text-align-center\" data-align=\"center\">6.30<\/td><td>od Janka, Ireny i Natalii SZUMLA\u0143SKICH<\/td><\/tr><tr><td class=\"has-text-align-center\" data-align=\"center\">29.08.2023<\/td><td class=\"has-text-align-center\" data-align=\"center\">6.30<\/td><td>od kuzynki Anny MARCINIEC z m\u0119\u017cem i dzie\u0107mi<\/td><\/tr><tr><td class=\"has-text-align-center\" data-align=\"center\">30.08.2023<\/td><td class=\"has-text-align-center\" data-align=\"center\">6.30<\/td><td>od kuzynki Iwony PSZONAK z m\u0119\u017cem i dzie\u0107mi<\/td><\/tr><tr><td class=\"has-text-align-center\" data-align=\"center\"><strong>poza<\/strong> <strong>parafi\u0105<\/strong><\/td><td class=\"has-text-align-center\" data-align=\"center\">ks. J\u00f3zef Mucha (Opole)&nbsp;<strong>&nbsp;<\/strong><\/td><td>od rodziny TOMACH<\/td><\/tr><tr><td class=\"has-text-align-center\" data-align=\"center\"><strong>poza<\/strong> <strong>parafi\u0105<\/strong><\/td><td class=\"has-text-align-center\" data-align=\"center\">ks. J\u00f3zef Mucha (Opole)&nbsp;&nbsp;<\/td><td>od Micha\u0142a HAJDUKA z rodzin\u0105<\/td><\/tr><tr><td class=\"has-text-align-center\" data-align=\"center\"><strong>poza<\/strong> <strong>parafi\u0105<\/strong><\/td><td class=\"has-text-align-center\" data-align=\"center\">&nbsp;ks. J\u00f3zef Mucha (Opole)&nbsp;<\/td><td>od Zarz\u0105du i Pracownik\u00f3w FIRMY \u2013 OTECH<\/td><\/tr><tr><td class=\"has-text-align-center\" data-align=\"center\"><strong>poza<\/strong> <strong>parafi\u0105<\/strong><\/td><td class=\"has-text-align-center\" data-align=\"center\">&nbsp;ks. J\u00f3zef Mucha (Opole)&nbsp;<\/td><td>od kolegi z Osiedla Dariusza HAJDUKA<\/td><\/tr><tr><td class=\"has-text-align-center\" data-align=\"center\"><strong>poza<\/strong> <strong>parafi\u0105<\/strong><\/td><td class=\"has-text-align-center\" data-align=\"center\">&nbsp;ks. J\u00f3zef Mucha (Opole)&nbsp;<\/td><td>od kuzynki Doroty z rodzin\u0105 z Jaros\u0142awia<\/td><\/tr><tr><td class=\"has-text-align-center\" data-align=\"center\"><strong>poza<\/strong> <strong>parafi\u0105<\/strong><\/td><td class=\"has-text-align-center\" data-align=\"center\">&nbsp;ks. J\u00f3zef Mucha (Opole)&nbsp;<\/td><td>od cioci Jadwigi z Bernadk\u0105 z Wietlina<\/td><\/tr><tr><td class=\"has-text-align-center\" data-align=\"center\"><strong>poza<\/strong> <strong>parafi\u0105<\/strong><\/td><td class=\"has-text-align-center\" data-align=\"center\">&nbsp;ks. J\u00f3zef Mucha (Opole)&nbsp;<\/td><td>od cioci Leokadii z m\u0119\u017cem z Wietlina<\/td><\/tr><tr><td class=\"has-text-align-center\" data-align=\"center\"><strong>poza<\/strong> <strong>parafi\u0105<\/strong><\/td><td class=\"has-text-align-center\" data-align=\"center\">&nbsp;ks. J\u00f3zef Mucha (Opole)&nbsp;<\/td><td>od kuzynki Magdy z rodzin\u0105 z Wietlina<\/td><\/tr><tr><td class=\"has-text-align-center\" data-align=\"center\"><strong>poza<\/strong> <strong>parafi\u0105<\/strong><\/td><td class=\"has-text-align-center\" data-align=\"center\">&nbsp;ks. J\u00f3zef Mucha (Opole)&nbsp;<\/td><td>od kuzyna \u0141ukasza z rodzin\u0105 w Wietlina<\/td><\/tr><tr><td class=\"has-text-align-center\" data-align=\"center\"><strong>poza<\/strong> <strong>parafi\u0105<\/strong><\/td><td class=\"has-text-align-center\" data-align=\"center\">&nbsp;ks. J\u00f3zef Mucha (Opole)&nbsp;<\/td><td>od rodziny KR\u00d3L z Laszek<\/td><\/tr><tr><td class=\"has-text-align-center\" data-align=\"center\"><strong>poza<\/strong> <strong>parafi\u0105<\/strong><\/td><td class=\"has-text-align-center\" data-align=\"center\">&nbsp;ks. J\u00f3zef Mucha (Opole)&nbsp;<\/td><td>od rodziny BAJOREK<\/td><\/tr><tr><td class=\"has-text-align-center\" data-align=\"center\"><strong>poza<\/strong> <strong>parafi\u0105<\/strong><\/td><td class=\"has-text-align-center\" data-align=\"center\">&nbsp;ks. J\u00f3zef Mucha (Opole)&nbsp;<\/td><td>od chrzestnego<\/td><\/tr><tr><td class=\"has-text-align-center\" data-align=\"center\"><strong>poza<\/strong> <strong>parafi\u0105<\/strong><\/td><td class=\"has-text-align-center\" data-align=\"center\">&nbsp;ks. J\u00f3zef Mucha (Opole)&nbsp;<\/td><td>od uczestnik\u00f3w pogrzebu<\/td><\/tr><tr><td class=\"has-text-align-center\" data-align=\"center\"><strong>poza<\/strong> <strong>&nbsp;parafi\u0105<\/strong><\/td><td class=\"has-text-align-center\" data-align=\"center\">&nbsp;ks. J\u00f3zef Mucha (Opole)&nbsp;<\/td><td>od uczestnik\u00f3w pogrzebu<\/td><\/tr><tr><td class=\"has-text-align-center\" data-align=\"center\"><strong>poza<\/strong> <strong>parafi\u0105<\/strong><\/td><td class=\"has-text-align-center\" data-align=\"center\">&nbsp;ks. J\u00f3zef Mucha (Opole)&nbsp;<\/td><td>od uczestnik\u00f3w pogrzebu<\/td><\/tr><\/tbody><\/table><\/figure>\n","protected":false},"excerpt":{"rendered":"<p>2021\/49 pogrzeb: 30.12.2021 data godz. ofiarodawcy \/ intencja 22.01.2022 6.30 w 30 dzie\u0144 po \u015bmierci \u2013 od kochaj\u0105cego taty 20.07.2023 6.30 od kochaj\u0105cego taty 02.08.2023 6.30 od rodziny HAJDUK\u00d3W i KUK\u00d3W z Szymbarku 11.08.2023 6.30 od rodziny HAJDUK\u00d3W i KUK\u00d3W z Szymbarku 09.08.2023 6.30 od s\u0105siad\u00f3w z klatki schodowej 17.08.2023 6.30 od s\u0105siad\u00f3w z klatki&#8230;<\/p>\n","protected":false},"author":3,"featured_media":188,"comment_status":"closed","ping_status":"","sticky":false,"template":"","format":"standard","meta":{"footnotes":""},"categories":[6],"tags":[],"class_list":["post-1733","post","type-post","status-publish","format-standard","has-post-thumbnail","hentry","category-intencje_pogrzebowe"],"_links":{"self":[{"href":"https:\/\/bobolagorlice.pl\/index.php\/wp-json\/wp\/v2\/posts\/1733","targetHints":{"allow":["GET"]}}],"collection":[{"href":"https:\/\/bobolagorlice.pl\/index.php\/wp-json\/wp\/v2\/posts"}],"about":[{"href":"https:\/\/bobolagorlice.pl\/index.php\/wp-json\/wp\/v2\/types\/post"}],"author":[{"embeddable":true,"href":"https:\/\/bobolagorlice.pl\/index.php\/wp-json\/wp\/v2\/users\/3"}],"replies":[{"embeddable":true,"href":"https:\/\/bobolagorlice.pl\/index.php\/wp-json\/wp\/v2\/comments?post=1733"}],"version-history":[{"count":5,"href":"https:\/\/bobolagorlice.pl\/index.php\/wp-json\/wp\/v2\/posts\/1733\/revisions"}],"predecessor-version":[{"id":3750,"href":"https:\/\/bobolagorlice.pl\/index.php\/wp-json\/wp\/v2\/posts\/1733\/revisions\/3750"}],"wp:featuredmedia":[{"embeddable":true,"href":"https:\/\/bobolagorlice.pl\/index.php\/wp-json\/wp\/v2\/media\/188"}],"wp:attachment":[{"href":"https:\/\/bobolagorlice.pl\/index.php\/wp-json\/wp\/v2\/media?parent=1733"}],"wp:term":[{"taxonomy":"category","embeddable":true,"href":"https:\/\/bobolagorlice.pl\/index.php\/wp-json\/wp\/v2\/categories?post=1733"},{"taxonomy":"post_tag","embeddable":true,"href":"https:\/\/bobolagorlice.pl\/index.php\/wp-json\/wp\/v2\/tags?post=1733"}],"curies":[{"name":"wp","href":"https:\/\/api.w.org\/{rel}","templated":true}]}}