{"id":1943,"date":"2022-02-26T15:34:52","date_gmt":"2022-02-26T14:34:52","guid":{"rendered":"https:\/\/bobolagorlice.pl\/?p=1943"},"modified":"2023-10-12T12:58:59","modified_gmt":"2023-10-12T10:58:59","slug":"boguslaw-zabecki","status":"publish","type":"post","link":"https:\/\/bobolagorlice.pl\/index.php\/2022\/02\/26\/boguslaw-zabecki\/","title":{"rendered":"\u2020Bogus\u0142aw \u017bABECKI"},"content":{"rendered":"\n<p><strong>2022\/5<\/strong>; pogrzeb: 24.02.2022<\/p>\n\n\n\n<figure class=\"wp-block-table\"><table><tbody><tr><td class=\"has-text-align-center\" data-align=\"center\"><strong><em>data<\/em><\/strong><\/td><td class=\"has-text-align-center\" data-align=\"center\"><strong><em>godz.<\/em><\/strong><\/td><td><strong><em>ofiarodawcy \/ intencja<\/em><\/strong><\/td><\/tr><tr><td class=\"has-text-align-center\" data-align=\"center\"><strong>27.02.2022<\/strong><\/td><td class=\"has-text-align-center\" data-align=\"center\"><strong>9.30<\/strong><\/td><td>w <strong>7 dzie\u0144<\/strong> po \u015bmierci<\/td><\/tr><tr><td class=\"has-text-align-center\" data-align=\"center\"><strong>22.03.2022<\/strong><\/td><td class=\"has-text-align-center\" data-align=\"center\"><strong>6.30<\/strong><\/td><td>w <strong>30 dzie\u0144<\/strong> po \u015bmierci<\/td><\/tr><tr><td class=\"has-text-align-center\" data-align=\"center\"><strong>01.04.2022<\/strong><\/td><td class=\"has-text-align-center\" data-align=\"center\"><strong>18.00<\/strong><\/td><td>od Oli i Gabriela KRZYSZTONI\u00d3W <strong>(w ko\u015bciele \u015bw. Maksymiliana Marii Kolbego w D\u0105browie G\u00f3rniczej<\/strong>)<\/td><\/tr><tr><td class=\"has-text-align-center\" data-align=\"center\">04.10.2023<\/td><td class=\"has-text-align-center\" data-align=\"center\">6.30<\/td><td>od syna z rodzin\u0105<\/td><\/tr><tr><td class=\"has-text-align-center\" data-align=\"center\">05.10.2023<\/td><td class=\"has-text-align-center\" data-align=\"center\">18.00<\/td><td>od c\u00f3rki Kamili z m\u0119\u017cem \u0141ukaszem<\/td><\/tr><tr><td class=\"has-text-align-center\" data-align=\"center\">06.10.2023<\/td><td class=\"has-text-align-center\" data-align=\"center\">6.30<\/td><td>od brata Krzysztofa z rodzin\u0105<\/td><\/tr><tr><td class=\"has-text-align-center\" data-align=\"center\">17.10.2023<\/td><td class=\"has-text-align-center\" data-align=\"center\">6.30<\/td><td>od siostry Danuty<\/td><\/tr><tr><td class=\"has-text-align-center\" data-align=\"center\">10.10.2023<\/td><td class=\"has-text-align-center\" data-align=\"center\">18.00<\/td><td>od Angeliki, Roberta, Staszka, Agnieszki, Oli i Lecha<\/td><\/tr><tr><td class=\"has-text-align-center\" data-align=\"center\">11.10.2023<\/td><td class=\"has-text-align-center\" data-align=\"center\">18.00<\/td><td>od s\u0105siad\u00f3w z klatki bloku ul. S\u0142oneczna 10.<\/td><\/tr><tr><td class=\"has-text-align-center\" data-align=\"center\">14.10.2023<\/td><td class=\"has-text-align-center\" data-align=\"center\">18.00<\/td><td>od Karoliny i Lecha STA\u0143CZAK<\/td><\/tr><tr><td class=\"has-text-align-center\" data-align=\"center\">16.10.2023<\/td><td class=\"has-text-align-center\" data-align=\"center\">6.30<\/td><td>od rodziny BABICZ\u00d3W<\/td><\/tr><tr><td class=\"has-text-align-center\" data-align=\"center\">12.10.2023<\/td><td class=\"has-text-align-center\" data-align=\"center\">6.30<\/td><td>z intencji kole\u017canek zony<\/td><\/tr><tr><td class=\"has-text-align-center\" data-align=\"center\">13.10.2023<\/td><td class=\"has-text-align-center\" data-align=\"center\">6.30<\/td><td>od chrze\u015bniaka Damiana HABI\u0143SKIEGO z rodzin\u0105<\/td><\/tr><tr><td class=\"has-text-align-center\" data-align=\"center\"><strong>poza<\/strong> <strong>parafi\u0105<\/strong><\/td><td class=\"has-text-align-center\" data-align=\"center\"><strong>&nbsp;<\/strong>ks. J\u00f3zef Mucha (Opole)&nbsp;<\/td><td>od syna z rodzin\u0105<\/td><\/tr><tr><td class=\"has-text-align-center\" data-align=\"center\"><strong>poza<\/strong> <strong>parafi\u0105<\/strong><\/td><td class=\"has-text-align-center\" data-align=\"center\">ks. J\u00f3zef Mucha (Opole)&nbsp;<strong>&nbsp;<\/strong><\/td><td>od szwagierki Stasi z m\u0119\u017cem Jankiem<\/td><\/tr><tr><td class=\"has-text-align-center\" data-align=\"center\"><strong>poza<\/strong> <strong>parafi\u0105<\/strong><\/td><td class=\"has-text-align-center\" data-align=\"center\"><strong>&nbsp;<\/strong>ks. J\u00f3zef Mucha (Opole)&nbsp;<\/td><td>od Lucyny i Bogdana KROK<\/td><\/tr><tr><td class=\"has-text-align-center\" data-align=\"center\"><strong>poza<\/strong> <strong>parafi\u0105<\/strong><\/td><td class=\"has-text-align-center\" data-align=\"center\"><strong>&nbsp;<\/strong>ks. J\u00f3zef Mucha (Opole)&nbsp;<\/td><td>od Barbary i Marka OPOKA<\/td><\/tr><tr><td class=\"has-text-align-center\" data-align=\"center\"><strong>poza<\/strong> <strong>parafi\u0105<\/strong><\/td><td class=\"has-text-align-center\" data-align=\"center\"><strong>&nbsp;<\/strong>ks. J\u00f3zef Mucha (Opole)&nbsp;<\/td><td>od rodziny OPOK\u00d3W ze \u015awidnika<\/td><\/tr><tr><td class=\"has-text-align-center\" data-align=\"center\"><strong>poza<\/strong> <strong>parafi\u0105<\/strong><\/td><td class=\"has-text-align-center\" data-align=\"center\"><strong>&nbsp;<\/strong>ks. J\u00f3zef Mucha (Opole)&nbsp;<\/td><td>od Agaty i Andrzeja CIESEK z Kanady<\/td><\/tr><tr><td class=\"has-text-align-center\" data-align=\"center\"><strong>poza<\/strong> <strong>parafi\u0105<\/strong><\/td><td class=\"has-text-align-center\" data-align=\"center\"><strong>&nbsp;<\/strong>ks. J\u00f3zef Mucha (Opole)&nbsp;<\/td><td>od rodziny MYJAK\u00d3W ze Starego S\u0105cza<\/td><\/tr><tr><td class=\"has-text-align-center\" data-align=\"center\"><strong>poza<\/strong> <strong>parafi\u0105<\/strong><\/td><td class=\"has-text-align-center\" data-align=\"center\"><strong>&nbsp;<\/strong>ks. J\u00f3zef Mucha (Opole)&nbsp;<\/td><td>od s\u0105siad\u00f3w z klatki bloku ul. S\u0142oneczna 10.<\/td><\/tr><tr><td class=\"has-text-align-center\" data-align=\"center\"><strong>poza<\/strong> <strong>parafi\u0105<\/strong><\/td><td class=\"has-text-align-center\" data-align=\"center\"><strong>&nbsp;<\/strong>ks. J\u00f3zef Mucha (Opole)&nbsp;<\/td><td>od kuzyna W\u0142adys\u0142awa<\/td><\/tr><tr><td class=\"has-text-align-center\" data-align=\"center\"><strong>poza<\/strong> <strong>parafi\u0105<\/strong><\/td><td class=\"has-text-align-center\" data-align=\"center\">ks. J\u00f3zef Mucha (Opole)&nbsp;<strong>&nbsp;<\/strong><\/td><td>od kuzynki Joli<\/td><\/tr><tr><td class=\"has-text-align-center\" data-align=\"center\"><strong>poza<\/strong> <strong>parafi\u0105<\/strong><\/td><td class=\"has-text-align-center\" data-align=\"center\">ks. J\u00f3zef Mucha (Opole)&nbsp;<strong>&nbsp;<\/strong><\/td><td>od kuzyna Ry\u015bka z ma\u0142\u017conk\u0105<\/td><\/tr><tr><td class=\"has-text-align-center\" data-align=\"center\"><strong>poza<\/strong> <strong>parafi\u0105<\/strong><\/td><td class=\"has-text-align-center\" data-align=\"center\">ks. J\u00f3zef Mucha (Opole)&nbsp;<strong>&nbsp;<\/strong><\/td><td>od Agaty i Krzysztofa WOLI\u0143SKICH<\/td><\/tr><tr><td class=\"has-text-align-center\" data-align=\"center\"><strong>poza<\/strong> <strong>parafi\u0105<\/strong><\/td><td class=\"has-text-align-center\" data-align=\"center\">ks. J\u00f3zef Mucha (Opole)&nbsp;<strong>&nbsp;<\/strong><\/td><td>od rodziny CI\u0118ZARK\u00d3W<\/td><\/tr><tr><td class=\"has-text-align-center\" data-align=\"center\"><strong>poza<\/strong> <strong>parafi\u0105<\/strong><\/td><td class=\"has-text-align-center\" data-align=\"center\"><strong>&nbsp;<\/strong>ks. J\u00f3zef Mucha (Opole)&nbsp;<\/td><td>od kuzyna Janusza z rodzin\u0105<\/td><\/tr><tr><td class=\"has-text-align-center\" data-align=\"center\"><strong>poza<\/strong> <strong>parafi\u0105<\/strong><\/td><td class=\"has-text-align-center\" data-align=\"center\">ks. J\u00f3zef Mucha (Opole)&nbsp;<strong>&nbsp;<\/strong><\/td><td>od kuzyna z Kalwarii Zebrzydowskiej<\/td><\/tr><tr><td class=\"has-text-align-center\" data-align=\"center\"><strong>poza<\/strong> <strong>parafi\u0105<\/strong><\/td><td class=\"has-text-align-center\" data-align=\"center\"><strong>&nbsp;<\/strong>ks. J\u00f3zef Mucha (Opole)&nbsp;<\/td><td>od Ireny i J\u00f3zefa JELE\u0143<\/td><\/tr><tr><td class=\"has-text-align-center\" data-align=\"center\"><strong>poza<\/strong> <strong>parafi\u0105<\/strong><\/td><td class=\"has-text-align-center\" data-align=\"center\"><strong>&nbsp;<\/strong>ks. J\u00f3zef Mucha (Opole)&nbsp;<\/td><td>od Krystyny i Krzysztofa JELE\u0143 ze Starego S\u0105cza<\/td><\/tr><tr><td class=\"has-text-align-center\" data-align=\"center\"><strong>poza<\/strong> <strong>parafi\u0105<\/strong><\/td><td class=\"has-text-align-center\" data-align=\"center\"><strong>&nbsp;<\/strong>ks. J\u00f3zef Mucha (Opole)&nbsp;<\/td><td>od Agnieszki BRY\u015a z Rzeszowa<\/td><\/tr><tr><td class=\"has-text-align-center\" data-align=\"center\"><strong>poza<\/strong> <strong>parafi\u0105<\/strong><\/td><td class=\"has-text-align-center\" data-align=\"center\"><strong>&nbsp;<\/strong>ks. J\u00f3zef Mucha (Opole)&nbsp;<\/td><td>od Danuty i Bogdana BOCHENEK<\/td><\/tr><tr><td class=\"has-text-align-center\" data-align=\"center\"><strong>poza<\/strong> <strong>parafi\u0105<\/strong><\/td><td class=\"has-text-align-center\" data-align=\"center\"><strong>&nbsp;<\/strong>ks. J\u00f3zef Mucha (Opole)&nbsp;<\/td><td>od Sylwii i Sebastiana BOCHENEK<\/td><\/tr><tr><td class=\"has-text-align-center\" data-align=\"center\"><strong>poza<\/strong> <strong>parafi\u0105<\/strong><\/td><td class=\"has-text-align-center\" data-align=\"center\"><strong>&nbsp;<\/strong>ks. J\u00f3zef Mucha (Opole)&nbsp;<\/td><td>od Dawida BOCHENEK z rodzina<\/td><\/tr><tr><td class=\"has-text-align-center\" data-align=\"center\"><strong>poza<\/strong> <strong>parafi\u0105<\/strong><\/td><td class=\"has-text-align-center\" data-align=\"center\"><strong>&nbsp;<\/strong>ks. J\u00f3zef Mucha (Opole)&nbsp;<\/td><td>od Marii HABI\u0143SKIEJ z synem Paw\u0142em<\/td><\/tr><tr><td class=\"has-text-align-center\" data-align=\"center\"><strong>poza<\/strong> <strong>parafi\u0105<\/strong><\/td><td class=\"has-text-align-center\" data-align=\"center\"><strong>&nbsp;<\/strong>ks. J\u00f3zef Mucha (Opole)&nbsp;<\/td><td>od kuzynki Celiny z rodzin\u0105<\/td><\/tr><tr><td class=\"has-text-align-center\" data-align=\"center\"><strong>poza<\/strong> <strong>parafi\u0105<\/strong><\/td><td class=\"has-text-align-center\" data-align=\"center\"><strong>&nbsp;<\/strong>Wakacje 2023 <br>ks. Proboszcz<\/td><td>od uczestnik\u00f3w pogrzebu<\/td><\/tr><tr><td class=\"has-text-align-center\" data-align=\"center\"><strong>poza<\/strong> <strong>parafi\u0105<\/strong><\/td><td class=\"has-text-align-center\" data-align=\"center\">Wakacje 2023 <br>ks. Proboszcz<\/td><td>od uczestnik\u00f3w pogrzebu<\/td><\/tr><tr><td class=\"has-text-align-center\" data-align=\"center\"><strong>poza<\/strong> <strong>parafi\u0105<\/strong><\/td><td class=\"has-text-align-center\" data-align=\"center\"><strong>&nbsp;<\/strong>Wakacje 2023 <br>ks. Proboszcz<\/td><td>od uczestnik\u00f3w pogrzebu<\/td><\/tr><tr><td class=\"has-text-align-center\" data-align=\"center\"><strong>poza<\/strong> <strong>parafi\u0105<\/strong><\/td><td class=\"has-text-align-center\" data-align=\"center\"><strong>&nbsp;<\/strong>Wakacje 2023 <br>ks. Proboszcz<\/td><td>od uczestnik\u00f3w pogrzebu<\/td><\/tr><\/tbody><\/table><\/figure>\n","protected":false},"excerpt":{"rendered":"<p>2022\/5; pogrzeb: 24.02.2022 data godz. ofiarodawcy \/ intencja 27.02.2022 9.30 w 7 dzie\u0144 po \u015bmierci 22.03.2022 6.30 w 30 dzie\u0144 po \u015bmierci 01.04.2022 18.00 od Oli i Gabriela KRZYSZTONI\u00d3W (w ko\u015bciele \u015bw. Maksymiliana Marii Kolbego w D\u0105browie G\u00f3rniczej) 04.10.2023 6.30 od syna z rodzin\u0105 05.10.2023 18.00 od c\u00f3rki Kamili z m\u0119\u017cem \u0141ukaszem 06.10.2023 6.30 od&#8230;<\/p>\n","protected":false},"author":3,"featured_media":188,"comment_status":"closed","ping_status":"","sticky":false,"template":"","format":"standard","meta":{"footnotes":""},"categories":[6],"tags":[],"class_list":["post-1943","post","type-post","status-publish","format-standard","has-post-thumbnail","hentry","category-intencje_pogrzebowe"],"_links":{"self":[{"href":"https:\/\/bobolagorlice.pl\/index.php\/wp-json\/wp\/v2\/posts\/1943","targetHints":{"allow":["GET"]}}],"collection":[{"href":"https:\/\/bobolagorlice.pl\/index.php\/wp-json\/wp\/v2\/posts"}],"about":[{"href":"https:\/\/bobolagorlice.pl\/index.php\/wp-json\/wp\/v2\/types\/post"}],"author":[{"embeddable":true,"href":"https:\/\/bobolagorlice.pl\/index.php\/wp-json\/wp\/v2\/users\/3"}],"replies":[{"embeddable":true,"href":"https:\/\/bobolagorlice.pl\/index.php\/wp-json\/wp\/v2\/comments?post=1943"}],"version-history":[{"count":4,"href":"https:\/\/bobolagorlice.pl\/index.php\/wp-json\/wp\/v2\/posts\/1943\/revisions"}],"predecessor-version":[{"id":3928,"href":"https:\/\/bobolagorlice.pl\/index.php\/wp-json\/wp\/v2\/posts\/1943\/revisions\/3928"}],"wp:featuredmedia":[{"embeddable":true,"href":"https:\/\/bobolagorlice.pl\/index.php\/wp-json\/wp\/v2\/media\/188"}],"wp:attachment":[{"href":"https:\/\/bobolagorlice.pl\/index.php\/wp-json\/wp\/v2\/media?parent=1943"}],"wp:term":[{"taxonomy":"category","embeddable":true,"href":"https:\/\/bobolagorlice.pl\/index.php\/wp-json\/wp\/v2\/categories?post=1943"},{"taxonomy":"post_tag","embeddable":true,"href":"https:\/\/bobolagorlice.pl\/index.php\/wp-json\/wp\/v2\/tags?post=1943"}],"curies":[{"name":"wp","href":"https:\/\/api.w.org\/{rel}","templated":true}]}}