{"id":2196,"date":"2022-04-23T12:31:39","date_gmt":"2022-04-23T10:31:39","guid":{"rendered":"https:\/\/bobolagorlice.pl\/?p=2196"},"modified":"2023-12-10T17:58:01","modified_gmt":"2023-12-10T16:58:01","slug":"zofia-michalik","status":"publish","type":"post","link":"https:\/\/bobolagorlice.pl\/index.php\/2022\/04\/23\/zofia-michalik\/","title":{"rendered":"\u2020Zofia MICHALIK"},"content":{"rendered":"\n<p><strong>2022\/14<\/strong>; pogrzeb: 22.04.2022<\/p>\n\n\n\n<figure class=\"wp-block-table\"><table><tbody><tr><td class=\"has-text-align-center\" data-align=\"center\"><strong><em>data<\/em><\/strong><\/td><td class=\"has-text-align-center\" data-align=\"center\"><strong><em>godz.<\/em><\/strong><\/td><td><strong><em>ofiarodawcy \/ intencja<\/em><\/strong><\/td><\/tr><tr><td class=\"has-text-align-center\" data-align=\"center\"><strong>25.04.2022<\/strong><\/td><td class=\"has-text-align-center\" data-align=\"center\"><strong>18.00<\/strong><\/td><td>w <strong>7 dzie\u0144<\/strong> po \u015bmierci \u2013 <strong>od c\u00f3rki i zi\u0119cia<\/strong><\/td><\/tr><tr><td class=\"has-text-align-center\" data-align=\"center\"><strong>18.05.2022<\/strong><\/td><td class=\"has-text-align-center\" data-align=\"center\"><strong>6.30<\/strong><\/td><td>w <strong>30 dzie\u0144<\/strong> po \u015bmierci \u2013 <strong>od wnuczki Justyny<\/strong><\/td><\/tr><tr><td class=\"has-text-align-center\" data-align=\"center\">04.12.2023<\/td><td class=\"has-text-align-center\" data-align=\"center\">6.30<\/td><td>od <strong>wnuka Marcina<\/strong><\/td><\/tr><tr><td class=\"has-text-align-center\" data-align=\"center\">08.12.2023<\/td><td class=\"has-text-align-center\" data-align=\"center\">18.00<\/td><td>od <strong>chrze\u015bnicy Barbary<\/strong> BAJOREK z m\u0119\u017cem <strong>Mieczys\u0142awem <\/strong>z Kobylanki&nbsp;&nbsp; <strong>VII<\/strong><\/td><\/tr><tr><td class=\"has-text-align-center\" data-align=\"center\">09.12.2023<\/td><td class=\"has-text-align-center\" data-align=\"center\">6.30<\/td><td>od rodziny MROZK\u00d3W<\/td><\/tr><tr><td class=\"has-text-align-center\" data-align=\"center\">11.12.2023<\/td><td class=\"has-text-align-center\" data-align=\"center\">6.30<\/td><td>od s\u0105siad\u00f3w <strong>z bloku<\/strong> Kopernika 11.<\/td><\/tr><tr><td class=\"has-text-align-center\" data-align=\"center\">05.12.2023<\/td><td class=\"has-text-align-center\" data-align=\"center\">18.00<\/td><td>od rodziny KWA\u015aNIAK\u00d3W<\/td><\/tr><tr><td class=\"has-text-align-center\" data-align=\"center\">12.12.2023<\/td><td class=\"has-text-align-center\" data-align=\"center\">18.00<\/td><td>od Bo\u017ceny, Piotra i Bart\u0142omieja ZAST\u0118PA<\/td><\/tr><tr><td class=\"has-text-align-center\" data-align=\"center\">07.12.2023<\/td><td class=\"has-text-align-center\" data-align=\"center\">18.00<\/td><td>od Kazimiery ZAST\u0118PA<\/td><\/tr><tr><td class=\"has-text-align-center\" data-align=\"center\">13.12.2023<\/td><td class=\"has-text-align-center\" data-align=\"center\">6.30<\/td><td>od Artura<\/td><\/tr><tr><td class=\"has-text-align-center\" data-align=\"center\">14.12.2023<\/td><td class=\"has-text-align-center\" data-align=\"center\">6.30<\/td><td>od rodziny MICHALIK\u00d3W<\/td><\/tr><tr><td class=\"has-text-align-center\" data-align=\"center\">06.12.2023<\/td><td class=\"has-text-align-center\" data-align=\"center\">6.30<\/td><td>od rodziny MUSIA\u0141\u00d3W<\/td><\/tr><tr><td class=\"has-text-align-center\" data-align=\"center\"><strong>poza<\/strong> <strong>parafi\u0105<\/strong><\/td><td class=\"has-text-align-center\" data-align=\"center\">Wakacje 2023 <br>ks. Proboszcz<strong>&nbsp;<\/strong><\/td><td>od Gazowni w Gorlicach<\/td><\/tr><tr><td class=\"has-text-align-center\" data-align=\"center\"><strong>poza<\/strong> <strong>parafi\u0105<\/strong><\/td><td class=\"has-text-align-center\" data-align=\"center\">Wakacje 2023 <br>ks. Proboszcz<strong>&nbsp;<\/strong><\/td><td>od uczestnik\u00f3w pogrzebu<\/td><\/tr><tr><td class=\"has-text-align-center\" data-align=\"center\"><strong>poza<\/strong> <strong>parafi\u0105<\/strong><\/td><td class=\"has-text-align-center\" data-align=\"center\"><strong>&nbsp;<\/strong>Wakacje 2023 <br>ks. Proboszcz<\/td><td>od uczestnik\u00f3w pogrzebu<\/td><\/tr><tr><td class=\"has-text-align-center\" data-align=\"center\"><strong>poza<\/strong> <strong>parafi\u0105<\/strong><\/td><td class=\"has-text-align-center\" data-align=\"center\"><strong>&nbsp;<\/strong>Wakacje 2023 <br>ks. Proboszcz<\/td><td>od uczestnik\u00f3w pogrzebu<\/td><\/tr><\/tbody><\/table><\/figure>\n","protected":false},"excerpt":{"rendered":"<p>2022\/14; pogrzeb: 22.04.2022 data godz. ofiarodawcy \/ intencja 25.04.2022 18.00 w 7 dzie\u0144 po \u015bmierci \u2013 od c\u00f3rki i zi\u0119cia 18.05.2022 6.30 w 30 dzie\u0144 po \u015bmierci \u2013 od wnuczki Justyny 04.12.2023 6.30 od wnuka Marcina 08.12.2023 18.00 od chrze\u015bnicy Barbary BAJOREK z m\u0119\u017cem Mieczys\u0142awem z Kobylanki&nbsp;&nbsp; VII 09.12.2023 6.30 od rodziny MROZK\u00d3W 11.12.2023 6.30&#8230;<\/p>\n","protected":false},"author":3,"featured_media":188,"comment_status":"closed","ping_status":"","sticky":false,"template":"","format":"standard","meta":{"footnotes":""},"categories":[6],"tags":[],"class_list":["post-2196","post","type-post","status-publish","format-standard","has-post-thumbnail","hentry","category-intencje_pogrzebowe"],"_links":{"self":[{"href":"https:\/\/bobolagorlice.pl\/index.php\/wp-json\/wp\/v2\/posts\/2196","targetHints":{"allow":["GET"]}}],"collection":[{"href":"https:\/\/bobolagorlice.pl\/index.php\/wp-json\/wp\/v2\/posts"}],"about":[{"href":"https:\/\/bobolagorlice.pl\/index.php\/wp-json\/wp\/v2\/types\/post"}],"author":[{"embeddable":true,"href":"https:\/\/bobolagorlice.pl\/index.php\/wp-json\/wp\/v2\/users\/3"}],"replies":[{"embeddable":true,"href":"https:\/\/bobolagorlice.pl\/index.php\/wp-json\/wp\/v2\/comments?post=2196"}],"version-history":[{"count":4,"href":"https:\/\/bobolagorlice.pl\/index.php\/wp-json\/wp\/v2\/posts\/2196\/revisions"}],"predecessor-version":[{"id":4132,"href":"https:\/\/bobolagorlice.pl\/index.php\/wp-json\/wp\/v2\/posts\/2196\/revisions\/4132"}],"wp:featuredmedia":[{"embeddable":true,"href":"https:\/\/bobolagorlice.pl\/index.php\/wp-json\/wp\/v2\/media\/188"}],"wp:attachment":[{"href":"https:\/\/bobolagorlice.pl\/index.php\/wp-json\/wp\/v2\/media?parent=2196"}],"wp:term":[{"taxonomy":"category","embeddable":true,"href":"https:\/\/bobolagorlice.pl\/index.php\/wp-json\/wp\/v2\/categories?post=2196"},{"taxonomy":"post_tag","embeddable":true,"href":"https:\/\/bobolagorlice.pl\/index.php\/wp-json\/wp\/v2\/tags?post=2196"}],"curies":[{"name":"wp","href":"https:\/\/api.w.org\/{rel}","templated":true}]}}