{"id":2287,"date":"2022-05-25T10:45:46","date_gmt":"2022-05-25T08:45:46","guid":{"rendered":"https:\/\/bobolagorlice.pl\/?p=2287"},"modified":"2023-12-23T14:02:48","modified_gmt":"2023-12-23T13:02:48","slug":"stanislaw-dusza","status":"publish","type":"post","link":"https:\/\/bobolagorlice.pl\/index.php\/2022\/05\/25\/stanislaw-dusza\/","title":{"rendered":"\u2020Stanis\u0142aw DUSZA"},"content":{"rendered":"\n<p><strong>2022\/18<\/strong>; pogrzeb: 24.05.2022<\/p>\n\n\n\n<figure class=\"wp-block-table\"><table><tbody><tr><td class=\"has-text-align-center\" data-align=\"center\"><strong><em>data<\/em><\/strong><\/td><td class=\"has-text-align-center\" data-align=\"center\"><strong><em>godz.<\/em><\/strong><\/td><td><strong><em>ofiarodawcy\/intencja<\/em><\/strong><\/td><\/tr><tr><td class=\"has-text-align-center\" data-align=\"center\"><strong>27.05.2022<\/strong><\/td><td class=\"has-text-align-center\" data-align=\"center\"><strong>6.30<\/strong><\/td><td>W <strong>7 dzie\u0144<\/strong> po \u015bmierci \u2013 od siostry z rodzin\u0105<\/td><\/tr><tr><td class=\"has-text-align-center\" data-align=\"center\"><strong>19.06.2022<\/strong><\/td><td class=\"has-text-align-center\" data-align=\"center\"><strong>9.30.<\/strong><\/td><td>w <strong>30 dzie\u0144<\/strong> po \u015bmierci \u2013 od brata z rodzin\u0105<\/td><\/tr><tr><td class=\"has-text-align-center\" data-align=\"center\">15.12.2023<\/td><td class=\"has-text-align-center\" data-align=\"center\">18.00<\/td><td>od ojca<\/td><\/tr><tr><td class=\"has-text-align-center\" data-align=\"center\">18.12.2023<\/td><td class=\"has-text-align-center\" data-align=\"center\">18.00<\/td><td>od Patrycji z rodzin\u0105<\/td><\/tr><tr><td class=\"has-text-align-center\" data-align=\"center\">19.12.2023<\/td><td class=\"has-text-align-center\" data-align=\"center\">18.00<\/td><td>od chrzestnego ojca Kazimierza z \u017con\u0105<\/td><\/tr><tr><td class=\"has-text-align-center\" data-align=\"center\">20.12.2023<\/td><td class=\"has-text-align-center\" data-align=\"center\">6.30<\/td><td>od koleg\u00f3w z BRYGADY BUDOWLANEJ<\/td><\/tr><tr><td class=\"has-text-align-center\" data-align=\"center\">21.12.2023<\/td><td class=\"has-text-align-center\" data-align=\"center\">18.00<\/td><td>od MONTER\u00d3W I SPAWACZY firmy \u201eOTECH\u201d<\/td><\/tr><tr><td class=\"has-text-align-center\" data-align=\"center\">22.12.2023<\/td><td class=\"has-text-align-center\" data-align=\"center\">18.00<\/td><td>od MONTER\u00d3W I SPAWACZY firmy \u201eOTECH\u201d<\/td><\/tr><tr><td class=\"has-text-align-center\" data-align=\"center\">23.12.2023<\/td><td class=\"has-text-align-center\" data-align=\"center\">6.30<\/td><td>od kuzynek Lucyny i Jadwigi<\/td><\/tr><tr><td class=\"has-text-align-center\" data-align=\"center\">26.12.2023<\/td><td class=\"has-text-align-center\" data-align=\"center\">19.00<\/td><td>od znajomych i przyjaci\u00f3\u0142<\/td><\/tr><tr><td class=\"has-text-align-center\" data-align=\"center\">30.12.2023<\/td><td class=\"has-text-align-center\" data-align=\"center\">18.00<\/td><td>od rodziny KLUK\u00d3W<\/td><\/tr><tr><td class=\"has-text-align-center\" data-align=\"center\">25.12.2023<\/td><td class=\"has-text-align-center\" data-align=\"center\">6.30<\/td><td>od Bo\u017ceny i Mariusza z rodzin\u0105<\/td><\/tr><tr><td class=\"has-text-align-center\" data-align=\"center\"><strong>poza<\/strong> <strong>parafi\u0105<\/strong><\/td><td class=\"has-text-align-center\" data-align=\"center\">ks. Kapelan<br>Andrzej Kluz<strong>&nbsp;<\/strong><\/td><td>od Ewy i Zbyszka DUTKA z Mazur z rodzin\u0105<\/td><\/tr><tr><td class=\"has-text-align-center\" data-align=\"center\"><strong>poza<\/strong> <strong>parafi\u0105<\/strong><\/td><td class=\"has-text-align-center\" data-align=\"center\"><strong>&nbsp;<\/strong>ks. Kapelan<br>Andrzej Kluz<strong>&nbsp;<\/strong><\/td><td>od chrzestnego ojca Kazimierza z \u017con\u0105<\/td><\/tr><tr><td class=\"has-text-align-center\" data-align=\"center\"><strong>poza<\/strong> <strong>parafi\u0105<\/strong><\/td><td class=\"has-text-align-center\" data-align=\"center\"><strong>&nbsp;<\/strong>ks. Kapelan<br>Andrzej Kluz<strong>&nbsp;<\/strong><\/td><td>od s\u0105siad\u00f3w KORONA<\/td><\/tr><tr><td class=\"has-text-align-center\" data-align=\"center\"><strong>poza<\/strong> <strong>parafi\u0105<\/strong><\/td><td class=\"has-text-align-center\" data-align=\"center\"><strong>&nbsp;<\/strong>ks. Kapelan<br>Andrzej Kluz<strong>&nbsp;<\/strong><\/td><td>od koleg\u00f3w z BRYGADY BUDOWLANEJ<\/td><\/tr><tr><td class=\"has-text-align-center\" data-align=\"center\"><strong>poza<\/strong> <strong>parafi\u0105<\/strong><\/td><td class=\"has-text-align-center\" data-align=\"center\"><strong>&nbsp;<\/strong>ks. Kapelan<br>Andrzej Kluz<strong>&nbsp;<\/strong><\/td><td>od koleg\u00f3w z BRYGADY BUDOWLANEJ<\/td><\/tr><tr><td class=\"has-text-align-center\" data-align=\"center\"><strong>poza<\/strong> <strong>parafi\u0105<\/strong><\/td><td class=\"has-text-align-center\" data-align=\"center\">ks. Kapelan<br>Andrzej Kluz<strong>&nbsp;&nbsp;<\/strong><\/td><td>od MONTER\u00d3W I SPAWACZY firmy \u201eOTECH\u201d<\/td><\/tr><tr><td class=\"has-text-align-center\" data-align=\"center\"><strong>poza<\/strong> <strong>parafi\u0105<\/strong><\/td><td class=\"has-text-align-center\" data-align=\"center\"><strong>&nbsp;<\/strong>ks. Kapelan<br>Andrzej Kluz<strong>&nbsp;<\/strong><\/td><td>od MONTER\u00d3W I SPAWACZY firmy \u201eOTECH\u201d<\/td><\/tr><tr><td class=\"has-text-align-center\" data-align=\"center\"><strong>poza<\/strong> <strong>parafi\u0105<\/strong><\/td><td class=\"has-text-align-center\" data-align=\"center\"><strong>&nbsp;<\/strong>ks. Kapelan<br>Andrzej Kluz<strong>&nbsp;<\/strong><\/td><td>od MONTER\u00d3W I SPAWACZY firmy \u201eOTECH\u201d<\/td><\/tr><tr><td class=\"has-text-align-center\" data-align=\"center\"><strong>poza<\/strong> <strong>parafi\u0105<\/strong><\/td><td class=\"has-text-align-center\" data-align=\"center\"><strong>&nbsp;<\/strong>ks. Kapelan<br>Andrzej Kluz<strong>&nbsp;<\/strong><\/td><td>od MONTER\u00d3W I SPAWACZY firmy \u201eOTECH\u201d<\/td><\/tr><tr><td class=\"has-text-align-center\" data-align=\"center\"><strong>poza<\/strong> <strong>parafi\u0105<\/strong><\/td><td class=\"has-text-align-center\" data-align=\"center\">ks. Kapelan<br>Andrzej Kluz<strong>&nbsp;&nbsp;<\/strong><\/td><td>od s\u0105siadki Agnieszki GRABOWSKIEJ z rodzina<\/td><\/tr><tr><td class=\"has-text-align-center\" data-align=\"center\"><strong>poza<\/strong> <strong>parafi\u0105<\/strong><\/td><td class=\"has-text-align-center\" data-align=\"center\"><strong>&nbsp;<\/strong>ks. Kapelan<br>Andrzej Kluz<strong>&nbsp;<\/strong><\/td><td>od s\u0105siad\u00f3w \u015aWIERCZK\u00d3W<\/td><\/tr><tr><td class=\"has-text-align-center\" data-align=\"center\"><strong>poza<\/strong> <strong>parafi\u0105<\/strong><\/td><td class=\"has-text-align-center\" data-align=\"center\"><strong>&nbsp;<\/strong><\/td><td>od rodziny KR\u00d3L i TRUTEGO z Podhala<\/td><\/tr><tr><td class=\"has-text-align-center\" data-align=\"center\"><strong>poza<\/strong> <strong>parafi\u0105<\/strong><\/td><td class=\"has-text-align-center\" data-align=\"center\"><strong>&nbsp;<\/strong><\/td><td>od zarz\u0105du i pracownik\u00f3w firmy \u201eOTECH\u201d<\/td><\/tr><tr><td class=\"has-text-align-center\" data-align=\"center\"><strong>poza<\/strong> <strong>parafi\u0105<\/strong><\/td><td class=\"has-text-align-center\" data-align=\"center\"><strong>&nbsp;<\/strong><\/td><td>od Ma\u0142gorzaty i Andrzeja KAWA<\/td><\/tr><tr><td class=\"has-text-align-center\" data-align=\"center\"><strong>poza<\/strong> <strong>parafi\u0105<\/strong><\/td><td class=\"has-text-align-center\" data-align=\"center\"><strong>&nbsp;<\/strong><\/td><td>Od w\u0142a\u015bciciela i pracownik\u00f3w \u201eDARK-PUB HOTELIK\u201d<\/td><\/tr><tr><td class=\"has-text-align-center\" data-align=\"center\"><strong>poza<\/strong> <strong>parafi\u0105<\/strong><\/td><td class=\"has-text-align-center\" data-align=\"center\"><strong>&nbsp;<\/strong><\/td><td>od przyjaci\u00f3\u0142 z pubu PAUZA\u201d<\/td><\/tr><tr><td class=\"has-text-align-center\" data-align=\"center\"><strong>poza<\/strong> <strong>parafi\u0105<\/strong><\/td><td class=\"has-text-align-center\" data-align=\"center\"><strong>&nbsp;<\/strong><\/td><td>oOd Barbary i Stanis\u0142awa KAWA<\/td><\/tr><tr><td class=\"has-text-align-center\" data-align=\"center\"><strong>poza<\/strong> <strong>parafi\u0105<\/strong><\/td><td class=\"has-text-align-center\" data-align=\"center\"><strong>&nbsp;<\/strong><\/td><td>od uczestnik\u00f3w pogrzebu<\/td><\/tr><tr><td class=\"has-text-align-center\" data-align=\"center\"><strong>poza<\/strong> <strong>parafi\u0105<\/strong><\/td><td class=\"has-text-align-center\" data-align=\"center\"><strong>&nbsp;<\/strong><\/td><td>od uczestnik\u00f3w pogrzebu<\/td><\/tr><tr><td class=\"has-text-align-center\" data-align=\"center\"><strong>poza<\/strong> <strong>parafi\u0105<\/strong><\/td><td class=\"has-text-align-center\" data-align=\"center\"><strong>&nbsp;<\/strong><\/td><td>od uczestnik\u00f3w pogrzebu<\/td><\/tr><tr><td class=\"has-text-align-center\" data-align=\"center\"><strong>poza<\/strong> <strong>parafi\u0105<\/strong><\/td><td class=\"has-text-align-center\" data-align=\"center\"><strong>&nbsp;<\/strong><\/td><td>od uczestnik\u00f3w pogrzebu<\/td><\/tr><\/tbody><\/table><\/figure>\n","protected":false},"excerpt":{"rendered":"<p>2022\/18; pogrzeb: 24.05.2022 data godz. ofiarodawcy\/intencja 27.05.2022 6.30 W 7 dzie\u0144 po \u015bmierci \u2013 od siostry z rodzin\u0105 19.06.2022 9.30. w 30 dzie\u0144 po \u015bmierci \u2013 od brata z rodzin\u0105 15.12.2023 18.00 od ojca 18.12.2023 18.00 od Patrycji z rodzin\u0105 19.12.2023 18.00 od chrzestnego ojca Kazimierza z \u017con\u0105 20.12.2023 6.30 od koleg\u00f3w z BRYGADY BUDOWLANEJ&#8230;<\/p>\n","protected":false},"author":3,"featured_media":188,"comment_status":"closed","ping_status":"","sticky":false,"template":"","format":"standard","meta":{"footnotes":""},"categories":[6],"tags":[],"class_list":["post-2287","post","type-post","status-publish","format-standard","has-post-thumbnail","hentry","category-intencje_pogrzebowe"],"_links":{"self":[{"href":"https:\/\/bobolagorlice.pl\/index.php\/wp-json\/wp\/v2\/posts\/2287","targetHints":{"allow":["GET"]}}],"collection":[{"href":"https:\/\/bobolagorlice.pl\/index.php\/wp-json\/wp\/v2\/posts"}],"about":[{"href":"https:\/\/bobolagorlice.pl\/index.php\/wp-json\/wp\/v2\/types\/post"}],"author":[{"embeddable":true,"href":"https:\/\/bobolagorlice.pl\/index.php\/wp-json\/wp\/v2\/users\/3"}],"replies":[{"embeddable":true,"href":"https:\/\/bobolagorlice.pl\/index.php\/wp-json\/wp\/v2\/comments?post=2287"}],"version-history":[{"count":5,"href":"https:\/\/bobolagorlice.pl\/index.php\/wp-json\/wp\/v2\/posts\/2287\/revisions"}],"predecessor-version":[{"id":4205,"href":"https:\/\/bobolagorlice.pl\/index.php\/wp-json\/wp\/v2\/posts\/2287\/revisions\/4205"}],"wp:featuredmedia":[{"embeddable":true,"href":"https:\/\/bobolagorlice.pl\/index.php\/wp-json\/wp\/v2\/media\/188"}],"wp:attachment":[{"href":"https:\/\/bobolagorlice.pl\/index.php\/wp-json\/wp\/v2\/media?parent=2287"}],"wp:term":[{"taxonomy":"category","embeddable":true,"href":"https:\/\/bobolagorlice.pl\/index.php\/wp-json\/wp\/v2\/categories?post=2287"},{"taxonomy":"post_tag","embeddable":true,"href":"https:\/\/bobolagorlice.pl\/index.php\/wp-json\/wp\/v2\/tags?post=2287"}],"curies":[{"name":"wp","href":"https:\/\/api.w.org\/{rel}","templated":true}]}}