{"id":2340,"date":"2022-06-04T19:13:10","date_gmt":"2022-06-04T17:13:10","guid":{"rendered":"https:\/\/bobolagorlice.pl\/?p=2340"},"modified":"2024-01-05T17:33:59","modified_gmt":"2024-01-05T16:33:59","slug":"jozef-tadeusz-potocki","status":"publish","type":"post","link":"https:\/\/bobolagorlice.pl\/index.php\/2022\/06\/04\/jozef-tadeusz-potocki\/","title":{"rendered":"\u2020J\u00f3zef Tadeusz POTOCKI"},"content":{"rendered":"\n<p><strong>2022\/19<\/strong>; pogrzeb: 03.06.2022<\/p>\n\n\n\n<figure class=\"wp-block-table\"><table><tbody><tr><td class=\"has-text-align-center\" data-align=\"center\"><strong><em>data<\/em><\/strong><\/td><td class=\"has-text-align-center\" data-align=\"center\"><strong><em>godz.<\/em><\/strong><\/td><td><strong><em>ofiarodawcy\/intencja<\/em><\/strong><\/td><\/tr><tr><td class=\"has-text-align-center\" data-align=\"center\">29.12.2023<\/td><td class=\"has-text-align-center\" data-align=\"center\">6.30<\/td><td>od c\u00f3rki Katarzyny<\/td><\/tr><tr><td class=\"has-text-align-center\" data-align=\"center\">14.01.2024<\/td><td class=\"has-text-align-center\" data-align=\"center\">6.30<\/td><td>od uczestnik\u00f3w pogrzebu<\/td><\/tr><tr><td class=\"has-text-align-center\" data-align=\"center\">30.12.2023<\/td><td class=\"has-text-align-center\" data-align=\"center\">6.30<\/td><td>od c\u00f3rki Magdaleny<\/td><\/tr><tr><td class=\"has-text-align-center\" data-align=\"center\">02.01.2024<\/td><td class=\"has-text-align-center\" data-align=\"center\">6.30<\/td><td>od wnuk\u00f3w<\/td><\/tr><tr><td class=\"has-text-align-center\" data-align=\"center\">03.01.2024<\/td><td class=\"has-text-align-center\" data-align=\"center\">6.30<\/td><td>od rodziny CI\u015aLAK<\/td><\/tr><tr><td class=\"has-text-align-center\" data-align=\"center\">04.01.2024<\/td><td class=\"has-text-align-center\" data-align=\"center\">6.30<\/td><td>od rodziny MIKOSZ<\/td><\/tr><tr><td class=\"has-text-align-center\" data-align=\"center\">10.01.2024<\/td><td class=\"has-text-align-center\" data-align=\"center\">6.30<\/td><td>od rodziny MALINOWSKICH<\/td><\/tr><tr><td class=\"has-text-align-center\" data-align=\"center\">11.01.2024<\/td><td class=\"has-text-align-center\" data-align=\"center\">6.30<\/td><td>od rodziny \u017bYD\u0141O<\/td><\/tr><tr><td class=\"has-text-align-center\" data-align=\"center\">12.01.2024<\/td><td class=\"has-text-align-center\" data-align=\"center\">6.30<\/td><td>od rodziny MITU\u015a<\/td><\/tr><tr><td class=\"has-text-align-center\" data-align=\"center\">13.01.2024<\/td><td class=\"has-text-align-center\" data-align=\"center\">6.30<\/td><td>od rodziny RURKA<\/td><\/tr><\/tbody><\/table><\/figure>\n","protected":false},"excerpt":{"rendered":"<p>2022\/19; pogrzeb: 03.06.2022 data godz. ofiarodawcy\/intencja 29.12.2023 6.30 od c\u00f3rki Katarzyny 14.01.2024 6.30 od uczestnik\u00f3w pogrzebu 30.12.2023 6.30 od c\u00f3rki Magdaleny 02.01.2024 6.30 od wnuk\u00f3w 03.01.2024 6.30 od rodziny CI\u015aLAK 04.01.2024 6.30 od rodziny MIKOSZ 10.01.2024 6.30 od rodziny MALINOWSKICH 11.01.2024 6.30 od rodziny \u017bYD\u0141O 12.01.2024 6.30 od rodziny MITU\u015a 13.01.2024 6.30 od rodziny RURKA<\/p>\n","protected":false},"author":3,"featured_media":188,"comment_status":"closed","ping_status":"","sticky":false,"template":"","format":"standard","meta":{"footnotes":""},"categories":[6],"tags":[],"class_list":["post-2340","post","type-post","status-publish","format-standard","has-post-thumbnail","hentry","category-intencje_pogrzebowe"],"_links":{"self":[{"href":"https:\/\/bobolagorlice.pl\/index.php\/wp-json\/wp\/v2\/posts\/2340","targetHints":{"allow":["GET"]}}],"collection":[{"href":"https:\/\/bobolagorlice.pl\/index.php\/wp-json\/wp\/v2\/posts"}],"about":[{"href":"https:\/\/bobolagorlice.pl\/index.php\/wp-json\/wp\/v2\/types\/post"}],"author":[{"embeddable":true,"href":"https:\/\/bobolagorlice.pl\/index.php\/wp-json\/wp\/v2\/users\/3"}],"replies":[{"embeddable":true,"href":"https:\/\/bobolagorlice.pl\/index.php\/wp-json\/wp\/v2\/comments?post=2340"}],"version-history":[{"count":4,"href":"https:\/\/bobolagorlice.pl\/index.php\/wp-json\/wp\/v2\/posts\/2340\/revisions"}],"predecessor-version":[{"id":4287,"href":"https:\/\/bobolagorlice.pl\/index.php\/wp-json\/wp\/v2\/posts\/2340\/revisions\/4287"}],"wp:featuredmedia":[{"embeddable":true,"href":"https:\/\/bobolagorlice.pl\/index.php\/wp-json\/wp\/v2\/media\/188"}],"wp:attachment":[{"href":"https:\/\/bobolagorlice.pl\/index.php\/wp-json\/wp\/v2\/media?parent=2340"}],"wp:term":[{"taxonomy":"category","embeddable":true,"href":"https:\/\/bobolagorlice.pl\/index.php\/wp-json\/wp\/v2\/categories?post=2340"},{"taxonomy":"post_tag","embeddable":true,"href":"https:\/\/bobolagorlice.pl\/index.php\/wp-json\/wp\/v2\/tags?post=2340"}],"curies":[{"name":"wp","href":"https:\/\/api.w.org\/{rel}","templated":true}]}}