{"id":2355,"date":"2022-06-11T15:33:26","date_gmt":"2022-06-11T13:33:26","guid":{"rendered":"https:\/\/bobolagorlice.pl\/?p=2355"},"modified":"2024-01-15T07:57:32","modified_gmt":"2024-01-15T06:57:32","slug":"fryderyk-romanczyk","status":"publish","type":"post","link":"https:\/\/bobolagorlice.pl\/index.php\/2022\/06\/11\/fryderyk-romanczyk\/","title":{"rendered":"\u2020Fryderyk ROMA\u0143CZYK"},"content":{"rendered":"\n<p><strong>2022\/21<\/strong>; pogrzeb: 08.06.2022<\/p>\n\n\n\n<figure class=\"wp-block-table\"><table><tbody><tr><td class=\"has-text-align-center\" data-align=\"center\"><strong><em>data<\/em><\/strong><\/td><td class=\"has-text-align-center\" data-align=\"center\"><strong><em>godz.<\/em><\/strong><\/td><td><strong><em>ofiarodawcy\/intencja<\/em><\/strong><\/td><\/tr><tr><td class=\"has-text-align-center\" data-align=\"center\"><strong>11.06.2022<\/strong><\/td><td class=\"has-text-align-center\" data-align=\"center\"><strong>6.30<\/strong><\/td><td>W <strong>7 dzie\u0144<\/strong> po \u015bmierci \u2013 od syna Grzegorza i wnuk\u00f3w<\/td><\/tr><tr><td class=\"has-text-align-center\" data-align=\"center\"><strong>04.07.2022<\/strong><\/td><td class=\"has-text-align-center\" data-align=\"center\"><strong>6.30.<\/strong><\/td><td>w <strong>30 dzie\u0144<\/strong> po \u015bmierci \u2013 od syna Grzegorza i wnuk\u00f3w<\/td><\/tr><tr><td class=\"has-text-align-center\" data-align=\"center\">02.01.2024<\/td><td class=\"has-text-align-center\" data-align=\"center\">6.30<\/td><td>od syna Roberta z \u017con\u0105 Joann\u0105<\/td><\/tr><tr><td class=\"has-text-align-center\" data-align=\"center\">03.01.2024<\/td><td class=\"has-text-align-center\" data-align=\"center\">6.30<\/td><td>od syna Krzysztofa z rodzin\u0105<\/td><\/tr><tr><td class=\"has-text-align-center\" data-align=\"center\">12.01.2024<\/td><td class=\"has-text-align-center\" data-align=\"center\">6.30<\/td><td>od syna [<strong>za rodzic\u00f3w ++Zofi\u0119 i Fryderyka ROMA\u0143CZYK<\/strong>]<\/td><\/tr><tr><td class=\"has-text-align-center\" data-align=\"center\">13.01.2024<\/td><td class=\"has-text-align-center\" data-align=\"center\">6.30<\/td><td>od uczni\u00f3w i rodzic\u00f3w <strong>klasy IVa<\/strong> ze Szko\u0142y Podstawowej w Str\u00f3\u017c\u00f3wce<\/td><\/tr><tr><td class=\"has-text-align-center\" data-align=\"center\">18.01.2024<\/td><td class=\"has-text-align-center\" data-align=\"center\">6.30<\/td><td>od s\u0105siad\u00f3w syna Roberta<\/td><\/tr><tr><td class=\"has-text-align-center\" data-align=\"center\">10.01.2023<\/td><td class=\"has-text-align-center\" data-align=\"center\">6.30<\/td><td>od Danuty i Ryszarda PABIS<\/td><\/tr><tr><td class=\"has-text-align-center\" data-align=\"center\">11.01.2024<\/td><td class=\"has-text-align-center\" data-align=\"center\">6.30<\/td><td>od s\u0105siad\u00f3w Ewy i Gustawa MROZ\u00d3W<\/td><\/tr><tr><td class=\"has-text-align-center\" data-align=\"center\">15.01.2024<\/td><td class=\"has-text-align-center\" data-align=\"center\">6.30<\/td><td>od s\u0105siadki \u0141ucji KNAPIK<\/td><\/tr><tr><td class=\"has-text-align-center\" data-align=\"center\">19.01.2024<\/td><td class=\"has-text-align-center\" data-align=\"center\">6.30<\/td><td>od Marii PABIS z rodzina<\/td><\/tr><tr><td class=\"has-text-align-center\" data-align=\"center\">17.01.2024<\/td><td class=\"has-text-align-center\" data-align=\"center\">6.30<\/td><td>od Krystyny i Wies\u0142awa WITK\u00d3W<\/td><\/tr><tr><td class=\"has-text-align-center\" data-align=\"center\"><strong>poza<\/strong> <strong>parafi\u0105<\/strong><\/td><td class=\"has-text-align-center\" data-align=\"center\"><strong>&nbsp;<\/strong><\/td><td>od Ani, Patryka i Wiktorii<\/td><\/tr><tr><td class=\"has-text-align-center\" data-align=\"center\"><strong>poza<\/strong> <strong>parafi\u0105<\/strong><\/td><td class=\"has-text-align-center\" data-align=\"center\"><strong>&nbsp;<\/strong><\/td><td>od rodziny ROMA\u0143CZYK\u00d3W z Kobylanki<\/td><\/tr><tr><td class=\"has-text-align-center\" data-align=\"center\"><strong>poza<\/strong> <strong>parafi\u0105<\/strong><\/td><td class=\"has-text-align-center\" data-align=\"center\"><strong>&nbsp;<\/strong><\/td><td>od rodziny KURBA\u0143SKICH z J\u0119drzejowa<\/td><\/tr><tr><td class=\"has-text-align-center\" data-align=\"center\"><strong>poza<\/strong> <strong>parafi\u0105<\/strong><\/td><td class=\"has-text-align-center\" data-align=\"center\"><strong>&nbsp;<\/strong><\/td><td>z intencji s\u0105siad\u00f3w: W.W. TUMIDAJSKICH, Stanis\u0142awy CIEMA\u0141A, Teresy KRET i Marii DUSZA<\/td><\/tr><tr><td class=\"has-text-align-center\" data-align=\"center\"><strong>poza<\/strong> <strong>parafi\u0105<\/strong><\/td><td class=\"has-text-align-center\" data-align=\"center\"><strong>&nbsp;<\/strong><\/td><td>z intencji dyrekcji, nauczycieli i pracownik\u00f3w Zespo\u0142u Szkolno-Przedszkolnego w Str\u00f3\u017c\u00f3wce<\/td><\/tr><tr><td class=\"has-text-align-center\" data-align=\"center\"><strong>poza<\/strong> <strong>parafi\u0105<\/strong><\/td><td class=\"has-text-align-center\" data-align=\"center\"><strong>&nbsp;<\/strong><\/td><td>z intencji Rady Rodzic\u00f3w Zespo\u0142u Szkolno-Przedszkolnego w Str\u00f3\u017c\u00f3wce<\/td><\/tr><tr><td class=\"has-text-align-center\" data-align=\"center\"><strong>poza<\/strong> <strong>parafi\u0105<\/strong><\/td><td class=\"has-text-align-center\" data-align=\"center\"><strong>&nbsp;<\/strong><\/td><td>od uczestnik\u00f3w pogrzebu<\/td><\/tr><tr><td class=\"has-text-align-center\" data-align=\"center\"><strong>poza<\/strong> <strong>parafi\u0105<\/strong><\/td><td class=\"has-text-align-center\" data-align=\"center\"><strong>&nbsp;<\/strong><\/td><td>od uczestnik\u00f3w pogrzebu<\/td><\/tr><tr><td class=\"has-text-align-center\" data-align=\"center\"><strong>poza<\/strong> <strong>parafi\u0105<\/strong><\/td><td class=\"has-text-align-center\" data-align=\"center\"><strong>&nbsp;<\/strong><\/td><td>od uczestnik\u00f3w pogrzebu<\/td><\/tr><\/tbody><\/table><\/figure>\n","protected":false},"excerpt":{"rendered":"<p>2022\/21; pogrzeb: 08.06.2022 data godz. ofiarodawcy\/intencja 11.06.2022 6.30 W 7 dzie\u0144 po \u015bmierci \u2013 od syna Grzegorza i wnuk\u00f3w 04.07.2022 6.30. w 30 dzie\u0144 po \u015bmierci \u2013 od syna Grzegorza i wnuk\u00f3w 02.01.2024 6.30 od syna Roberta z \u017con\u0105 Joann\u0105 03.01.2024 6.30 od syna Krzysztofa z rodzin\u0105 12.01.2024 6.30 od syna [za rodzic\u00f3w ++Zofi\u0119 i&#8230;<\/p>\n","protected":false},"author":3,"featured_media":188,"comment_status":"closed","ping_status":"","sticky":false,"template":"","format":"standard","meta":{"footnotes":""},"categories":[6],"tags":[],"class_list":["post-2355","post","type-post","status-publish","format-standard","has-post-thumbnail","hentry","category-intencje_pogrzebowe"],"_links":{"self":[{"href":"https:\/\/bobolagorlice.pl\/index.php\/wp-json\/wp\/v2\/posts\/2355","targetHints":{"allow":["GET"]}}],"collection":[{"href":"https:\/\/bobolagorlice.pl\/index.php\/wp-json\/wp\/v2\/posts"}],"about":[{"href":"https:\/\/bobolagorlice.pl\/index.php\/wp-json\/wp\/v2\/types\/post"}],"author":[{"embeddable":true,"href":"https:\/\/bobolagorlice.pl\/index.php\/wp-json\/wp\/v2\/users\/3"}],"replies":[{"embeddable":true,"href":"https:\/\/bobolagorlice.pl\/index.php\/wp-json\/wp\/v2\/comments?post=2355"}],"version-history":[{"count":5,"href":"https:\/\/bobolagorlice.pl\/index.php\/wp-json\/wp\/v2\/posts\/2355\/revisions"}],"predecessor-version":[{"id":4325,"href":"https:\/\/bobolagorlice.pl\/index.php\/wp-json\/wp\/v2\/posts\/2355\/revisions\/4325"}],"wp:featuredmedia":[{"embeddable":true,"href":"https:\/\/bobolagorlice.pl\/index.php\/wp-json\/wp\/v2\/media\/188"}],"wp:attachment":[{"href":"https:\/\/bobolagorlice.pl\/index.php\/wp-json\/wp\/v2\/media?parent=2355"}],"wp:term":[{"taxonomy":"category","embeddable":true,"href":"https:\/\/bobolagorlice.pl\/index.php\/wp-json\/wp\/v2\/categories?post=2355"},{"taxonomy":"post_tag","embeddable":true,"href":"https:\/\/bobolagorlice.pl\/index.php\/wp-json\/wp\/v2\/tags?post=2355"}],"curies":[{"name":"wp","href":"https:\/\/api.w.org\/{rel}","templated":true}]}}