{"id":2358,"date":"2022-06-11T15:36:07","date_gmt":"2022-06-11T13:36:07","guid":{"rendered":"https:\/\/bobolagorlice.pl\/?p=2358"},"modified":"2024-01-22T12:33:01","modified_gmt":"2024-01-22T11:33:01","slug":"zofia-wicher","status":"publish","type":"post","link":"https:\/\/bobolagorlice.pl\/index.php\/2022\/06\/11\/zofia-wicher\/","title":{"rendered":"\u2020Zofia WICHER"},"content":{"rendered":"\n<p><strong>2022\/22<\/strong>; pogrzeb: 10.06.2022<\/p>\n\n\n\n<figure class=\"wp-block-table\"><table><tbody><tr><td class=\"has-text-align-center\" data-align=\"center\"><strong><em>data<\/em><\/strong><\/td><td class=\"has-text-align-center\" data-align=\"center\"><strong><em>godz.<\/em><\/strong><\/td><td><strong><em>ofiarodawcy\/intencja<\/em><\/strong><\/td><\/tr><tr><td class=\"has-text-align-center\" data-align=\"center\">10.01.2024<\/td><td class=\"has-text-align-center\" data-align=\"center\">6.30<\/td><td>od syna Mariusza z \u017con\u0105 Ann\u0105 i synem Miko\u0142ajem<\/td><\/tr><tr><td class=\"has-text-align-center\" data-align=\"center\">12.01.2024<\/td><td class=\"has-text-align-center\" data-align=\"center\">6.30<\/td><td>od syna Mariusza z \u017con\u0105 Ann\u0105 i synem Miko\u0142ajem<\/td><\/tr><tr><td class=\"has-text-align-center\" data-align=\"center\">13.01.2024<\/td><td class=\"has-text-align-center\" data-align=\"center\">6.30<\/td><td>od kole\u017canek i koleg\u00f3w syna z Zespo\u0142u Banku PEKAO SA<\/td><\/tr><tr><td class=\"has-text-align-center\" data-align=\"center\">15.01.2024<\/td><td class=\"has-text-align-center\" data-align=\"center\">6.30<\/td><td>od kole\u017canek i koleg\u00f3w syna z Oddzia\u0142u Banku PEKAO SA \u2013 Nowy S\u0105cz, ul. \u017beromskiego<\/td><\/tr><tr><td class=\"has-text-align-center\" data-align=\"center\">22.01.2024<\/td><td class=\"has-text-align-center\" data-align=\"center\">6.30<\/td><td>od kole\u017canek i koleg\u00f3w syna z Oddzia\u0142u Banku PEKAO SA \u2013 Nowy S\u0105cz, ul. Jagiello\u0144ska<\/td><\/tr><tr><td class=\"has-text-align-center\" data-align=\"center\">17.01.2024<\/td><td class=\"has-text-align-center\" data-align=\"center\">6.30<\/td><td>od kole\u017canek i koleg\u00f3w syna z Centrum Biznesowego w Nowym S\u0105czu<\/td><\/tr><tr><td class=\"has-text-align-center\" data-align=\"center\">19.01.2024<\/td><td class=\"has-text-align-center\" data-align=\"center\">6.30<\/td><td>od kole\u017canek i koleg\u00f3w syna z Centrum Korporacyjnego w Nowym S\u0105czu<\/td><\/tr><tr><td class=\"has-text-align-center\" data-align=\"center\">20.01.2024<\/td><td class=\"has-text-align-center\" data-align=\"center\">6.30<\/td><td>od s\u0105siad\u00f3w z 2 klatki ul. S\u0142oneczna 10<\/td><\/tr><tr><td class=\"has-text-align-center\" data-align=\"center\">23.01.2024<\/td><td class=\"has-text-align-center\" data-align=\"center\">6.30<\/td><td>od Wydzia\u0142u Windykacji i Kredyt\u00f3w by\u0142ego Banku BPH w Gorlicach<\/td><\/tr><tr><td class=\"has-text-align-center\" data-align=\"center\">24.01.2024<\/td><td class=\"has-text-align-center\" data-align=\"center\">6.30<\/td><td>od s\u0105siad\u00f3w z 2 klatki z ul. Krakowskiej \u2013 blok nr 23<\/td><\/tr><tr><td class=\"has-text-align-center\" data-align=\"center\">ks. Andrzej  (Rzesz\u00f3w)<\/td><td class=\"has-text-align-center\" data-align=\"center\"><strong>&nbsp;<\/strong><\/td><td>od El\u017cbiety z rodzin\u0105<\/td><\/tr><tr><td class=\"has-text-align-center\" data-align=\"center\">ks. Andrzej  (Rzesz\u00f3w)<\/td><td class=\"has-text-align-center\" data-align=\"center\"><strong>&nbsp;<\/strong><\/td><td>od kole\u017canek i koleg\u00f3w syna z Centrum Korporacyjnego w Nowym S\u0105czu<\/td><\/tr><tr><td class=\"has-text-align-center\" data-align=\"center\">ks. Andrzej  (Rzesz\u00f3w)<\/td><td class=\"has-text-align-center\" data-align=\"center\"><strong>&nbsp;<\/strong><\/td><td>od s\u0105siad\u00f3w z 2 klatki z ul. Krakowskiej \u2013 blok nr 23<\/td><\/tr><tr><td class=\"has-text-align-center\" data-align=\"center\">ks. Andrzej  (Rzesz\u00f3w)<\/td><td class=\"has-text-align-center\" data-align=\"center\"><strong>&nbsp;<\/strong><\/td><td>od Moniki ROLA z rodzin\u0105<\/td><\/tr><tr><td class=\"has-text-align-center\" data-align=\"center\">ks. Andrzej  (Rzesz\u00f3w)<\/td><td class=\"has-text-align-center\" data-align=\"center\"><strong>&nbsp;<\/strong><\/td><td>od Jolanty i Ireneusza BANEK z rodzin\u0105<\/td><\/tr><tr><td class=\"has-text-align-center\" data-align=\"center\">ks. Andrzej  (Rzesz\u00f3w)<\/td><td class=\"has-text-align-center\" data-align=\"center\"><strong>&nbsp;<\/strong><\/td><td>od Joanny i Laurenta (czyt. Loran) GOFFIN<\/td><\/tr><tr><td class=\"has-text-align-center\" data-align=\"center\">ks. Andrzej  (Rzesz\u00f3w)<\/td><td class=\"has-text-align-center\" data-align=\"center\"><strong>&nbsp;<\/strong><\/td><td>od Renaty i Jerzego ROGALSKICH<\/td><\/tr><tr><td class=\"has-text-align-center\" data-align=\"center\">ks. Andrzej  (Rzesz\u00f3w)<\/td><td class=\"has-text-align-center\" data-align=\"center\"><strong>&nbsp;<\/strong><\/td><td>od Janiny FR\u0104CZEK<\/td><\/tr><tr><td class=\"has-text-align-center\" data-align=\"center\">ks. Andrzej  (Rzesz\u00f3w)<\/td><td class=\"has-text-align-center\" data-align=\"center\"><strong>&nbsp;<\/strong><\/td><td>od Janiny FR\u0104CZEK<\/td><\/tr><tr><td class=\"has-text-align-center\" data-align=\"center\">ks. Andrzej  (Rzesz\u00f3w)<\/td><td class=\"has-text-align-center\" data-align=\"center\"><strong>&nbsp;<\/strong><\/td><td>od Marzeny i Witolda FR\u0104CZEK<\/td><\/tr><tr><td class=\"has-text-align-center\" data-align=\"center\">ks. Andrzej  (Rzesz\u00f3w)<\/td><td class=\"has-text-align-center\" data-align=\"center\"><strong>&nbsp;<\/strong><\/td><td>od Marzeny i Witolda FR\u0104CZEK<\/td><\/tr><tr><td class=\"has-text-align-center\" data-align=\"center\">ks. Andrzej  (Rzesz\u00f3w)<\/td><td class=\"has-text-align-center\" data-align=\"center\"><strong>&nbsp;<\/strong><\/td><td>od s\u0105siad\u00f3w z 2 klatki ul. S\u0142oneczna 10<\/td><\/tr><tr><td class=\"has-text-align-center\" data-align=\"center\">ks. Andrzej  (Rzesz\u00f3w)<\/td><td class=\"has-text-align-center\" data-align=\"center\"><strong>&nbsp;<\/strong><\/td><td>od kole\u017canki Janiny TOKARZ<\/td><\/tr><tr><td class=\"has-text-align-center\" data-align=\"center\">ks. Andrzej  (Rzesz\u00f3w)<\/td><td class=\"has-text-align-center\" data-align=\"center\"><strong>&nbsp;<\/strong><\/td><td>od uczestnik\u00f3w pogrzebu<\/td><\/tr><tr><td class=\"has-text-align-center\" data-align=\"center\">ks. Andrzej  (Rzesz\u00f3w)<\/td><td class=\"has-text-align-center\" data-align=\"center\"><strong>&nbsp;<\/strong><\/td><td>od uczestnik\u00f3w pogrzebu<\/td><\/tr><\/tbody><\/table><\/figure>\n","protected":false},"excerpt":{"rendered":"<p>2022\/22; pogrzeb: 10.06.2022 data godz. ofiarodawcy\/intencja 10.01.2024 6.30 od syna Mariusza z \u017con\u0105 Ann\u0105 i synem Miko\u0142ajem 12.01.2024 6.30 od syna Mariusza z \u017con\u0105 Ann\u0105 i synem Miko\u0142ajem 13.01.2024 6.30 od kole\u017canek i koleg\u00f3w syna z Zespo\u0142u Banku PEKAO SA 15.01.2024 6.30 od kole\u017canek i koleg\u00f3w syna z Oddzia\u0142u Banku PEKAO SA \u2013 Nowy S\u0105cz,&#8230;<\/p>\n","protected":false},"author":3,"featured_media":188,"comment_status":"closed","ping_status":"","sticky":false,"template":"","format":"standard","meta":{"footnotes":""},"categories":[6],"tags":[],"class_list":["post-2358","post","type-post","status-publish","format-standard","has-post-thumbnail","hentry","category-intencje_pogrzebowe"],"_links":{"self":[{"href":"https:\/\/bobolagorlice.pl\/index.php\/wp-json\/wp\/v2\/posts\/2358","targetHints":{"allow":["GET"]}}],"collection":[{"href":"https:\/\/bobolagorlice.pl\/index.php\/wp-json\/wp\/v2\/posts"}],"about":[{"href":"https:\/\/bobolagorlice.pl\/index.php\/wp-json\/wp\/v2\/types\/post"}],"author":[{"embeddable":true,"href":"https:\/\/bobolagorlice.pl\/index.php\/wp-json\/wp\/v2\/users\/3"}],"replies":[{"embeddable":true,"href":"https:\/\/bobolagorlice.pl\/index.php\/wp-json\/wp\/v2\/comments?post=2358"}],"version-history":[{"count":5,"href":"https:\/\/bobolagorlice.pl\/index.php\/wp-json\/wp\/v2\/posts\/2358\/revisions"}],"predecessor-version":[{"id":4356,"href":"https:\/\/bobolagorlice.pl\/index.php\/wp-json\/wp\/v2\/posts\/2358\/revisions\/4356"}],"wp:featuredmedia":[{"embeddable":true,"href":"https:\/\/bobolagorlice.pl\/index.php\/wp-json\/wp\/v2\/media\/188"}],"wp:attachment":[{"href":"https:\/\/bobolagorlice.pl\/index.php\/wp-json\/wp\/v2\/media?parent=2358"}],"wp:term":[{"taxonomy":"category","embeddable":true,"href":"https:\/\/bobolagorlice.pl\/index.php\/wp-json\/wp\/v2\/categories?post=2358"},{"taxonomy":"post_tag","embeddable":true,"href":"https:\/\/bobolagorlice.pl\/index.php\/wp-json\/wp\/v2\/tags?post=2358"}],"curies":[{"name":"wp","href":"https:\/\/api.w.org\/{rel}","templated":true}]}}