{"id":248,"date":"2021-02-09T21:52:06","date_gmt":"2021-02-09T20:52:06","guid":{"rendered":"https:\/\/bobolagorlice.pl\/?p=248"},"modified":"2022-01-17T13:11:38","modified_gmt":"2022-01-17T12:11:38","slug":"boleslaw-koziol","status":"publish","type":"post","link":"https:\/\/bobolagorlice.pl\/index.php\/2021\/02\/09\/boleslaw-koziol\/","title":{"rendered":"\u2020BOLES\u0141AW KOZIO\u0141"},"content":{"rendered":"\n<figure class=\"wp-block-table\"><table><tbody><tr><td class=\"has-text-align-center\" data-align=\"center\"><strong><em>data<\/em><\/strong><\/td><td class=\"has-text-align-center\" data-align=\"center\"><strong><em>godz.<\/em><\/strong><\/td><td><strong><em>ofiarodawcy \/ intencja<\/em><\/strong><\/td><\/tr><tr><td class=\"has-text-align-center\" data-align=\"center\"><strong>13.12.2020<\/strong><\/td><td class=\"has-text-align-center\" data-align=\"center\"><strong>11.00<\/strong><\/td><td>w <strong>7 dzie\u0144<\/strong> <strong>po \u015bmierci<\/strong><\/td><\/tr><tr><td class=\"has-text-align-center\" data-align=\"center\"><strong>10.02.2022<\/strong><\/td><td class=\"has-text-align-center\" data-align=\"center\"><strong>6.30<\/strong><\/td><td>od syna Andrzeja z rodzin\u0105<\/td><\/tr><tr><td class=\"has-text-align-center\" data-align=\"center\"><strong>11.02.2022<\/strong><\/td><td class=\"has-text-align-center\" data-align=\"center\"><strong>6.30<\/strong><\/td><td>od rodziny MROZK\u00d3W<\/td><\/tr><tr><td class=\"has-text-align-center\" data-align=\"center\"><strong>15.02.2022<\/strong><\/td><td class=\"has-text-align-center\" data-align=\"center\"><strong>6.30<\/strong><\/td><td>od Maryli i Tomasza OLCZAK\u00d3W<\/td><\/tr><tr><td class=\"has-text-align-center\" data-align=\"center\"><strong>16.02.2022<\/strong><\/td><td class=\"has-text-align-center\" data-align=\"center\"><strong>6.30<\/strong><\/td><td>od s\u0105siadki z klatki 6. (<em>S\u0142oneczna 10.<\/em>) Anny DRECHSLER<\/td><\/tr><tr><td class=\"has-text-align-center\" data-align=\"center\"><strong>17.02.2022<\/strong><\/td><td class=\"has-text-align-center\" data-align=\"center\"><strong>18.00<\/strong><\/td><td>od s\u0105siad\u00f3w z bloku (<em>S\u0142oneczna 10.<\/em>) &#8211; klatka 6.<\/td><\/tr><tr><td class=\"has-text-align-center\" data-align=\"center\"><strong>18.02.2022<\/strong><\/td><td class=\"has-text-align-center\" data-align=\"center\"><strong>6.30<\/strong><\/td><td>od chrze\u015bnicy Marty z rodzin\u0105<\/td><\/tr><tr><td class=\"has-text-align-center\" data-align=\"center\"><strong>19.02.2022<\/strong><\/td><td class=\"has-text-align-center\" data-align=\"center\"><strong>6.30<\/strong><\/td><td>od Barbary z Ropy<\/td><\/tr><tr><td class=\"has-text-align-center\" data-align=\"center\"><strong>22.02.2022<\/strong><\/td><td class=\"has-text-align-center\" data-align=\"center\"><strong>6.30<\/strong><\/td><td>od Grzegorza i Justyny z Ropy<\/td><\/tr><tr><td class=\"has-text-align-center\" data-align=\"center\"><strong>14.02.2022<\/strong><\/td><td class=\"has-text-align-center\" data-align=\"center\"><strong>6.30<\/strong><\/td><td>od uczestnik\u00f3w pogrzebu<\/td><\/tr><tr><td class=\"has-text-align-center\" data-align=\"center\"><strong>20.02.2022<\/strong><\/td><td class=\"has-text-align-center\" data-align=\"center\"><strong>6.30<\/strong><\/td><td>od uczestnik\u00f3w pogrzebu<\/td><\/tr><tr><td class=\"has-text-align-center\" data-align=\"center\"><strong><em>poza parafi\u0105<\/em><\/strong><\/td><td class=\"has-text-align-center\" data-align=\"center\"><strong>&nbsp;ks. Proboszcz<\/strong><\/td><td>od s\u0105siad\u00f3w z bloku (<em>S\u0142oneczna 10.<\/em>) &#8211; klatka 6.<\/td><\/tr><tr><td class=\"has-text-align-center\" data-align=\"center\"><strong><em>poza parafi\u0105<\/em><\/strong><\/td><td class=\"has-text-align-center\" data-align=\"center\"><strong>&nbsp;ks. Proboszcz<\/strong><\/td><td>od chrze\u015bnicy Marty z rodzin\u0105<\/td><\/tr><tr><td class=\"has-text-align-center\" data-align=\"center\"><strong><em>poza parafi\u0105<\/em><\/strong><\/td><td class=\"has-text-align-center\" data-align=\"center\"><strong>&nbsp;ks. Proboszcz<\/strong><\/td><td>od Barbary z Ropy<\/td><\/tr><\/tbody><\/table><\/figure>\n","protected":false},"excerpt":{"rendered":"<p>data godz. ofiarodawcy \/ intencja 13.12.2020 11.00 w 7 dzie\u0144 po \u015bmierci 10.02.2022 6.30 od syna Andrzeja z rodzin\u0105 11.02.2022 6.30 od rodziny MROZK\u00d3W 15.02.2022 6.30 od Maryli i Tomasza OLCZAK\u00d3W 16.02.2022 6.30 od s\u0105siadki z klatki 6. (S\u0142oneczna 10.) Anny DRECHSLER 17.02.2022 18.00 od s\u0105siad\u00f3w z bloku (S\u0142oneczna 10.) &#8211; klatka 6. 18.02.2022 6.30&#8230;<\/p>\n","protected":false},"author":1,"featured_media":188,"comment_status":"closed","ping_status":"","sticky":false,"template":"","format":"standard","meta":{"footnotes":""},"categories":[6],"tags":[],"class_list":["post-248","post","type-post","status-publish","format-standard","has-post-thumbnail","hentry","category-intencje_pogrzebowe"],"_links":{"self":[{"href":"https:\/\/bobolagorlice.pl\/index.php\/wp-json\/wp\/v2\/posts\/248","targetHints":{"allow":["GET"]}}],"collection":[{"href":"https:\/\/bobolagorlice.pl\/index.php\/wp-json\/wp\/v2\/posts"}],"about":[{"href":"https:\/\/bobolagorlice.pl\/index.php\/wp-json\/wp\/v2\/types\/post"}],"author":[{"embeddable":true,"href":"https:\/\/bobolagorlice.pl\/index.php\/wp-json\/wp\/v2\/users\/1"}],"replies":[{"embeddable":true,"href":"https:\/\/bobolagorlice.pl\/index.php\/wp-json\/wp\/v2\/comments?post=248"}],"version-history":[{"count":3,"href":"https:\/\/bobolagorlice.pl\/index.php\/wp-json\/wp\/v2\/posts\/248\/revisions"}],"predecessor-version":[{"id":1803,"href":"https:\/\/bobolagorlice.pl\/index.php\/wp-json\/wp\/v2\/posts\/248\/revisions\/1803"}],"wp:featuredmedia":[{"embeddable":true,"href":"https:\/\/bobolagorlice.pl\/index.php\/wp-json\/wp\/v2\/media\/188"}],"wp:attachment":[{"href":"https:\/\/bobolagorlice.pl\/index.php\/wp-json\/wp\/v2\/media?parent=248"}],"wp:term":[{"taxonomy":"category","embeddable":true,"href":"https:\/\/bobolagorlice.pl\/index.php\/wp-json\/wp\/v2\/categories?post=248"},{"taxonomy":"post_tag","embeddable":true,"href":"https:\/\/bobolagorlice.pl\/index.php\/wp-json\/wp\/v2\/tags?post=248"}],"curies":[{"name":"wp","href":"https:\/\/api.w.org\/{rel}","templated":true}]}}