{"id":2524,"date":"2022-08-06T17:18:38","date_gmt":"2022-08-06T15:18:38","guid":{"rendered":"https:\/\/bobolagorlice.pl\/?p=2524"},"modified":"2024-03-07T11:36:28","modified_gmt":"2024-03-07T10:36:28","slug":"krzysztof-kukla","status":"publish","type":"post","link":"https:\/\/bobolagorlice.pl\/index.php\/2022\/08\/06\/krzysztof-kukla\/","title":{"rendered":"\u2020Krzysztof KUKLA"},"content":{"rendered":"\n<p><strong>2022\/28<\/strong>; pogrzeb: 06.08.2022<\/p>\n\n\n\n<figure class=\"wp-block-table\"><table><tbody><tr><td class=\"has-text-align-center\" data-align=\"center\"><strong><em>data<\/em><\/strong><\/td><td class=\"has-text-align-center\" data-align=\"center\"><strong><em>godz.<\/em><\/strong><\/td><td><strong><em>ofiarodawcy\/intencja<\/em><\/strong><\/td><\/tr><tr><td class=\"has-text-align-center\" data-align=\"center\"><strong>10.08.2022<\/strong><\/td><td class=\"has-text-align-center\" data-align=\"center\"><strong>6.30<\/strong><\/td><td>w <strong>7 <\/strong>dzie\u0144 po \u015bmierci<\/td><\/tr><tr><td class=\"has-text-align-center\" data-align=\"center\"><strong>02.09.022<\/strong><\/td><td class=\"has-text-align-center\" data-align=\"center\"><strong>6.30<\/strong><\/td><td>w <strong>30 <\/strong>dzie\u0144 po \u015bmierci<\/td><\/tr><tr><td class=\"has-text-align-center\" data-align=\"center\">07.02.2024<\/td><td class=\"has-text-align-center\" data-align=\"center\">6.30<\/td><td>z intencji te\u015bciowej Ireny<\/td><\/tr><tr><td class=\"has-text-align-center\" data-align=\"center\">08.02.2024<\/td><td class=\"has-text-align-center\" data-align=\"center\">6.30<\/td><td>od Jerzego WOJNARSKIEGO z rodzin\u0105<\/td><\/tr><tr><td class=\"has-text-align-center\" data-align=\"center\">09.02.2024<\/td><td class=\"has-text-align-center\" data-align=\"center\">18.00<\/td><td>od Jakuba WOJNARSKIEGO z rodzin\u0105<\/td><\/tr><tr><td class=\"has-text-align-center\" data-align=\"center\">10.02.2024<\/td><td class=\"has-text-align-center\" data-align=\"center\">18.00<\/td><td>od Piotra i Stefani STABACH z rodzin\u0105<\/td><\/tr><tr><td class=\"has-text-align-center\" data-align=\"center\">26.02.2024<\/td><td class=\"has-text-align-center\" data-align=\"center\">18.00<\/td><td>od Krystyny i Mieczys\u0142awa WOJTANOWSKICH<\/td><\/tr><tr><td class=\"has-text-align-center\" data-align=\"center\">27.02.2024<\/td><td class=\"has-text-align-center\" data-align=\"center\">18.00<\/td><td>od kole\u017canek i koleg\u00f3w \u017cony z klasy z Dominikowic<\/td><\/tr><tr><td class=\"has-text-align-center\" data-align=\"center\">28.02.2024<\/td><td class=\"has-text-align-center\" data-align=\"center\">6.30<\/td><td>od kole\u017canek i koleg\u00f3w z zak\u0142adu Pogrzebowego ORKUS w Gorlicach<\/td><\/tr><tr><td class=\"has-text-align-center\" data-align=\"center\">29.02.2024<\/td><td class=\"has-text-align-center\" data-align=\"center\">6.30<\/td><td>od Marcina i Agaty KU\u015a<\/td><\/tr><tr><td class=\"has-text-align-center\" data-align=\"center\">01.03.2024<\/td><td class=\"has-text-align-center\" data-align=\"center\">16.00<\/td><td>od Paw\u0142a i Sylwii<\/td><\/tr><tr><td class=\"has-text-align-center\" data-align=\"center\">04.03.2024<\/td><td class=\"has-text-align-center\" data-align=\"center\">6.30<\/td><td>od s\u0105siad\u00f3w z klatki<\/td><\/tr><tr><td class=\"has-text-align-center\" data-align=\"center\">16.03.2024<\/td><td class=\"has-text-align-center\" data-align=\"center\">ks. Grzegorz Jele\u0144<strong>\u00a0<\/strong><\/td><td>od Jadwigi i Jerzego MAREK z synem<\/td><\/tr><tr><td class=\"has-text-align-center\" data-align=\"center\">17.03.2024<\/td><td class=\"has-text-align-center\" data-align=\"center\"><strong>\u00a0<\/strong>ks. Grzegorz Jele\u0144<strong>\u00a0<\/strong><\/td><td>&nbsp;od Doroty i Krzysztofa KOZIO\u0141\u00d3W z c\u00f3rkami<\/td><\/tr><tr><td class=\"has-text-align-center\" data-align=\"center\">18.03.2024<\/td><td class=\"has-text-align-center\" data-align=\"center\"><strong>\u00a0<\/strong>ks. Grzegorz Jele\u0144<strong>\u00a0<\/strong><\/td><td>od s\u0105siad\u00f3w z klatki<\/td><\/tr><tr><td class=\"has-text-align-center\" data-align=\"center\">19.03.2024<\/td><td class=\"has-text-align-center\" data-align=\"center\"><strong>ks. Grzegorz Jele\u0144<strong>\u00a0<\/strong><\/strong><\/td><td>od Aleksandry i Roberta PIERZ<\/td><\/tr><tr><td class=\"has-text-align-center\" data-align=\"center\">20.03.2024<\/td><td class=\"has-text-align-center\" data-align=\"center\"><strong>\u00a0<\/strong>ks. Grzegorz Jele\u0144<strong>\u00a0<\/strong><\/td><td>od rodziny WSZO\u0141EK<\/td><\/tr><tr><td class=\"has-text-align-center\" data-align=\"center\">21.03.2024<\/td><td class=\"has-text-align-center\" data-align=\"center\"><strong>\u00a0<\/strong>ks. Grzegorz Jele\u0144<strong>\u00a0<\/strong><\/td><td>od cioci Janiny WANTUCH<\/td><\/tr><tr><td class=\"has-text-align-center\" data-align=\"center\">22.03.2024<\/td><td class=\"has-text-align-center\" data-align=\"center\"><strong>\u00a0<\/strong>ks. Grzegorz Jele\u0144<strong>\u00a0<\/strong><\/td><td>od Ani i Sebastiana z synami<\/td><\/tr><tr><td class=\"has-text-align-center\" data-align=\"center\">23.03.2024<\/td><td class=\"has-text-align-center\" data-align=\"center\"><strong>\u00a0<\/strong>ks. Grzegorz Jele\u0144<strong>\u00a0<\/strong><\/td><td>od Agnieszki i S\u0142awomira RZEPIELA z synami<\/td><\/tr><tr><td class=\"has-text-align-center\" data-align=\"center\">24.03.2024<\/td><td class=\"has-text-align-center\" data-align=\"center\">ks. Grzegorz Jele\u0144<strong>\u00a0\u00a0<\/strong><\/td><td>od rodziny z Olkusza<\/td><\/tr><tr><td class=\"has-text-align-center\" data-align=\"center\">25.03.2024<\/td><td class=\"has-text-align-center\" data-align=\"center\"><strong>\u00a0<\/strong>ks. Grzegorz Jele\u0144<strong>\u00a0<\/strong><\/td><td>od kole\u017canek \u017cony z technikum<\/td><\/tr><tr><td class=\"has-text-align-center\" data-align=\"center\">26.03.2024<\/td><td class=\"has-text-align-center\" data-align=\"center\"><strong>\u00a0<\/strong>ks. Grzegorz Jele\u0144<strong>\u00a0<\/strong><\/td><td>od szwagierki Agaty z m\u0119\u017cem i rodzin\u0105<\/td><\/tr><tr><td class=\"has-text-align-center\" data-align=\"center\">27.03.2024<\/td><td class=\"has-text-align-center\" data-align=\"center\"><strong>\u00a0<\/strong>ks. Grzegorz Jele\u0144<strong>\u00a0<\/strong><\/td><td>od rodziny GR\u0104DALSKICH i TAJAK z Dominikowic<\/td><\/tr><tr><td class=\"has-text-align-center\" data-align=\"center\">28.03.2024<\/td><td class=\"has-text-align-center\" data-align=\"center\"><strong>\u00a0<\/strong>ks. Grzegorz Jele\u0144<strong>\u00a0<\/strong><\/td><td>od rodziny R\u0104PA\u0141\u00d3W i MRUK\u00d3W<\/td><\/tr><tr><td class=\"has-text-align-center\" data-align=\"center\">30.03.2024<\/td><td class=\"has-text-align-center\" data-align=\"center\"><strong>\u00a0<\/strong>ks. Grzegorz Jele\u0144<strong>\u00a0<\/strong><\/td><td>od Ma\u0142gorzaty i Zenona MANIAK<\/td><\/tr><tr><td class=\"has-text-align-center\" data-align=\"center\">31.03.2024<\/td><td class=\"has-text-align-center\" data-align=\"center\"><strong>\u00a0<\/strong>ks. Grzegorz Jele\u0144<strong>\u00a0<\/strong><\/td><td>od Marzeny SEPIO\u0141 z rodzin\u0105<\/td><\/tr><tr><td class=\"has-text-align-center\" data-align=\"center\">01.04.2024<\/td><td class=\"has-text-align-center\" data-align=\"center\"><strong>\u00a0<\/strong>ks. Grzegorz Jele\u0144<strong>\u00a0<\/strong><\/td><td>od Ewy i Mariusza ZIMOWSKICH<\/td><\/tr><tr><td class=\"has-text-align-center\" data-align=\"center\">02.04.2024<\/td><td class=\"has-text-align-center\" data-align=\"center\">ks. Grzegorz Jele\u0144<strong>\u00a0\u00a0<\/strong><\/td><td>od Doroty i Miros\u0142awa ZIMOWSKICH<\/td><\/tr><tr><td class=\"has-text-align-center\" data-align=\"center\">03.04.2024<\/td><td class=\"has-text-align-center\" data-align=\"center\">ks. Grzegorz Jele\u0144<strong>\u00a0\u00a0<\/strong><\/td><td>od kuzynki Anny i Wac\u0142awa KORZE\u0143<\/td><\/tr><tr><td class=\"has-text-align-center\" data-align=\"center\">04.04.2024<\/td><td class=\"has-text-align-center\" data-align=\"center\"><strong>\u00a0<\/strong>ks. Grzegorz Jele\u0144<strong>\u00a0<\/strong><\/td><td>od Ireny SMO\u0141KOWICZ z rodzin\u0105<\/td><\/tr><tr><td class=\"has-text-align-center\" data-align=\"center\">05.04.2024<\/td><td class=\"has-text-align-center\" data-align=\"center\"><strong>\u00a0<\/strong>ks. Grzegorz Jele\u0144<strong>\u00a0<\/strong><\/td><td>od Reni z dzie\u0107mi<\/td><\/tr><tr><td class=\"has-text-align-center\" data-align=\"center\">06.04.2024<\/td><td class=\"has-text-align-center\" data-align=\"center\">ks. Grzegorz Jele\u0144<strong>\u00a0\u00a0<\/strong><\/td><td>od brata Romana z c\u00f3rk\u0105 Paulin\u0105<\/td><\/tr><tr><td class=\"has-text-align-center\" data-align=\"center\">07.04.2024<\/td><td class=\"has-text-align-center\" data-align=\"center\"><strong>\u00a0<\/strong>ks. Grzegorz Jele\u0144<strong>\u00a0<\/strong><\/td><td>od Teresy G\u00d3RSKIEJ z m\u0119\u017cem<\/td><\/tr><tr><td class=\"has-text-align-center\" data-align=\"center\">08.04.2024<\/td><td class=\"has-text-align-center\" data-align=\"center\"><strong>\u00a0<\/strong>ks. Grzegorz Jele\u0144<strong>\u00a0<\/strong><\/td><td>od cioci Rozalii z Moszczenicy<\/td><\/tr><tr><td class=\"has-text-align-center\" data-align=\"center\">09.04.2024<\/td><td class=\"has-text-align-center\" data-align=\"center\"><strong>\u00a0<\/strong>ks. Grzegorz Jele\u0144<strong>\u00a0<\/strong><\/td><td>od Ewy KUC z rodzin\u0105<\/td><\/tr><tr><td class=\"has-text-align-center\" data-align=\"center\">10.04.2024<\/td><td class=\"has-text-align-center\" data-align=\"center\"><strong>\u00a0<\/strong>ks. Grzegorz Jele\u0144<strong>\u00a0<\/strong><\/td><td>od Lidii i Romana ZAWI\u0141A<\/td><\/tr><tr><td class=\"has-text-align-center\" data-align=\"center\">11.04.2024<\/td><td class=\"has-text-align-center\" data-align=\"center\"><strong>\u00a0<\/strong>ks. Grzegorz Jele\u0144<strong>\u00a0<\/strong><\/td><td>od Doroty i Aleksandra SARATOWICZ<\/td><\/tr><tr><td class=\"has-text-align-center\" data-align=\"center\">12.04.2024<\/td><td class=\"has-text-align-center\" data-align=\"center\"><strong>\u00a0<\/strong>ks. Grzegorz Jele\u0144<strong>\u00a0<\/strong><\/td><td>od Ma\u0142gorzaty SIWAK z rodzin\u0105<\/td><\/tr><tr><td class=\"has-text-align-center\" data-align=\"center\">13.04.2024<\/td><td class=\"has-text-align-center\" data-align=\"center\"><strong>\u00a0<\/strong>ks. Grzegorz Jele\u0144<strong>\u00a0<\/strong><\/td><td>od Gabrieli \u2013 kole\u017canki c\u00f3rki Katarzyny<\/td><\/tr><tr><td class=\"has-text-align-center\" data-align=\"center\">14.04.2024<\/td><td class=\"has-text-align-center\" data-align=\"center\">ks. Grzegorz Jele\u0144<strong>\u00a0\u00a0<\/strong><\/td><td>od Anny i Antoniego z rodzin\u0105<\/td><\/tr><tr><td class=\"has-text-align-center\" data-align=\"center\">15.04.2024<\/td><td class=\"has-text-align-center\" data-align=\"center\">ks. Grzegorz Jele\u0144<strong>\u00a0\u00a0<\/strong><\/td><td>od rodziny RYNDAK\u00d3W: Piotra, Roberta i Bogus\u0142awy<\/td><\/tr><tr><td class=\"has-text-align-center\" data-align=\"center\"><strong>poza<\/strong> <strong>parafi\u0105<\/strong><\/td><td class=\"has-text-align-center\" data-align=\"center\"><strong>\u00a0<\/strong>ks. Tomasz Ryczek<\/td><td>od Natalii i Zbigniewa DUDK\u00d3W<\/td><\/tr><tr><td class=\"has-text-align-center\" data-align=\"center\"><strong>poza<\/strong> <strong>parafi\u0105<\/strong><\/td><td class=\"has-text-align-center\" data-align=\"center\"><strong>\u00a0<\/strong>ks. Tomasz Ryczek<\/td><td>od Urszuli i Janusza KU\u015a<\/td><\/tr><tr><td class=\"has-text-align-center\" data-align=\"center\"><strong>poza<\/strong> <strong>parafi\u0105<\/strong><\/td><td class=\"has-text-align-center\" data-align=\"center\"><strong>\u00a0<\/strong>ks. Tomasz Ryczek<\/td><td>od Karoliny i Marcina MROZEK<\/td><\/tr><tr><td class=\"has-text-align-center\" data-align=\"center\"><strong>poza<\/strong> <strong>parafi\u0105<\/strong><\/td><td class=\"has-text-align-center\" data-align=\"center\"><strong>\u00a0<\/strong>ks. Tomasz Ryczek<\/td><td>od Agaty i Leonarda Z\u0118BALA<\/td><\/tr><tr><td class=\"has-text-align-center\" data-align=\"center\"><strong>poza<\/strong> <strong>parafi\u0105<\/strong><\/td><td class=\"has-text-align-center\" data-align=\"center\"><strong>\u00a0<\/strong>ks. Tomasz Ryczek<\/td><td>od rodziny PRZYBY\u0141OWICZ\u00d3W i ZA\u0141\u0118SKICH z Dominikowic<\/td><\/tr><tr><td class=\"has-text-align-center\" data-align=\"center\"><strong>poza<\/strong> <strong>parafi\u0105<\/strong><\/td><td class=\"has-text-align-center\" data-align=\"center\"><strong>\u00a0<\/strong>ks. Tomasz Ryczek<\/td><td>od kole\u017canek i koleg\u00f3w c\u00f3rki Eweliny z MZS nr 3 w Gorlicach<\/td><\/tr><tr><td class=\"has-text-align-center\" data-align=\"center\"><strong>poza<\/strong> <strong>parafi\u0105<\/strong><\/td><td class=\"has-text-align-center\" data-align=\"center\">ks. Tomasz Ryczek<strong>\u00a0<\/strong><\/td><td>od Ewy i Roberta CZECH z rodzin\u0105<\/td><\/tr><tr><td class=\"has-text-align-center\" data-align=\"center\"><strong>poza<\/strong> <strong>parafi\u0105<\/strong><\/td><td class=\"has-text-align-center\" data-align=\"center\"><strong>\u00a0<\/strong>ks. Tomasz Ryczek<\/td><td>od Ko\u0142a \u0141owieckiego SZARAK w Gorlicach<\/td><\/tr><tr><td class=\"has-text-align-center\" data-align=\"center\"><strong>poza<\/strong> <strong>parafi\u0105<\/strong><\/td><td class=\"has-text-align-center\" data-align=\"center\"><strong>\u00a0<\/strong>ks. Tomasz Ryczek<\/td><td>od koleg\u00f3w i kole\u017canek \u017cony z Zespo\u0142u Szk\u00f3\u0142 Zawodowych w Gorlicach<\/td><\/tr><tr><td class=\"has-text-align-center\" data-align=\"center\"><strong>poza<\/strong> <strong>parafi\u0105<\/strong><\/td><td class=\"has-text-align-center\" data-align=\"center\"><strong>\u00a0<\/strong>ks. Tomasz Ryczek<\/td><td>od Anity HERMAN z rodzin\u0105<\/td><\/tr><tr><td class=\"has-text-align-center\" data-align=\"center\"><strong>poza<\/strong> <strong>parafi\u0105<\/strong><\/td><td class=\"has-text-align-center\" data-align=\"center\"><strong>\u00a0<\/strong>ks. Tomasz Ryczek<\/td><td>od Andrzeja i Janiny SMO\u0141KOWICZ<\/td><\/tr><tr><td class=\"has-text-align-center\" data-align=\"center\"><strong>poza<\/strong> <strong>parafi\u0105<\/strong><\/td><td class=\"has-text-align-center\" data-align=\"center\"><strong>\u00a0<\/strong>ks. Tomasz Ryczek<\/td><td>od kole\u017canek z grupy gastronomicznej w Zespole Szk\u00f3\u0142 Zawodowych w Gorlicach<\/td><\/tr><tr><td class=\"has-text-align-center\" data-align=\"center\"><strong>poza<\/strong> <strong>parafi\u0105<\/strong><\/td><td class=\"has-text-align-center\" data-align=\"center\"><strong>\u00a0<\/strong>ks. Tomasz Ryczek<\/td><td>od kole\u017canek i koleg\u00f3w \u017cony z warsztat\u00f3w szkolnych Zespo\u0142u Szk\u00f3\u0142 Zawodowych w Gorlicach<\/td><\/tr><tr><td class=\"has-text-align-center\" data-align=\"center\"><strong>poza<\/strong> <strong>parafi\u0105<\/strong><\/td><td class=\"has-text-align-center\" data-align=\"center\"><strong>\u00a0<\/strong>ks. Tomasz Ryczek<\/td><td>od Bogumi\u0142y i Zenona SAWICKICH<\/td><\/tr><tr><td class=\"has-text-align-center\" data-align=\"center\"><strong>poza<\/strong> <strong>parafi\u0105<\/strong><\/td><td class=\"has-text-align-center\" data-align=\"center\"><strong>\u00a0<\/strong>ks. Tomasz Ryczek<\/td><td>od pracownik\u00f3w administracji Zespo\u0142u Szk\u00f3\u0142 Zawodowych w Gorlicach<\/td><\/tr><tr><td class=\"has-text-align-center\" data-align=\"center\"><strong>poza<\/strong> <strong>parafi\u0105<\/strong><\/td><td class=\"has-text-align-center\" data-align=\"center\"><strong>\u00a0<\/strong>ks. Tomasz Ryczek<\/td><td>od Aliny ZABIEROWSKIEJ<\/td><\/tr><tr><td class=\"has-text-align-center\" data-align=\"center\"><strong>poza<\/strong> <strong>parafi\u0105<\/strong><\/td><td class=\"has-text-align-center\" data-align=\"center\"><strong>\u00a0<\/strong>ks. Tomasz Ryczek<\/td><td>od wujka Tadeusza z \u017cona<\/td><\/tr><tr><td class=\"has-text-align-center\" data-align=\"center\"><strong>poza<\/strong> <strong>parafi\u0105<\/strong><\/td><td class=\"has-text-align-center\" data-align=\"center\"><strong>\u00a0<\/strong>ks. Tomasz Ryczek<\/td><td>od kuzynki Renaty z rodzin\u0105<\/td><\/tr><tr><td class=\"has-text-align-center\" data-align=\"center\"><strong>poza<\/strong> <strong>parafi\u0105<\/strong><\/td><td class=\"has-text-align-center\" data-align=\"center\"><strong>\u00a0<\/strong>ks. Tomasz Ryczek<\/td><td>od kuzynki Wioletty z rodzina<\/td><\/tr><tr><td class=\"has-text-align-center\" data-align=\"center\"><strong>poza<\/strong> <strong>parafi\u0105<\/strong><\/td><td class=\"has-text-align-center\" data-align=\"center\"><strong>\u00a0<\/strong>ks. Tomasz Ryczek<\/td><td>od uczestnik\u00f3w pogrzebu<\/td><\/tr><tr><td class=\"has-text-align-center\" data-align=\"center\"><strong>poza<\/strong> <strong>parafi\u0105<\/strong><\/td><td class=\"has-text-align-center\" data-align=\"center\"><strong>\u00a0<\/strong>ks. Tomasz Ryczek<\/td><td>od uczestnik\u00f3w pogrzebu<\/td><\/tr><tr><td class=\"has-text-align-center\" data-align=\"center\"><strong>poza<\/strong> <strong>parafi\u0105<\/strong><\/td><td class=\"has-text-align-center\" data-align=\"center\">ks. Tomasz Ryczek<strong>\u00a0<\/strong><\/td><td>od uczestnik\u00f3w pogrzebu<\/td><\/tr><tr><td class=\"has-text-align-center\" data-align=\"center\"><strong>poza<\/strong> <strong>parafi\u0105<\/strong><\/td><td class=\"has-text-align-center\" data-align=\"center\"><strong>\u00a0<\/strong>ks. Tomasz Ryczek<\/td><td>od uczestnik\u00f3w pogrzebu<\/td><\/tr><tr><td class=\"has-text-align-center\" data-align=\"center\"><strong>poza<\/strong> <strong>parafi\u0105<\/strong><\/td><td class=\"has-text-align-center\" data-align=\"center\"><strong>\u00a0<\/strong>ks. Tomasz Ryczek<\/td><td>od uczestnik\u00f3w pogrzebu<\/td><\/tr><tr><td class=\"has-text-align-center\" data-align=\"center\"><strong>poza<\/strong> <strong>parafi\u0105<\/strong><\/td><td class=\"has-text-align-center\" data-align=\"center\"><strong>\u00a0<\/strong>ks. Tomasz Ryczek<\/td><td>od uczestnik\u00f3w pogrzebu<\/td><\/tr><tr><td class=\"has-text-align-center\" data-align=\"center\"><strong>poza<\/strong> <strong>parafi\u0105<\/strong><\/td><td class=\"has-text-align-center\" data-align=\"center\"><strong>\u00a0<\/strong>ks. Tomasz Ryczek<\/td><td>od uczestnik\u00f3w pogrzebu<\/td><\/tr><tr><td class=\"has-text-align-center\" data-align=\"center\"><strong>poza<\/strong> <strong>parafi\u0105<\/strong><\/td><td class=\"has-text-align-center\" data-align=\"center\"><strong>\u00a0<\/strong>ks. Tomasz Ryczek<\/td><td>od uczestnik\u00f3w pogrzebu<\/td><\/tr><tr><td class=\"has-text-align-center\" data-align=\"center\"><strong>poza<\/strong> <strong>parafi\u0105<\/strong><\/td><td class=\"has-text-align-center\" data-align=\"center\"><strong>ks. Tomasz Ryczek<\/strong><\/td><td>od uczestnik\u00f3w pogrzebu<\/td><\/tr><tr><td class=\"has-text-align-center\" data-align=\"center\"><strong>poza<\/strong> <strong>parafi\u0105<\/strong><\/td><td class=\"has-text-align-center\" data-align=\"center\"><strong>\u00a0<\/strong>ks. Tomasz Ryczek<\/td><td>od uczestnik\u00f3w pogrzebu<\/td><\/tr><\/tbody><\/table><\/figure>\n","protected":false},"excerpt":{"rendered":"<p>2022\/28; pogrzeb: 06.08.2022 data godz. ofiarodawcy\/intencja 10.08.2022 6.30 w 7 dzie\u0144 po \u015bmierci 02.09.022 6.30 w 30 dzie\u0144 po \u015bmierci 07.02.2024 6.30 z intencji te\u015bciowej Ireny 08.02.2024 6.30 od Jerzego WOJNARSKIEGO z rodzin\u0105 09.02.2024 18.00 od Jakuba WOJNARSKIEGO z rodzin\u0105 10.02.2024 18.00 od Piotra i Stefani STABACH z rodzin\u0105 26.02.2024 18.00 od Krystyny i Mieczys\u0142awa&#8230;<\/p>\n","protected":false},"author":3,"featured_media":188,"comment_status":"closed","ping_status":"","sticky":false,"template":"","format":"standard","meta":{"footnotes":""},"categories":[6],"tags":[],"class_list":["post-2524","post","type-post","status-publish","format-standard","has-post-thumbnail","hentry","category-intencje_pogrzebowe"],"_links":{"self":[{"href":"https:\/\/bobolagorlice.pl\/index.php\/wp-json\/wp\/v2\/posts\/2524","targetHints":{"allow":["GET"]}}],"collection":[{"href":"https:\/\/bobolagorlice.pl\/index.php\/wp-json\/wp\/v2\/posts"}],"about":[{"href":"https:\/\/bobolagorlice.pl\/index.php\/wp-json\/wp\/v2\/types\/post"}],"author":[{"embeddable":true,"href":"https:\/\/bobolagorlice.pl\/index.php\/wp-json\/wp\/v2\/users\/3"}],"replies":[{"embeddable":true,"href":"https:\/\/bobolagorlice.pl\/index.php\/wp-json\/wp\/v2\/comments?post=2524"}],"version-history":[{"count":4,"href":"https:\/\/bobolagorlice.pl\/index.php\/wp-json\/wp\/v2\/posts\/2524\/revisions"}],"predecessor-version":[{"id":4483,"href":"https:\/\/bobolagorlice.pl\/index.php\/wp-json\/wp\/v2\/posts\/2524\/revisions\/4483"}],"wp:featuredmedia":[{"embeddable":true,"href":"https:\/\/bobolagorlice.pl\/index.php\/wp-json\/wp\/v2\/media\/188"}],"wp:attachment":[{"href":"https:\/\/bobolagorlice.pl\/index.php\/wp-json\/wp\/v2\/media?parent=2524"}],"wp:term":[{"taxonomy":"category","embeddable":true,"href":"https:\/\/bobolagorlice.pl\/index.php\/wp-json\/wp\/v2\/categories?post=2524"},{"taxonomy":"post_tag","embeddable":true,"href":"https:\/\/bobolagorlice.pl\/index.php\/wp-json\/wp\/v2\/tags?post=2524"}],"curies":[{"name":"wp","href":"https:\/\/api.w.org\/{rel}","templated":true}]}}