{"id":2571,"date":"2022-08-30T20:30:36","date_gmt":"2022-08-30T18:30:36","guid":{"rendered":"https:\/\/bobolagorlice.pl\/?p=2571"},"modified":"2024-03-09T11:52:29","modified_gmt":"2024-03-09T10:52:29","slug":"barbara-mikruta","status":"publish","type":"post","link":"https:\/\/bobolagorlice.pl\/index.php\/2022\/08\/30\/barbara-mikruta\/","title":{"rendered":"\u2020Barbara MIKRUTA"},"content":{"rendered":"\n<p><strong>2022\/31<\/strong>; pogrzeb: 29.08.2022<\/p>\n\n\n\n<figure class=\"wp-block-table\"><table><tbody><tr><td class=\"has-text-align-center\" data-align=\"center\"><strong><em>data<\/em><\/strong><\/td><td class=\"has-text-align-center\" data-align=\"center\"><strong><em>godz.<\/em><\/strong><\/td><td><strong><em>ofiarodawcy\/intencja<\/em><\/strong><\/td><\/tr><tr><td class=\"has-text-align-center\" data-align=\"center\">27.02.2024<\/td><td class=\"has-text-align-center\" data-align=\"center\">6.30<\/td><td>od brata Andrzeja z \u017con\u0105<\/td><\/tr><tr><td class=\"has-text-align-center\" data-align=\"center\">29.02.2024<\/td><td class=\"has-text-align-center\" data-align=\"center\">6.30<\/td><td>od bratanicy Joli z rodzin\u0105<\/td><\/tr><tr><td class=\"has-text-align-center\" data-align=\"center\">01.03.2024<\/td><td class=\"has-text-align-center\" data-align=\"center\">6.30<\/td><td>od Mariana PRZYBYCIE\u0143 z rodzin\u0105<\/td><\/tr><tr><td class=\"has-text-align-center\" data-align=\"center\">04.03.2024<\/td><td class=\"has-text-align-center\" data-align=\"center\">6.30<\/td><td>od Zofii i Romana DYNDA<\/td><\/tr><tr><td class=\"has-text-align-center\" data-align=\"center\">05.03.2024<\/td><td class=\"has-text-align-center\" data-align=\"center\">6.30<\/td><td>od szwagierki Anny z rodzin\u0105<\/td><\/tr><tr><td class=\"has-text-align-center\" data-align=\"center\">06.03.2024<\/td><td class=\"has-text-align-center\" data-align=\"center\">15.00<\/td><td>od Stowarzyszenia Rodzin Katolickich<\/td><\/tr><tr><td class=\"has-text-align-center\" data-align=\"center\">07.03.2024<\/td><td class=\"has-text-align-center\" data-align=\"center\">6.30<\/td><td>od rodziny GUBA\u0141\u00d3W z Dominikowic<\/td><\/tr><tr><td class=\"has-text-align-center\" data-align=\"center\">08.03.2024<\/td><td class=\"has-text-align-center\" data-align=\"center\">6.30<\/td><td>od s\u0142uchaczy Uniwersytetu Z\u0142otego Wieku<\/td><\/tr><tr><td class=\"has-text-align-center\" data-align=\"center\">09.03.2024<\/td><td class=\"has-text-align-center\" data-align=\"center\">6.30<\/td><td>od kole\u017canek z Apteki<\/td><\/tr><tr><td class=\"has-text-align-center\" data-align=\"center\">10.03.2024<\/td><td class=\"has-text-align-center\" data-align=\"center\">16.45<\/td><td>od s\u0105siad\u00f3w z klatki<\/td><\/tr><tr><td class=\"has-text-align-center\" data-align=\"center\"><strong>poza<\/strong> <strong>parafi\u0105<\/strong><\/td><td class=\"has-text-align-center\" data-align=\"center\"><strong>\u00a0<\/strong>ks. Kapelan <br>Andrzej Kluz<strong>\u00a0<\/strong><\/td><td>od s\u0105siad\u00f3w z klatki<\/td><\/tr><tr><td class=\"has-text-align-center\" data-align=\"center\"><strong>poza<\/strong> <strong>parafi\u0105<\/strong><\/td><td class=\"has-text-align-center\" data-align=\"center\"><strong>\u00a0<\/strong>ks. Kapelan <br>Andrzej Kluz<strong>\u00a0<\/strong><\/td><td>od uczestnik\u00f3w pogrzebu<\/td><\/tr><tr><td class=\"has-text-align-center\" data-align=\"center\"><strong>poza<\/strong> <strong>parafi\u0105<\/strong><\/td><td class=\"has-text-align-center\" data-align=\"center\"><strong>\u00a0<\/strong>ks. Kapelan <br>Andrzej Kluz<strong>\u00a0<\/strong><\/td><td>od uczestnik\u00f3w pogrzebu<\/td><\/tr><tr><td class=\"has-text-align-center\" data-align=\"center\"><strong>poza<\/strong> <strong>parafi\u0105<\/strong><\/td><td class=\"has-text-align-center\" data-align=\"center\"><strong>\u00a0<\/strong>ks. Kapelan <br>Andrzej Kluz<strong>\u00a0<\/strong><\/td><td>od uczestnik\u00f3w pogrzebu<\/td><\/tr><tr><td class=\"has-text-align-center\" data-align=\"center\"><strong>poza<\/strong> <strong>parafi\u0105<\/strong><\/td><td class=\"has-text-align-center\" data-align=\"center\"><strong>\u00a0<\/strong>ks. Kapelan <br>Andrzej Kluz<strong>\u00a0<\/strong><\/td><td>od uczestnik\u00f3w pogrzebu<\/td><\/tr><tr><td class=\"has-text-align-center\" data-align=\"center\"><strong>poza<\/strong> <strong>parafi\u0105<\/strong><\/td><td class=\"has-text-align-center\" data-align=\"center\"><strong>\u00a0<\/strong>ks. Kapelan <br>Andrzej Kluz<strong>\u00a0<\/strong><\/td><td>od uczestnik\u00f3w pogrzebu<\/td><\/tr><\/tbody><\/table><\/figure>\n","protected":false},"excerpt":{"rendered":"<p>2022\/31; pogrzeb: 29.08.2022 data godz. ofiarodawcy\/intencja 27.02.2024 6.30 od brata Andrzeja z \u017con\u0105 29.02.2024 6.30 od bratanicy Joli z rodzin\u0105 01.03.2024 6.30 od Mariana PRZYBYCIE\u0143 z rodzin\u0105 04.03.2024 6.30 od Zofii i Romana DYNDA 05.03.2024 6.30 od szwagierki Anny z rodzin\u0105 06.03.2024 15.00 od Stowarzyszenia Rodzin Katolickich 07.03.2024 6.30 od rodziny GUBA\u0141\u00d3W z Dominikowic 08.03.2024&#8230;<\/p>\n","protected":false},"author":3,"featured_media":188,"comment_status":"closed","ping_status":"","sticky":false,"template":"","format":"standard","meta":{"footnotes":""},"categories":[6],"tags":[],"class_list":["post-2571","post","type-post","status-publish","format-standard","has-post-thumbnail","hentry","category-intencje_pogrzebowe"],"_links":{"self":[{"href":"https:\/\/bobolagorlice.pl\/index.php\/wp-json\/wp\/v2\/posts\/2571","targetHints":{"allow":["GET"]}}],"collection":[{"href":"https:\/\/bobolagorlice.pl\/index.php\/wp-json\/wp\/v2\/posts"}],"about":[{"href":"https:\/\/bobolagorlice.pl\/index.php\/wp-json\/wp\/v2\/types\/post"}],"author":[{"embeddable":true,"href":"https:\/\/bobolagorlice.pl\/index.php\/wp-json\/wp\/v2\/users\/3"}],"replies":[{"embeddable":true,"href":"https:\/\/bobolagorlice.pl\/index.php\/wp-json\/wp\/v2\/comments?post=2571"}],"version-history":[{"count":3,"href":"https:\/\/bobolagorlice.pl\/index.php\/wp-json\/wp\/v2\/posts\/2571\/revisions"}],"predecessor-version":[{"id":4512,"href":"https:\/\/bobolagorlice.pl\/index.php\/wp-json\/wp\/v2\/posts\/2571\/revisions\/4512"}],"wp:featuredmedia":[{"embeddable":true,"href":"https:\/\/bobolagorlice.pl\/index.php\/wp-json\/wp\/v2\/media\/188"}],"wp:attachment":[{"href":"https:\/\/bobolagorlice.pl\/index.php\/wp-json\/wp\/v2\/media?parent=2571"}],"wp:term":[{"taxonomy":"category","embeddable":true,"href":"https:\/\/bobolagorlice.pl\/index.php\/wp-json\/wp\/v2\/categories?post=2571"},{"taxonomy":"post_tag","embeddable":true,"href":"https:\/\/bobolagorlice.pl\/index.php\/wp-json\/wp\/v2\/tags?post=2571"}],"curies":[{"name":"wp","href":"https:\/\/api.w.org\/{rel}","templated":true}]}}