{"id":2574,"date":"2022-08-31T17:40:57","date_gmt":"2022-08-31T15:40:57","guid":{"rendered":"https:\/\/bobolagorlice.pl\/?p=2574"},"modified":"2024-04-20T13:57:18","modified_gmt":"2024-04-20T11:57:18","slug":"jolanta-firszt","status":"publish","type":"post","link":"https:\/\/bobolagorlice.pl\/index.php\/2022\/08\/31\/jolanta-firszt\/","title":{"rendered":"\u2020Jolanta FIRSZT"},"content":{"rendered":"\n<p><strong>2022\/32<\/strong>; pogrzeb: 31.08.2022<\/p>\n\n\n\n<figure class=\"wp-block-table\"><table><tbody><tr><td class=\"has-text-align-center\" data-align=\"center\"><strong><em>data<\/em><\/strong><\/td><td class=\"has-text-align-center\" data-align=\"center\"><strong><em>godz.<\/em><\/strong><\/td><td><strong><em>ofiarodawcy\/intencja<\/em><\/strong><\/td><\/tr><tr><td class=\"has-text-align-center\" data-align=\"center\"><strong>&nbsp;03.09.2022<\/strong><\/td><td class=\"has-text-align-center\" data-align=\"center\"><strong>6.30<\/strong><\/td><td>w <strong>7 <\/strong>dzie\u0144 po \u015bmierci<\/td><\/tr><tr><td class=\"has-text-align-center\" data-align=\"center\"><strong>&nbsp;26.09.2022<\/strong><\/td><td class=\"has-text-align-center\" data-align=\"center\"><strong>6.30<\/strong><\/td><td>w <strong>30 <\/strong>dzie\u0144 po \u015bmierci<\/td><\/tr><tr><td class=\"has-text-align-center\" data-align=\"center\">29.02.2024<\/td><td class=\"has-text-align-center\" data-align=\"center\">18.00<\/td><td>od rodziny JOD\u0141OWSKICH<\/td><\/tr><tr><td class=\"has-text-align-center\" data-align=\"center\">01.03.2024<\/td><td class=\"has-text-align-center\" data-align=\"center\">6.30<\/td><td>od rodziny z Rzepiennika<\/td><\/tr><tr><td class=\"has-text-align-center\" data-align=\"center\">04.03.2024<\/td><td class=\"has-text-align-center\" data-align=\"center\">11.00<\/td><td>od rodziny SZPYRK\u00d3W<\/td><\/tr><tr><td class=\"has-text-align-center\" data-align=\"center\">05.03.2024<\/td><td class=\"has-text-align-center\" data-align=\"center\">18.00<\/td><td>od kole\u017canek<\/td><\/tr><tr><td class=\"has-text-align-center\" data-align=\"center\">06.03.2024<\/td><td class=\"has-text-align-center\" data-align=\"center\">6.30<\/td><td>od Lucyny i Andrzeja KO\u015aCIELNYCH<\/td><\/tr><tr><td class=\"has-text-align-center\" data-align=\"center\">07.03.2024<\/td><td class=\"has-text-align-center\" data-align=\"center\">6.30<\/td><td>od kole\u017canek z Zespo\u0142u Szk\u00f3\u0142 w Brunarach<\/td><\/tr><tr><td class=\"has-text-align-center\" data-align=\"center\">08.03.2024<\/td><td class=\"has-text-align-center\" data-align=\"center\">6.30<\/td><td>od Natalii RADZIAK \u2013 uczennicy z Brunar<\/td><\/tr><tr><td class=\"has-text-align-center\" data-align=\"center\">09.03.2024<\/td><td class=\"has-text-align-center\" data-align=\"center\">6.30<\/td><td>od rodziny ZIMOWSKICH<\/td><\/tr><tr><td class=\"has-text-align-center\" data-align=\"center\">11.03.2024<\/td><td class=\"has-text-align-center\" data-align=\"center\">6.30<\/td><td>od rodziny GUGULSKICH<\/td><\/tr><tr><td class=\"has-text-align-center\" data-align=\"center\">12.03.2024<\/td><td class=\"has-text-align-center\" data-align=\"center\">18.00<\/td><td>od przyjaci\u00f3\u0142ki Lucyny z rodzin\u0105<\/td><\/tr><tr><td class=\"has-text-align-center\" data-align=\"center\"><strong>poza<\/strong> <strong>parafi\u0105<\/strong><\/td><td class=\"has-text-align-center\" data-align=\"center\"><strong>\u00a0<\/strong>ks. Andrzej <br>(Rzesz\u00f3w)<\/td><td>od kole\u017canek z Zespo\u0142u Szk\u00f3\u0142 w Brunarach<\/td><\/tr><tr><td class=\"has-text-align-center\" data-align=\"center\"><strong>poza<\/strong> <strong>parafi\u0105<\/strong><\/td><td class=\"has-text-align-center\" data-align=\"center\"><strong>\u00a0<\/strong>ks. Andrzej <br>(Rzesz\u00f3w)<\/td><td>od rodziny ZIMOWSKICH<\/td><\/tr><tr><td class=\"has-text-align-center\" data-align=\"center\"><strong>poza<\/strong> <strong>parafi\u0105<\/strong><\/td><td class=\"has-text-align-center\" data-align=\"center\">ks. Andrzej <br>(Rzesz\u00f3w)<strong>\u00a0<\/strong><\/td><td>od rodziny ZIMOWSKICH<\/td><\/tr><tr><td class=\"has-text-align-center\" data-align=\"center\"><strong>poza<\/strong> <strong>parafi\u0105<\/strong><\/td><td class=\"has-text-align-center\" data-align=\"center\">ks. Andrzej <br>(Rzesz\u00f3w)<strong>\u00a0<\/strong><\/td><td>od Ewy, Leszka i Przemka PRZYBY\u0141OWICZ<\/td><\/tr><tr><td class=\"has-text-align-center\" data-align=\"center\"><strong>poza<\/strong> <strong>parafi\u0105<\/strong><\/td><td class=\"has-text-align-center\" data-align=\"center\"><strong>\u00a0<\/strong>ks. Andrzej <br>(Rzesz\u00f3w)<\/td><td>od Katarzyny, \u0141ukasza i Julii SMO\u0141KOWICZ<\/td><\/tr><tr><td class=\"has-text-align-center\" data-align=\"center\"><strong>poza<\/strong> <strong>parafi\u0105<\/strong><\/td><td class=\"has-text-align-center\" data-align=\"center\"><strong>\u00a0<\/strong>ks. Andrzej <br>(Rzesz\u00f3w)<\/td><td>od Zofii i Jana NIZIO\u0141K\u00d3W z O\u0142pin<\/td><\/tr><tr><td class=\"has-text-align-center\" data-align=\"center\"><strong>poza<\/strong> <strong>parafi\u0105<\/strong><\/td><td class=\"has-text-align-center\" data-align=\"center\"><strong>\u00a0<\/strong>ks. Andrzej <br>(Rzesz\u00f3w)<\/td><td>od rodziny LENCZOWSKICH<\/td><\/tr><tr><td class=\"has-text-align-center\" data-align=\"center\"><strong>poza<\/strong> <strong>parafi\u0105<\/strong><\/td><td class=\"has-text-align-center\" data-align=\"center\"><strong>\u00a0<\/strong>ks. Andrzej <br>(Rzesz\u00f3w)<\/td><td>od rodziny MOSUR<\/td><\/tr><tr><td class=\"has-text-align-center\" data-align=\"center\"><strong>poza<\/strong> <strong>parafi\u0105<\/strong><\/td><td class=\"has-text-align-center\" data-align=\"center\"><strong>\u00a0<\/strong>ks. Andrzej <br>(Rzesz\u00f3w)<\/td><td>od Teresy i Artura BE\u0141DA<\/td><\/tr><tr><td class=\"has-text-align-center\" data-align=\"center\"><strong>poza<\/strong> <strong>parafi\u0105<\/strong><\/td><td class=\"has-text-align-center\" data-align=\"center\"><strong>\u00a0<\/strong>ks. Andrzej <br>(Rzesz\u00f3w)<\/td><td>od Mirki z rodzin\u0105 i chrze\u015bniaka Jakuba<\/td><\/tr><tr><td class=\"has-text-align-center\" data-align=\"center\"><strong>poza<\/strong> <strong>parafi\u0105<\/strong><\/td><td class=\"has-text-align-center\" data-align=\"center\"><strong>\u00a0<\/strong>ks. Stanis\u0142aw <br>(Tarn\u00f3w)<\/td><td>od s\u0105siad\u00f3w Ewy i Stanis\u0142awa, Anny i Roberta z rodzin\u0105<\/td><\/tr><tr><td class=\"has-text-align-center\" data-align=\"center\"><strong>poza<\/strong> <strong>parafi\u0105<\/strong><\/td><td class=\"has-text-align-center\" data-align=\"center\"><strong>\u00a0<\/strong>ks. Stanis\u0142aw <br>(Tarn\u00f3w)<\/td><td>od Marii MALINOWSKIEJ z Kobylanki z synem Tadeuszem<\/td><\/tr><tr><td class=\"has-text-align-center\" data-align=\"center\"><strong>poza<\/strong> <strong>parafi\u0105<\/strong><\/td><td class=\"has-text-align-center\" data-align=\"center\"><strong>\u00a0<\/strong>ks. Stanis\u0142aw <br>(Tarn\u00f3w)<\/td><td>od Bo\u017ceny i Roberta PROSZAK<\/td><\/tr><tr><td class=\"has-text-align-center\" data-align=\"center\"><strong>poza<\/strong> <strong>parafi\u0105<\/strong><\/td><td class=\"has-text-align-center\" data-align=\"center\"><strong>\u00a0<\/strong>ks. Stanis\u0142aw <br>(Tarn\u00f3w)<\/td><td>od rodziny KU\u0179NIAR\u00d3W<\/td><\/tr><tr><td class=\"has-text-align-center\" data-align=\"center\"><strong>poza<\/strong> <strong>parafi\u0105<\/strong><\/td><td class=\"has-text-align-center\" data-align=\"center\">ks. Stanis\u0142aw <br>(Tarn\u00f3w)<strong>\u00a0<\/strong><\/td><td>od Stasi APOLA<\/td><\/tr><tr><td class=\"has-text-align-center\" data-align=\"center\"><strong>poza<\/strong> <strong>parafi\u0105<\/strong><\/td><td class=\"has-text-align-center\" data-align=\"center\"><strong>\u00a0<\/strong>ks. Stanis\u0142aw <br>(Tarn\u00f3w)<\/td><td>od Jasi i Adama APOLA z rodzin\u0105<\/td><\/tr><tr><td class=\"has-text-align-center\" data-align=\"center\"><strong>poza<\/strong> <strong>parafi\u0105<\/strong><\/td><td class=\"has-text-align-center\" data-align=\"center\"><strong>\u00a0<\/strong>ks. Stanis\u0142aw <br>(Tarn\u00f3w)<\/td><td>od Franka APOLA z Wiesi\u0105<\/td><\/tr><tr><td class=\"has-text-align-center\" data-align=\"center\"><strong>poza<\/strong> <strong>parafi\u0105<\/strong><\/td><td class=\"has-text-align-center\" data-align=\"center\"><strong>\u00a0<\/strong>ks. Stanis\u0142aw <br>(Tarn\u00f3w)<\/td><td>od Ewy i Adama FIRSZT z Lublina<\/td><\/tr><tr><td class=\"has-text-align-center\" data-align=\"center\"><strong>poza<\/strong> <strong>parafi\u0105<\/strong><\/td><td class=\"has-text-align-center\" data-align=\"center\"><strong>\u00a0<\/strong>ks. Stanis\u0142aw <br>(Tarn\u00f3w)<\/td><td>od rodziny STOPNICKICH<\/td><\/tr><tr><td class=\"has-text-align-center\" data-align=\"center\"><strong>poza<\/strong> <strong>parafi\u0105<\/strong><\/td><td class=\"has-text-align-center\" data-align=\"center\"><strong>\u00a0<\/strong>ks. Stanis\u0142aw <br>(Tarn\u00f3w)<\/td><td>od Alicji i Piotra KAMI\u0143SKICH<\/td><\/tr><tr><td class=\"has-text-align-center\" data-align=\"center\"><strong>poza<\/strong> <strong>parafi\u0105<\/strong><\/td><td class=\"has-text-align-center\" data-align=\"center\"><strong>\u00a0<\/strong>ks. Stanis\u0142aw <br>(Tarn\u00f3w)<\/td><td>od rodziny MALINOWSKICH<\/td><\/tr><tr><td class=\"has-text-align-center\" data-align=\"center\"><strong>poza<\/strong> <strong>parafi\u0105<\/strong><\/td><td class=\"has-text-align-center\" data-align=\"center\"><strong>\u00a0<\/strong>ks. Stanis\u0142aw <br>(Tarn\u00f3w)<\/td><td>od pracownik\u00f3w Miejskiego Zespo\u0142u Szk\u00f3\u0142 nr 3 w Gorlicach<\/td><\/tr><tr><td class=\"has-text-align-center\" data-align=\"center\"><strong>poza<\/strong> <strong>parafi\u0105<\/strong><\/td><td class=\"has-text-align-center\" data-align=\"center\"><strong>\u00a0<\/strong>ks. Stanis\u0142aw <br>(Tarn\u00f3w)<\/td><td>od uczestnik\u00f3w pogrzebu<\/td><\/tr><tr><td class=\"has-text-align-center\" data-align=\"center\"><strong>poza<\/strong> <strong>parafi\u0105<\/strong><\/td><td class=\"has-text-align-center\" data-align=\"center\"><strong>\u00a0<\/strong>ks. Stanis\u0142aw <br>(Tarn\u00f3w)<\/td><td>od uczestnik\u00f3w pogrzebu<\/td><\/tr><tr><td class=\"has-text-align-center\" data-align=\"center\"><strong>poza<\/strong> <strong>parafi\u0105<\/strong><\/td><td class=\"has-text-align-center\" data-align=\"center\"><strong>\u00a0<\/strong>ks. Stanis\u0142aw <br>(Tarn\u00f3w)<\/td><td>od uczestnik\u00f3w pogrzebu<\/td><\/tr><tr><td class=\"has-text-align-center\" data-align=\"center\"><strong>poza<\/strong> <strong>parafi\u0105<\/strong><\/td><td class=\"has-text-align-center\" data-align=\"center\">ks. Stanis\u0142aw <br>(Tarn\u00f3w)<strong>\u00a0<\/strong><\/td><td>od uczestnik\u00f3w pogrzebu<\/td><\/tr><tr><td class=\"has-text-align-center\" data-align=\"center\"><strong>poza<\/strong> <strong>parafi\u0105<\/strong><\/td><td class=\"has-text-align-center\" data-align=\"center\">ks. Stanis\u0142aw <br>(Tarn\u00f3w)<strong>\u00a0<\/strong><\/td><td>od uczestnik\u00f3w pogrzebu<\/td><\/tr><tr><td class=\"has-text-align-center\" data-align=\"center\"><strong>poza<\/strong> <strong>parafi\u0105<\/strong><\/td><td class=\"has-text-align-center\" data-align=\"center\"><strong>\u00a0<\/strong>ks. Stanis\u0142aw <br>(Tarn\u00f3w)<\/td><td>od uczestnik\u00f3w pogrzebu<\/td><\/tr><\/tbody><\/table><\/figure>\n","protected":false},"excerpt":{"rendered":"<p>2022\/32; pogrzeb: 31.08.2022 data godz. ofiarodawcy\/intencja &nbsp;03.09.2022 6.30 w 7 dzie\u0144 po \u015bmierci &nbsp;26.09.2022 6.30 w 30 dzie\u0144 po \u015bmierci 29.02.2024 18.00 od rodziny JOD\u0141OWSKICH 01.03.2024 6.30 od rodziny z Rzepiennika 04.03.2024 11.00 od rodziny SZPYRK\u00d3W 05.03.2024 18.00 od kole\u017canek 06.03.2024 6.30 od Lucyny i Andrzeja KO\u015aCIELNYCH 07.03.2024 6.30 od kole\u017canek z Zespo\u0142u Szk\u00f3\u0142 w&#8230;<\/p>\n","protected":false},"author":3,"featured_media":188,"comment_status":"closed","ping_status":"","sticky":false,"template":"","format":"standard","meta":{"footnotes":""},"categories":[6],"tags":[],"class_list":["post-2574","post","type-post","status-publish","format-standard","has-post-thumbnail","hentry","category-intencje_pogrzebowe"],"_links":{"self":[{"href":"https:\/\/bobolagorlice.pl\/index.php\/wp-json\/wp\/v2\/posts\/2574","targetHints":{"allow":["GET"]}}],"collection":[{"href":"https:\/\/bobolagorlice.pl\/index.php\/wp-json\/wp\/v2\/posts"}],"about":[{"href":"https:\/\/bobolagorlice.pl\/index.php\/wp-json\/wp\/v2\/types\/post"}],"author":[{"embeddable":true,"href":"https:\/\/bobolagorlice.pl\/index.php\/wp-json\/wp\/v2\/users\/3"}],"replies":[{"embeddable":true,"href":"https:\/\/bobolagorlice.pl\/index.php\/wp-json\/wp\/v2\/comments?post=2574"}],"version-history":[{"count":4,"href":"https:\/\/bobolagorlice.pl\/index.php\/wp-json\/wp\/v2\/posts\/2574\/revisions"}],"predecessor-version":[{"id":4670,"href":"https:\/\/bobolagorlice.pl\/index.php\/wp-json\/wp\/v2\/posts\/2574\/revisions\/4670"}],"wp:featuredmedia":[{"embeddable":true,"href":"https:\/\/bobolagorlice.pl\/index.php\/wp-json\/wp\/v2\/media\/188"}],"wp:attachment":[{"href":"https:\/\/bobolagorlice.pl\/index.php\/wp-json\/wp\/v2\/media?parent=2574"}],"wp:term":[{"taxonomy":"category","embeddable":true,"href":"https:\/\/bobolagorlice.pl\/index.php\/wp-json\/wp\/v2\/categories?post=2574"},{"taxonomy":"post_tag","embeddable":true,"href":"https:\/\/bobolagorlice.pl\/index.php\/wp-json\/wp\/v2\/tags?post=2574"}],"curies":[{"name":"wp","href":"https:\/\/api.w.org\/{rel}","templated":true}]}}