{"id":2581,"date":"2022-09-02T21:42:09","date_gmt":"2022-09-02T19:42:09","guid":{"rendered":"https:\/\/bobolagorlice.pl\/?p=2581"},"modified":"2024-03-07T12:54:23","modified_gmt":"2024-03-07T11:54:23","slug":"edmund-szufnarowski","status":"publish","type":"post","link":"https:\/\/bobolagorlice.pl\/index.php\/2022\/09\/02\/edmund-szufnarowski\/","title":{"rendered":"\u2020Edmund SZUFNAROWSKI"},"content":{"rendered":"\n<p><strong>2022\/33<\/strong>; pogrzeb: 02.09.2022<\/p>\n\n\n\n<figure class=\"wp-block-table\"><table><tbody><tr><td class=\"has-text-align-center\" data-align=\"center\"><strong><em>data<\/em><\/strong><\/td><td class=\"has-text-align-center\" data-align=\"center\"><strong><em>godz.<\/em><\/strong><\/td><td><strong><em>ofiarodawcy\/intencja<\/em><\/strong><\/td><\/tr><tr><td class=\"has-text-align-center\" data-align=\"center\">12.03.2024<\/td><td class=\"has-text-align-center\" data-align=\"center\">18.00<\/td><td>od dzieci i wnuk\u00f3w<\/td><\/tr><tr><td class=\"has-text-align-center\" data-align=\"center\">13.03.2024<\/td><td class=\"has-text-align-center\" data-align=\"center\">6.30<\/td><td>od s\u0105siad\u00f3w i przyjaci\u00f3\u0142 z dzia\u0142ek<\/td><\/tr><tr><td class=\"has-text-align-center\" data-align=\"center\">21.03.2024<\/td><td class=\"has-text-align-center\" data-align=\"center\">18.00<\/td><td>od brata Eugeniusza z dzie\u0107mi z Trzebini-Siersza<\/td><\/tr><tr><td class=\"has-text-align-center\" data-align=\"center\">14.03.2024<\/td><td class=\"has-text-align-center\" data-align=\"center\">6.30<\/td><td>od brata Mariana<\/td><\/tr><tr><td class=\"has-text-align-center\" data-align=\"center\">15.03.2024<\/td><td class=\"has-text-align-center\" data-align=\"center\">6.30<\/td><td>od chrze\u015bnicy Anny z rodzin\u0105<\/td><\/tr><tr><td class=\"has-text-align-center\" data-align=\"center\">16.03.2024<\/td><td class=\"has-text-align-center\" data-align=\"center\">6.30<\/td><td>od Kazimierza SZUFNAROWSKIEGO<\/td><\/tr><tr><td class=\"has-text-align-center\" data-align=\"center\">20.03.2024<\/td><td class=\"has-text-align-center\" data-align=\"center\">6.30<\/td><td>od Kazimierza SZUFNAROWSKIEGO<\/td><\/tr><tr><td class=\"has-text-align-center\" data-align=\"center\">18.03.2024<\/td><td class=\"has-text-align-center\" data-align=\"center\">6.30<\/td><td>od Janka i Kazimierza KAZIMIERSKICH<\/td><\/tr><tr><td class=\"has-text-align-center\" data-align=\"center\">23.03.2024<\/td><td class=\"has-text-align-center\" data-align=\"center\">6.30<\/td><td>od rodziny GRABC\u00d3W z Czudca<\/td><\/tr><tr><td class=\"has-text-align-center\" data-align=\"center\">11.03.2024<\/td><td class=\"has-text-align-center\" data-align=\"center\">6.30<\/td><td>od uczestnik\u00f3w pogrzebu<\/td><\/tr><tr><td class=\"has-text-align-center\" data-align=\"center\">25.03.2024<\/td><td class=\"has-text-align-center\" data-align=\"center\"><strong>\u00a0<\/strong>6.30<\/td><td>od uczestnik\u00f3w pogrzebu<\/td><\/tr><\/tbody><\/table><\/figure>\n","protected":false},"excerpt":{"rendered":"<p>2022\/33; pogrzeb: 02.09.2022 data godz. ofiarodawcy\/intencja 12.03.2024 18.00 od dzieci i wnuk\u00f3w 13.03.2024 6.30 od s\u0105siad\u00f3w i przyjaci\u00f3\u0142 z dzia\u0142ek 21.03.2024 18.00 od brata Eugeniusza z dzie\u0107mi z Trzebini-Siersza 14.03.2024 6.30 od brata Mariana 15.03.2024 6.30 od chrze\u015bnicy Anny z rodzin\u0105 16.03.2024 6.30 od Kazimierza SZUFNAROWSKIEGO 20.03.2024 6.30 od Kazimierza SZUFNAROWSKIEGO 18.03.2024 6.30 od Janka&#8230;<\/p>\n","protected":false},"author":3,"featured_media":188,"comment_status":"closed","ping_status":"","sticky":false,"template":"","format":"standard","meta":{"footnotes":""},"categories":[6],"tags":[],"class_list":["post-2581","post","type-post","status-publish","format-standard","has-post-thumbnail","hentry","category-intencje_pogrzebowe"],"_links":{"self":[{"href":"https:\/\/bobolagorlice.pl\/index.php\/wp-json\/wp\/v2\/posts\/2581","targetHints":{"allow":["GET"]}}],"collection":[{"href":"https:\/\/bobolagorlice.pl\/index.php\/wp-json\/wp\/v2\/posts"}],"about":[{"href":"https:\/\/bobolagorlice.pl\/index.php\/wp-json\/wp\/v2\/types\/post"}],"author":[{"embeddable":true,"href":"https:\/\/bobolagorlice.pl\/index.php\/wp-json\/wp\/v2\/users\/3"}],"replies":[{"embeddable":true,"href":"https:\/\/bobolagorlice.pl\/index.php\/wp-json\/wp\/v2\/comments?post=2581"}],"version-history":[{"count":2,"href":"https:\/\/bobolagorlice.pl\/index.php\/wp-json\/wp\/v2\/posts\/2581\/revisions"}],"predecessor-version":[{"id":4491,"href":"https:\/\/bobolagorlice.pl\/index.php\/wp-json\/wp\/v2\/posts\/2581\/revisions\/4491"}],"wp:featuredmedia":[{"embeddable":true,"href":"https:\/\/bobolagorlice.pl\/index.php\/wp-json\/wp\/v2\/media\/188"}],"wp:attachment":[{"href":"https:\/\/bobolagorlice.pl\/index.php\/wp-json\/wp\/v2\/media?parent=2581"}],"wp:term":[{"taxonomy":"category","embeddable":true,"href":"https:\/\/bobolagorlice.pl\/index.php\/wp-json\/wp\/v2\/categories?post=2581"},{"taxonomy":"post_tag","embeddable":true,"href":"https:\/\/bobolagorlice.pl\/index.php\/wp-json\/wp\/v2\/tags?post=2581"}],"curies":[{"name":"wp","href":"https:\/\/api.w.org\/{rel}","templated":true}]}}