{"id":2589,"date":"2022-09-05T12:18:28","date_gmt":"2022-09-05T10:18:28","guid":{"rendered":"https:\/\/bobolagorlice.pl\/?p=2589"},"modified":"2024-03-28T13:10:16","modified_gmt":"2024-03-28T12:10:16","slug":"leopold-korvel","status":"publish","type":"post","link":"https:\/\/bobolagorlice.pl\/index.php\/2022\/09\/05\/leopold-korvel\/","title":{"rendered":"\u2020Leopold KORVEL"},"content":{"rendered":"\n<p><strong>2022\/35<\/strong>; pogrzeb: 05.09.2022<\/p>\n\n\n\n<figure class=\"wp-block-table\"><table><tbody><tr><td class=\"has-text-align-center\" data-align=\"center\"><strong><em>data<\/em><\/strong><\/td><td class=\"has-text-align-center\" data-align=\"center\"><strong><em>godz.<\/em><\/strong><\/td><td><strong><em>ofiarodawcy\/intencja<\/em><\/strong><\/td><\/tr><tr><td class=\"has-text-align-center\" data-align=\"center\">29.09.2022<\/td><td class=\"has-text-align-center\" data-align=\"center\">18.00<\/td><td>w <strong>30 dzie\u0144<\/strong> po \u015bmierci [od syna Marka z \u017con\u0105]<\/td><\/tr><tr><td class=\"has-text-align-center\" data-align=\"center\">12.03.2024<\/td><td class=\"has-text-align-center\" data-align=\"center\">6.30<\/td><td>od swat\u00f3w ZIELI\u0143SKICH<\/td><\/tr><tr><td class=\"has-text-align-center\" data-align=\"center\">21.03.2024<\/td><td class=\"has-text-align-center\" data-align=\"center\">18.00<\/td><td>od Ma\u0142gorzaty i Przemys\u0142awa HUDZIK<\/td><\/tr><tr><td class=\"has-text-align-center\" data-align=\"center\">23.03.2024<\/td><td class=\"has-text-align-center\" data-align=\"center\">18.00<\/td><td>od Andrzeja i Karoliny ZIELI\u0143SKICH<\/td><\/tr><tr><td class=\"has-text-align-center\" data-align=\"center\">25.03.2024<\/td><td class=\"has-text-align-center\" data-align=\"center\">6.30<\/td><td>od Anny i Wojciecha LUDWIN<\/td><\/tr><tr><td class=\"has-text-align-center\" data-align=\"center\">26.03.2024<\/td><td class=\"has-text-align-center\" data-align=\"center\">6.30<\/td><td>od Janiny i J\u00f3zefa BRACH<\/td><\/tr><tr><td class=\"has-text-align-center\" data-align=\"center\">27.03.2024<\/td><td class=\"has-text-align-center\" data-align=\"center\">6.30<\/td><td>od Marii i Wies\u0142awa WAL\u0104G<\/td><\/tr><tr><td class=\"has-text-align-center\" data-align=\"center\">28.03.2024<\/td><td class=\"has-text-align-center\" data-align=\"center\">18.00<\/td><td>od rodziny WOLSKICH<\/td><\/tr><tr><td class=\"has-text-align-center\" data-align=\"center\">30.03.204<\/td><td class=\"has-text-align-center\" data-align=\"center\">19.00<\/td><td>od pracownik\u00f3w Gabinetu<\/td><\/tr><tr><td class=\"has-text-align-center\" data-align=\"center\">31.03.2024<\/td><td class=\"has-text-align-center\" data-align=\"center\">19.00<\/td><td>od uczestnik\u00f3w pogrzebu<\/td><\/tr><tr><td class=\"has-text-align-center\" data-align=\"center\">03.04.2024<\/td><td class=\"has-text-align-center\" data-align=\"center\">6.30<\/td><td>od uczestnik\u00f3w pogrzebu<\/td><\/tr><tr><td class=\"has-text-align-center\" data-align=\"center\"><strong>poza<\/strong> <strong>parafi\u0105<\/strong><\/td><td class=\"has-text-align-center\" data-align=\"center\"><strong>\u00a0<\/strong>ks. Andrzej <br>(Rzesz\u00f3w)<\/td><td>od uczestnik\u00f3w pogrzebu<\/td><\/tr><tr><td class=\"has-text-align-center\" data-align=\"center\"><strong>poza<\/strong> <strong>parafi\u0105<\/strong><\/td><td class=\"has-text-align-center\" data-align=\"center\"><strong>\u00a0\u00a0<\/strong>ks. Andrzej <br>(Rzesz\u00f3w)<\/td><td>od uczestnik\u00f3w pogrzebu<\/td><\/tr><tr><td class=\"has-text-align-center\" data-align=\"center\"><strong>poza<\/strong> <strong>parafi\u0105<\/strong><\/td><td class=\"has-text-align-center\" data-align=\"center\"><strong>\u00a0\u00a0<\/strong>ks. Andrzej <br>(Rzesz\u00f3w)<\/td><td>od uczestnik\u00f3w pogrzebu<\/td><\/tr><\/tbody><\/table><\/figure>\n","protected":false},"excerpt":{"rendered":"<p>2022\/35; pogrzeb: 05.09.2022 data godz. ofiarodawcy\/intencja 29.09.2022 18.00 w 30 dzie\u0144 po \u015bmierci [od syna Marka z \u017con\u0105] 12.03.2024 6.30 od swat\u00f3w ZIELI\u0143SKICH 21.03.2024 18.00 od Ma\u0142gorzaty i Przemys\u0142awa HUDZIK 23.03.2024 18.00 od Andrzeja i Karoliny ZIELI\u0143SKICH 25.03.2024 6.30 od Anny i Wojciecha LUDWIN 26.03.2024 6.30 od Janiny i J\u00f3zefa BRACH 27.03.2024 6.30 od Marii&#8230;<\/p>\n","protected":false},"author":3,"featured_media":188,"comment_status":"closed","ping_status":"","sticky":false,"template":"","format":"standard","meta":{"footnotes":""},"categories":[6],"tags":[],"class_list":["post-2589","post","type-post","status-publish","format-standard","has-post-thumbnail","hentry","category-intencje_pogrzebowe"],"_links":{"self":[{"href":"https:\/\/bobolagorlice.pl\/index.php\/wp-json\/wp\/v2\/posts\/2589","targetHints":{"allow":["GET"]}}],"collection":[{"href":"https:\/\/bobolagorlice.pl\/index.php\/wp-json\/wp\/v2\/posts"}],"about":[{"href":"https:\/\/bobolagorlice.pl\/index.php\/wp-json\/wp\/v2\/types\/post"}],"author":[{"embeddable":true,"href":"https:\/\/bobolagorlice.pl\/index.php\/wp-json\/wp\/v2\/users\/3"}],"replies":[{"embeddable":true,"href":"https:\/\/bobolagorlice.pl\/index.php\/wp-json\/wp\/v2\/comments?post=2589"}],"version-history":[{"count":5,"href":"https:\/\/bobolagorlice.pl\/index.php\/wp-json\/wp\/v2\/posts\/2589\/revisions"}],"predecessor-version":[{"id":4571,"href":"https:\/\/bobolagorlice.pl\/index.php\/wp-json\/wp\/v2\/posts\/2589\/revisions\/4571"}],"wp:featuredmedia":[{"embeddable":true,"href":"https:\/\/bobolagorlice.pl\/index.php\/wp-json\/wp\/v2\/media\/188"}],"wp:attachment":[{"href":"https:\/\/bobolagorlice.pl\/index.php\/wp-json\/wp\/v2\/media?parent=2589"}],"wp:term":[{"taxonomy":"category","embeddable":true,"href":"https:\/\/bobolagorlice.pl\/index.php\/wp-json\/wp\/v2\/categories?post=2589"},{"taxonomy":"post_tag","embeddable":true,"href":"https:\/\/bobolagorlice.pl\/index.php\/wp-json\/wp\/v2\/tags?post=2589"}],"curies":[{"name":"wp","href":"https:\/\/api.w.org\/{rel}","templated":true}]}}