{"id":2617,"date":"2022-09-13T09:35:43","date_gmt":"2022-09-13T07:35:43","guid":{"rendered":"https:\/\/bobolagorlice.pl\/?p=2617"},"modified":"2024-04-20T13:54:00","modified_gmt":"2024-04-20T11:54:00","slug":"ryszard-przybycien","status":"publish","type":"post","link":"https:\/\/bobolagorlice.pl\/index.php\/2022\/09\/13\/ryszard-przybycien\/","title":{"rendered":"\u2020Ryszard PRZYBYCIE\u0143"},"content":{"rendered":"\n<p><strong>2022\/3<\/strong>7 pogrzeb: 08.09.2022<\/p>\n\n\n\n<figure class=\"wp-block-table\"><table><tbody><tr><td class=\"has-text-align-center\" data-align=\"center\"><strong><em>data<\/em><\/strong><\/td><td class=\"has-text-align-center\" data-align=\"center\"><strong><em>godz.<\/em><\/strong><\/td><td><strong><em>ofiarodawcy\/intencja<\/em><\/strong><\/td><\/tr><tr><td class=\"has-text-align-center\" data-align=\"center\">26.03.2024<\/td><td class=\"has-text-align-center\" data-align=\"center\">6.30<\/td><td>od kolegi Adama G\u0104SIORA<\/td><\/tr><tr><td class=\"has-text-align-center\" data-align=\"center\">28.03.2024<\/td><td class=\"has-text-align-center\" data-align=\"center\">18.00<\/td><td>od kolegi Adama G\u0104SIORA<\/td><\/tr><tr><td class=\"has-text-align-center\" data-align=\"center\">27.03.2024<\/td><td class=\"has-text-align-center\" data-align=\"center\">6.30<\/td><td>od s\u0105siad\u00f3w<\/td><\/tr><tr><td class=\"has-text-align-center\" data-align=\"center\">02.04.2024<\/td><td class=\"has-text-align-center\" data-align=\"center\">18.00<\/td><td>od s\u0105siad\u00f3w<\/td><\/tr><tr><td class=\"has-text-align-center\" data-align=\"center\">05.04.2024<\/td><td class=\"has-text-align-center\" data-align=\"center\">16.00<\/td><td>od rodziny SZCZEPA\u0143SKICH<\/td><\/tr><tr><td class=\"has-text-align-center\" data-align=\"center\">19.04.2024<\/td><td class=\"has-text-align-center\" data-align=\"center\">6.30<\/td><td>od bratanicy Agaty z rodzin\u0105<\/td><\/tr><tr><td class=\"has-text-align-center\" data-align=\"center\">20.04.2024<\/td><td class=\"has-text-align-center\" data-align=\"center\">6.30<\/td><td>od brata Jana z rodzin\u0105<\/td><\/tr><tr><td class=\"has-text-align-center\" data-align=\"center\">24.04.2024<\/td><td class=\"has-text-align-center\" data-align=\"center\">6.30<\/td><td>od Asi, Kasi i Ma\u0107ka<\/td><\/tr><tr><td class=\"has-text-align-center\" data-align=\"center\">25.04.2024<\/td><td class=\"has-text-align-center\" data-align=\"center\">6.30<\/td><td>od cioci Aliny<\/td><\/tr><tr><td class=\"has-text-align-center\" data-align=\"center\">26.04.2024<\/td><td class=\"has-text-align-center\" data-align=\"center\">6.30<\/td><td>od uczestnik\u00f3w pogrzebu<\/td><\/tr><tr><td class=\"has-text-align-center\" data-align=\"center\">poza parafi\u0105<\/td><td class=\"has-text-align-center\" data-align=\"center\"><strong>\u00a0<\/strong>ks. Stanis\u0142aw <br>(Tarn\u00f3w)<\/td><td>od uczestnik\u00f3w pogrzebu<\/td><\/tr><tr><td class=\"has-text-align-center\" data-align=\"center\"><strong>poza<\/strong> <strong>parafi\u0105<\/strong><\/td><td class=\"has-text-align-center\" data-align=\"center\"><strong>\u00a0<\/strong>ks. Stanis\u0142aw <br>(Tarn\u00f3w)<\/td><td>od uczestnik\u00f3w pogrzebu<\/td><\/tr><tr><td class=\"has-text-align-center\" data-align=\"center\"><strong>poza<\/strong> <strong>parafi\u0105<\/strong><\/td><td class=\"has-text-align-center\" data-align=\"center\"><strong>\u00a0<\/strong>ks. Stanis\u0142aw <br>(Tarn\u00f3w)<\/td><td>od uczestnik\u00f3w pogrzebu<\/td><\/tr><\/tbody><\/table><\/figure>\n","protected":false},"excerpt":{"rendered":"<p>2022\/37 pogrzeb: 08.09.2022 data godz. ofiarodawcy\/intencja 26.03.2024 6.30 od kolegi Adama G\u0104SIORA 28.03.2024 18.00 od kolegi Adama G\u0104SIORA 27.03.2024 6.30 od s\u0105siad\u00f3w 02.04.2024 18.00 od s\u0105siad\u00f3w 05.04.2024 16.00 od rodziny SZCZEPA\u0143SKICH 19.04.2024 6.30 od bratanicy Agaty z rodzin\u0105 20.04.2024 6.30 od brata Jana z rodzin\u0105 24.04.2024 6.30 od Asi, Kasi i Ma\u0107ka 25.04.2024 6.30 od&#8230;<\/p>\n","protected":false},"author":3,"featured_media":188,"comment_status":"closed","ping_status":"","sticky":false,"template":"","format":"standard","meta":{"footnotes":""},"categories":[6],"tags":[],"class_list":["post-2617","post","type-post","status-publish","format-standard","has-post-thumbnail","hentry","category-intencje_pogrzebowe"],"_links":{"self":[{"href":"https:\/\/bobolagorlice.pl\/index.php\/wp-json\/wp\/v2\/posts\/2617","targetHints":{"allow":["GET"]}}],"collection":[{"href":"https:\/\/bobolagorlice.pl\/index.php\/wp-json\/wp\/v2\/posts"}],"about":[{"href":"https:\/\/bobolagorlice.pl\/index.php\/wp-json\/wp\/v2\/types\/post"}],"author":[{"embeddable":true,"href":"https:\/\/bobolagorlice.pl\/index.php\/wp-json\/wp\/v2\/users\/3"}],"replies":[{"embeddable":true,"href":"https:\/\/bobolagorlice.pl\/index.php\/wp-json\/wp\/v2\/comments?post=2617"}],"version-history":[{"count":4,"href":"https:\/\/bobolagorlice.pl\/index.php\/wp-json\/wp\/v2\/posts\/2617\/revisions"}],"predecessor-version":[{"id":4668,"href":"https:\/\/bobolagorlice.pl\/index.php\/wp-json\/wp\/v2\/posts\/2617\/revisions\/4668"}],"wp:featuredmedia":[{"embeddable":true,"href":"https:\/\/bobolagorlice.pl\/index.php\/wp-json\/wp\/v2\/media\/188"}],"wp:attachment":[{"href":"https:\/\/bobolagorlice.pl\/index.php\/wp-json\/wp\/v2\/media?parent=2617"}],"wp:term":[{"taxonomy":"category","embeddable":true,"href":"https:\/\/bobolagorlice.pl\/index.php\/wp-json\/wp\/v2\/categories?post=2617"},{"taxonomy":"post_tag","embeddable":true,"href":"https:\/\/bobolagorlice.pl\/index.php\/wp-json\/wp\/v2\/tags?post=2617"}],"curies":[{"name":"wp","href":"https:\/\/api.w.org\/{rel}","templated":true}]}}