{"id":2623,"date":"2022-09-13T09:45:27","date_gmt":"2022-09-13T07:45:27","guid":{"rendered":"https:\/\/bobolagorlice.pl\/?p=2623"},"modified":"2024-06-23T16:00:13","modified_gmt":"2024-06-23T14:00:13","slug":"marian-smola","status":"publish","type":"post","link":"https:\/\/bobolagorlice.pl\/index.php\/2022\/09\/13\/marian-smola\/","title":{"rendered":"\u2020Marian SMO\u0141A"},"content":{"rendered":"\n<p><strong>2022\/38 <\/strong>pogrzeb: 07.09.2022<\/p>\n\n\n\n<figure class=\"wp-block-table\"><table><tbody><tr><td class=\"has-text-align-center\" data-align=\"center\"><strong><em>data<\/em><\/strong><\/td><td class=\"has-text-align-center\" data-align=\"center\"><strong><em>godz.<\/em><\/strong><\/td><td><strong><em>ofiarodawcy\/intencja<\/em><\/strong><\/td><\/tr><tr><td class=\"has-text-align-center\" data-align=\"center\">25.04.2024<\/td><td class=\"has-text-align-center\" data-align=\"center\"><strong>&nbsp;<\/strong>18.00<\/td><td>od syna Micha\u0142a z rodzin\u0105<\/td><\/tr><tr><td class=\"has-text-align-center\" data-align=\"center\">27.04.2024<\/td><td class=\"has-text-align-center\" data-align=\"center\">18.00<\/td><td>od syna Jakuba z \u017con\u0105 i dzie\u0107mi<\/td><\/tr><tr><td class=\"has-text-align-center\" data-align=\"center\">01.05.2024<\/td><td class=\"has-text-align-center\" data-align=\"center\">6.30<\/td><td>od \u017cony El\u017cbiety z synami<\/td><\/tr><tr><td class=\"has-text-align-center\" data-align=\"center\">02.05.2024<\/td><td class=\"has-text-align-center\" data-align=\"center\">6.30<\/td><td>od mamy<\/td><\/tr><tr><td class=\"has-text-align-center\" data-align=\"center\">03.05.2024<\/td><td class=\"has-text-align-center\" data-align=\"center\">6.30<\/td><td>od uczestnik\u00f3w pogrzebu<\/td><\/tr><tr><td class=\"has-text-align-center\" data-align=\"center\">04.05.2024<\/td><td class=\"has-text-align-center\" data-align=\"center\">6.30<\/td><td>od s\u0105siad\u00f3w<\/td><\/tr><tr><td class=\"has-text-align-center\" data-align=\"center\">06.05.2024<\/td><td class=\"has-text-align-center\" data-align=\"center\">6.30<\/td><td>od Pracownik\u00f3w Stacji Dializ i Nefrologii w Gorlicach<\/td><\/tr><tr><td class=\"has-text-align-center\" data-align=\"center\">07.05.2024<\/td><td class=\"has-text-align-center\" data-align=\"center\">6.30<\/td><td>od s\u0105siad\u00f3w RZEPK\u00d3W<\/td><\/tr><tr><td class=\"has-text-align-center\" data-align=\"center\">09.05.2024<\/td><td class=\"has-text-align-center\" data-align=\"center\">6.30<\/td><td>od kuzyna Zbigniewa SEKU\u0141Y z Binczarowej z rodzin\u0105<\/td><\/tr><tr><td class=\"has-text-align-center\" data-align=\"center\">10.05.2024<\/td><td class=\"has-text-align-center\" data-align=\"center\">6.30<\/td><td>od Kadry i Uczestnik\u00f3w Dziennego O\u015brodka Wsparcia w Gorlicach<\/td><\/tr><tr><td class=\"has-text-align-center\" data-align=\"center\"><strong>poza<\/strong> <strong>parafi\u0105<\/strong><\/td><td class=\"has-text-align-center\" data-align=\"center\"><strong>\u00a0<\/strong>Wakacje 2024 &#8211; <br>ks. Jerzy<\/td><td>od koleg\u00f3w syn\u00f3w Micha\u0142a i Jakuba<\/td><\/tr><tr><td class=\"has-text-align-center\" data-align=\"center\"><strong>poza<\/strong> <strong>parafi\u0105<\/strong><\/td><td class=\"has-text-align-center\" data-align=\"center\"><strong>\u00a0<\/strong>Wakacje 2024 &#8211; <br>ks. Jerzy<\/td><td>od Tomka POTOKA z rodzin\u0105<\/td><\/tr><tr><td class=\"has-text-align-center\" data-align=\"center\"><strong>poza<\/strong> <strong>parafi\u0105<\/strong><\/td><td class=\"has-text-align-center\" data-align=\"center\"><strong>\u00a0<\/strong>Wakacje 2024 &#8211; <br>ks. Jerzy<\/td><td>od szwagierki Teresy POTOK z rodzin\u0105<\/td><\/tr><tr><td class=\"has-text-align-center\" data-align=\"center\"><strong>poza<\/strong> <strong>parafi\u0105<\/strong><\/td><td class=\"has-text-align-center\" data-align=\"center\"><strong>\u00a0<\/strong>Wakacje 2024 &#8211; <br>ks. Jerzy<\/td><td>chrze\u015bniaka \u0141ukasza z Bystrej<\/td><\/tr><tr><td class=\"has-text-align-center\" data-align=\"center\"><strong>poza<\/strong> <strong>parafi\u0105<\/strong><\/td><td class=\"has-text-align-center\" data-align=\"center\"><strong>\u00a0<\/strong>Wakacje 2024 &#8211; <br>ks. Jerzy<\/td><td>od kuzynki W\u0142adys\u0142awy z Bystrej<\/td><\/tr><tr><td class=\"has-text-align-center\" data-align=\"center\"><strong>poza<\/strong> <strong>parafi\u0105<\/strong><\/td><td class=\"has-text-align-center\" data-align=\"center\"><strong>\u00a0<\/strong>Wakacje 2024 &#8211; <br>ks. Jerzy<\/td><td>od kuzynki Zofii G\u0141\u00d3WCZYK z Wawrzki<\/td><\/tr><tr><td class=\"has-text-align-center\" data-align=\"center\"><strong>poza<\/strong> <strong>parafi\u0105<\/strong><\/td><td class=\"has-text-align-center\" data-align=\"center\"><strong>\u00a0<\/strong>Wakacje 2024 &#8211; <br>ks. Jerzy<\/td><td>od siostry Lucyny z m\u0119\u017cem Dariuszem z dzie\u0107mi z Krynicy<\/td><\/tr><tr><td class=\"has-text-align-center\" data-align=\"center\"><strong>poza<\/strong> <strong>parafi\u0105<\/strong><\/td><td class=\"has-text-align-center\" data-align=\"center\"><strong>\u00a0<\/strong>Wakacje 2024 &#8211; <br>ks. Jerzy<\/td><td>od siostry Danuty z m\u0119\u017cem<\/td><\/tr><tr><td class=\"has-text-align-center\" data-align=\"center\"><strong>poza<\/strong> <strong>parafi\u0105<\/strong><\/td><td class=\"has-text-align-center\" data-align=\"center\"><strong>\u00a0<\/strong>Wakacje 2024 &#8211; <br>ks. Jerzy<\/td><td>od siostry Danuty z m\u0119\u017cem<\/td><\/tr><tr><td class=\"has-text-align-center\" data-align=\"center\"><strong>poza<\/strong> <strong>parafi\u0105<\/strong><\/td><td class=\"has-text-align-center\" data-align=\"center\"><strong>\u00a0<\/strong>Wakacje 2024 &#8211; <br>ks. Jerzy<\/td><td>od brata J\u00f3zefa z rodzin\u0105 z NISKOWEJ<\/td><\/tr><tr><td class=\"has-text-align-center\" data-align=\"center\"><strong>poza<\/strong> <strong>parafi\u0105<\/strong><\/td><td class=\"has-text-align-center\" data-align=\"center\">Wakacje 2024 &#8211; <br>ks. Jerzy<strong>\u00a0<\/strong><\/td><td>od s\u0105siad\u00f3w KU\u015a<\/td><\/tr><tr><td class=\"has-text-align-center\" data-align=\"center\"><strong>poza<\/strong> <strong>parafi\u0105<\/strong><\/td><td class=\"has-text-align-center\" data-align=\"center\"><strong>\u00a0<\/strong>Wakacje 2024 &#8211; <br>ks. Jerzy<\/td><td>od brata Krzysztofa z \u017con\u0105 i Norbertem<\/td><\/tr><tr><td class=\"has-text-align-center\" data-align=\"center\"><strong>poza<\/strong> <strong>parafi\u0105<\/strong><\/td><td class=\"has-text-align-center\" data-align=\"center\"><strong>\u00a0<\/strong>Wakacje 2024 &#8211; <br>ks. Jerzy<\/td><td>od Ma\u0142gorzaty i Dawida SMO\u0141A z dzie\u0107mi<\/td><\/tr><tr><td class=\"has-text-align-center\" data-align=\"center\"><strong>poza<\/strong> <strong>parafi\u0105<\/strong><\/td><td class=\"has-text-align-center\" data-align=\"center\"><strong>\u00a0<\/strong>Wakacje 2024 &#8211; <br>ks. Jerzy<\/td><td>od Klaudii i Szymona SMO\u0141A<\/td><\/tr><tr><td class=\"has-text-align-center\" data-align=\"center\"><strong>poza<\/strong> <strong>parafi\u0105<\/strong><\/td><td class=\"has-text-align-center\" data-align=\"center\"><strong>\u00a0<\/strong>Wakacje 2024 &#8211; <br>ks. Jerzy<\/td><td>od Natalii i \u0141ukasza SMO\u0141A<\/td><\/tr><tr><td class=\"has-text-align-center\" data-align=\"center\"><strong>poza<\/strong> <strong>parafi\u0105<\/strong><\/td><td class=\"has-text-align-center\" data-align=\"center\"><strong>\u00a0<\/strong>Wakacje 2024 &#8211; <br>ks. Jerzy<\/td><td>od Gabrieli SMO\u0141A<\/td><\/tr><tr><td class=\"has-text-align-center\" data-align=\"center\"><strong>poza<\/strong> <strong>parafi\u0105<\/strong><\/td><td class=\"has-text-align-center\" data-align=\"center\"><strong>\u00a0<\/strong>Wakacje 2024 &#8211; <br>ks. Jerzy<\/td><td>od Marii GRUCA z dzie\u0107mi<\/td><\/tr><tr><td class=\"has-text-align-center\" data-align=\"center\"><strong>poza<\/strong> <strong>parafi\u0105<\/strong><\/td><td class=\"has-text-align-center\" data-align=\"center\"><strong>\u00a0<\/strong>Wakacje 2024 &#8211; <br>ks. Jerzy<\/td><td>od siostry Ireny<\/td><\/tr><tr><td class=\"has-text-align-center\" data-align=\"center\"><strong>poza<\/strong> <strong>parafi\u0105<\/strong><\/td><td class=\"has-text-align-center\" data-align=\"center\"><strong>\u00a0<\/strong>Wakacje 2024 &#8211; <br>ks. Jerzy<\/td><td>od siostry Ireny<\/td><\/tr><tr><td class=\"has-text-align-center\" data-align=\"center\"><strong>poza<\/strong> <strong>parafi\u0105<\/strong><\/td><td class=\"has-text-align-center\" data-align=\"center\"><strong>\u00a0<\/strong>Wakacje 2024 &#8211; <br>ks. Jerzy<\/td><td>od bratanka Daniela z rodzin\u0105<\/td><\/tr><tr><td class=\"has-text-align-center\" data-align=\"center\"><strong>poza<\/strong> <strong>parafi\u0105<\/strong><\/td><td class=\"has-text-align-center\" data-align=\"center\"><strong>\u00a0<\/strong>Wakacje 2024 &#8211; <br>ks. Jerzy<\/td><td>od Alicji i Damiana R\u00d3WI\u0143SKICH z Ropy<\/td><\/tr><tr><td class=\"has-text-align-center\" data-align=\"center\"><strong>poza<\/strong> <strong>parafi\u0105<\/strong><\/td><td class=\"has-text-align-center\" data-align=\"center\"><strong>\u00a0<\/strong>Wakacje 2024 &#8211; <br>ks. Jerzy<\/td><td>od Lucyny i Wac\u0142awa MROZOWSKICH<\/td><\/tr><tr><td class=\"has-text-align-center\" data-align=\"center\"><strong>poza<\/strong> <strong>parafi\u0105<\/strong><\/td><td class=\"has-text-align-center\" data-align=\"center\">Wakacje 2024 &#8211; <br>ks. Jerzy<strong>\u00a0<\/strong><\/td><td>od brata Romana z rodzin\u0105<\/td><\/tr><tr><td class=\"has-text-align-center\" data-align=\"center\"><strong>poza<\/strong> <strong>parafi\u0105<\/strong><\/td><td class=\"has-text-align-center\" data-align=\"center\"><strong>\u00a0<\/strong>Wakacje 2024 &#8211; <br>ks. Jerzy<\/td><td>od Sylwestra i Ma\u0142gorzaty CITAK z dzie\u0107mi<\/td><\/tr><tr><td class=\"has-text-align-center\" data-align=\"center\"><strong>poza<\/strong> <strong>parafi\u0105<\/strong><\/td><td class=\"has-text-align-center\" data-align=\"center\"><strong>\u00a0<\/strong>Wakacje 2024 &#8211; <br>ks. Jerzy<\/td><td>od s\u0105siad\u00f3w<\/td><\/tr><tr><td class=\"has-text-align-center\" data-align=\"center\"><strong>poza<\/strong> <strong>parafi\u0105<\/strong><\/td><td class=\"has-text-align-center\" data-align=\"center\"><strong>\u00a0<\/strong>Wakacje 2024 &#8211; <br>ks. Jerzy<\/td><td>od s\u0105siad\u00f3w<\/td><\/tr><tr><td class=\"has-text-align-center\" data-align=\"center\"><strong>poza<\/strong> <strong>parafi\u0105<\/strong><\/td><td class=\"has-text-align-center\" data-align=\"center\"><strong>\u00a0<\/strong>Wakacje 2024 &#8211; <br>ks. Jerzy<\/td><td>od uczestnik\u00f3w pogrzebu<\/td><\/tr><tr><td class=\"has-text-align-center\" data-align=\"center\"><strong>poza<\/strong> <strong>parafi\u0105<\/strong><\/td><td class=\"has-text-align-center\" data-align=\"center\"><strong>\u00a0<\/strong>Wakacje 2024 &#8211; <br>ks. Jerzy<\/td><td>od uczestnik\u00f3w pogrzebu<\/td><\/tr><tr><td class=\"has-text-align-center\" data-align=\"center\"><strong>poza<\/strong> <strong>parafi\u0105<\/strong><\/td><td class=\"has-text-align-center\" data-align=\"center\"><strong>\u00a0<\/strong>Wakacje 2024 &#8211; <br>ks. Jerzy<\/td><td>od uczestnik\u00f3w pogrzebu<\/td><\/tr><\/tbody><\/table><\/figure>\n","protected":false},"excerpt":{"rendered":"<p>2022\/38 pogrzeb: 07.09.2022 data godz. ofiarodawcy\/intencja 25.04.2024 &nbsp;18.00 od syna Micha\u0142a z rodzin\u0105 27.04.2024 18.00 od syna Jakuba z \u017con\u0105 i dzie\u0107mi 01.05.2024 6.30 od \u017cony El\u017cbiety z synami 02.05.2024 6.30 od mamy 03.05.2024 6.30 od uczestnik\u00f3w pogrzebu 04.05.2024 6.30 od s\u0105siad\u00f3w 06.05.2024 6.30 od Pracownik\u00f3w Stacji Dializ i Nefrologii w Gorlicach 07.05.2024 6.30 od&#8230;<\/p>\n","protected":false},"author":3,"featured_media":188,"comment_status":"closed","ping_status":"","sticky":false,"template":"","format":"standard","meta":{"footnotes":""},"categories":[6],"tags":[],"class_list":["post-2623","post","type-post","status-publish","format-standard","has-post-thumbnail","hentry","category-intencje_pogrzebowe"],"_links":{"self":[{"href":"https:\/\/bobolagorlice.pl\/index.php\/wp-json\/wp\/v2\/posts\/2623","targetHints":{"allow":["GET"]}}],"collection":[{"href":"https:\/\/bobolagorlice.pl\/index.php\/wp-json\/wp\/v2\/posts"}],"about":[{"href":"https:\/\/bobolagorlice.pl\/index.php\/wp-json\/wp\/v2\/types\/post"}],"author":[{"embeddable":true,"href":"https:\/\/bobolagorlice.pl\/index.php\/wp-json\/wp\/v2\/users\/3"}],"replies":[{"embeddable":true,"href":"https:\/\/bobolagorlice.pl\/index.php\/wp-json\/wp\/v2\/comments?post=2623"}],"version-history":[{"count":5,"href":"https:\/\/bobolagorlice.pl\/index.php\/wp-json\/wp\/v2\/posts\/2623\/revisions"}],"predecessor-version":[{"id":4858,"href":"https:\/\/bobolagorlice.pl\/index.php\/wp-json\/wp\/v2\/posts\/2623\/revisions\/4858"}],"wp:featuredmedia":[{"embeddable":true,"href":"https:\/\/bobolagorlice.pl\/index.php\/wp-json\/wp\/v2\/media\/188"}],"wp:attachment":[{"href":"https:\/\/bobolagorlice.pl\/index.php\/wp-json\/wp\/v2\/media?parent=2623"}],"wp:term":[{"taxonomy":"category","embeddable":true,"href":"https:\/\/bobolagorlice.pl\/index.php\/wp-json\/wp\/v2\/categories?post=2623"},{"taxonomy":"post_tag","embeddable":true,"href":"https:\/\/bobolagorlice.pl\/index.php\/wp-json\/wp\/v2\/tags?post=2623"}],"curies":[{"name":"wp","href":"https:\/\/api.w.org\/{rel}","templated":true}]}}