{"id":264,"date":"2021-02-09T22:01:51","date_gmt":"2021-02-09T21:01:51","guid":{"rendered":"https:\/\/bobolagorlice.pl\/?p=264"},"modified":"2021-10-12T17:15:51","modified_gmt":"2021-10-12T15:15:51","slug":"janina-grabarz","status":"publish","type":"post","link":"https:\/\/bobolagorlice.pl\/index.php\/2021\/02\/09\/janina-grabarz\/","title":{"rendered":"\u2020JANINA GRABARZ"},"content":{"rendered":"\n<figure class=\"wp-block-table\"><table><tbody><tr><td class=\"has-text-align-center\" data-align=\"center\"><strong><em>data<\/em><\/strong><\/td><td class=\"has-text-align-center\" data-align=\"center\"><strong><em>godz.<\/em><\/strong><\/td><td><strong><em>ofiarodawcy \/ intencja<\/em><\/strong><\/td><\/tr><tr><td class=\"has-text-align-center\" data-align=\"center\">14.11.2020<\/td><td class=\"has-text-align-center\" data-align=\"center\">6.30<\/td><td>w <strong>7 dzie\u0144<\/strong> po \u015bmierci [<strong>od uczestnik\u00f3w pogrzebu<\/strong>]<\/td><\/tr><tr><td class=\"has-text-align-center\" data-align=\"center\">07.12.2020<\/td><td class=\"has-text-align-center\" data-align=\"center\">18.00<\/td><td>w <strong>30 dzie\u0144<\/strong> po \u015bmierci [<strong>z intencji kole\u017canek i koleg\u00f3w syna Janusza z Urz\u0119du Celno-Skarbowego w Kro\u015bnie i Barwinku<\/strong>]<\/td><\/tr><tr><td class=\"has-text-align-center\" data-align=\"center\">07.10.2021<\/td><td class=\"has-text-align-center\" data-align=\"center\">6.30<\/td><td>z intencji s\u0105siad\u00f3w z ul. Kopernika 6A, klatka I.<\/td><\/tr><tr><td class=\"has-text-align-center\" data-align=\"center\">12.10.2021<\/td><td class=\"has-text-align-center\" data-align=\"center\">6.30<\/td><td>od syna Janusza z \u017con\u0105<\/td><\/tr><tr><td class=\"has-text-align-center\" data-align=\"center\">14.10.2021<\/td><td class=\"has-text-align-center\" data-align=\"center\">6.30<\/td><td>od c\u00f3rki Katarzyny<\/td><\/tr><tr><td class=\"has-text-align-center\" data-align=\"center\">15.10.2021<\/td><td class=\"has-text-align-center\" data-align=\"center\">6.30<\/td><td>od wnuka Mateusza<\/td><\/tr><tr><td class=\"has-text-align-center\" data-align=\"center\">19.10.2021<\/td><td class=\"has-text-align-center\" data-align=\"center\">6.30<\/td><td>od bliskich s\u0105siadek z dzia\u0142ki<\/td><\/tr><tr><td class=\"has-text-align-center\" data-align=\"center\">16.10.2021<\/td><td class=\"has-text-align-center\" data-align=\"center\">18.00<\/td><td>od rodziny STACHUR\u00d3W<\/td><\/tr><tr><td class=\"has-text-align-center\" data-align=\"center\">18.10.2021<\/td><td class=\"has-text-align-center\" data-align=\"center\">18.00<\/td><td>od rodziny SOPAL\u00d3W<\/td><\/tr><tr><td class=\"has-text-align-center\" data-align=\"center\">20.10.2021<\/td><td class=\"has-text-align-center\" data-align=\"center\">6.30<\/td><td>od kole\u017canek z pracy c\u00f3rki Marii<\/td><\/tr><tr><td class=\"has-text-align-center\" data-align=\"center\">21.10.2021<\/td><td class=\"has-text-align-center\" data-align=\"center\">6.30<\/td><td>od kole\u017canek c\u00f3rki Magdy &#8211; Moniki i Agnieszki<\/td><\/tr><tr><td class=\"has-text-align-center\" data-align=\"center\">23.10.2021<\/td><td class=\"has-text-align-center\" data-align=\"center\">18.00<\/td><td>od zi\u0119cia z rodzin\u0105<\/td><\/tr><tr><td class=\"has-text-align-center\" data-align=\"center\"><strong>poza parafi\u0105<\/strong><\/td><td class=\"has-text-align-center\" data-align=\"center\"><strong>&nbsp;<\/strong>ks. Krzysztof<\/td><td>od koleg\u00f3w i kole\u017canek syna Janusza z Ligi Obrony Kraju w Gorlicach<\/td><\/tr><tr><td class=\"has-text-align-center\" data-align=\"center\"><strong>poza parafi\u0105<\/strong><\/td><td class=\"has-text-align-center\" data-align=\"center\"><strong>&nbsp;<\/strong>ks. Krzysztof<\/td><td>z intencji Wies\u0142awa \u0106WIKLIKA &#8211; kolegi syna Janusza<\/td><\/tr><tr><td class=\"has-text-align-center\" data-align=\"center\"><strong>poza parafi\u0105<\/strong><\/td><td class=\"has-text-align-center\" data-align=\"center\"><strong>&nbsp;<\/strong>ks. Krzysztof<\/td><td>od Pauliny BARNOWSKIEJ<\/td><\/tr><tr><td class=\"has-text-align-center\" data-align=\"center\"><strong>poza parafi\u0105<\/strong><\/td><td class=\"has-text-align-center\" data-align=\"center\">&nbsp;ks. Krzysztof<\/td><td>od Agaty BARNOWSKIEJ<\/td><\/tr><tr><td class=\"has-text-align-center\" data-align=\"center\"><strong>poza parafi\u0105<\/strong><\/td><td class=\"has-text-align-center\" data-align=\"center\">&nbsp;ks. Krzysztof<\/td><td>od uczestnik\u00f3w pogrzebu<\/td><\/tr><\/tbody><\/table><\/figure>\n","protected":false},"excerpt":{"rendered":"<p>data godz. ofiarodawcy \/ intencja 14.11.2020 6.30 w 7 dzie\u0144 po \u015bmierci [od uczestnik\u00f3w pogrzebu] 07.12.2020 18.00 w 30 dzie\u0144 po \u015bmierci [z intencji kole\u017canek i koleg\u00f3w syna Janusza z Urz\u0119du Celno-Skarbowego w Kro\u015bnie i Barwinku] 07.10.2021 6.30 z intencji s\u0105siad\u00f3w z ul. Kopernika 6A, klatka I. 12.10.2021 6.30 od syna Janusza z \u017con\u0105 14.10.2021&#8230;<\/p>\n","protected":false},"author":1,"featured_media":188,"comment_status":"closed","ping_status":"","sticky":false,"template":"","format":"standard","meta":{"footnotes":""},"categories":[6],"tags":[],"class_list":["post-264","post","type-post","status-publish","format-standard","has-post-thumbnail","hentry","category-intencje_pogrzebowe"],"_links":{"self":[{"href":"https:\/\/bobolagorlice.pl\/index.php\/wp-json\/wp\/v2\/posts\/264","targetHints":{"allow":["GET"]}}],"collection":[{"href":"https:\/\/bobolagorlice.pl\/index.php\/wp-json\/wp\/v2\/posts"}],"about":[{"href":"https:\/\/bobolagorlice.pl\/index.php\/wp-json\/wp\/v2\/types\/post"}],"author":[{"embeddable":true,"href":"https:\/\/bobolagorlice.pl\/index.php\/wp-json\/wp\/v2\/users\/1"}],"replies":[{"embeddable":true,"href":"https:\/\/bobolagorlice.pl\/index.php\/wp-json\/wp\/v2\/comments?post=264"}],"version-history":[{"count":4,"href":"https:\/\/bobolagorlice.pl\/index.php\/wp-json\/wp\/v2\/posts\/264\/revisions"}],"predecessor-version":[{"id":1467,"href":"https:\/\/bobolagorlice.pl\/index.php\/wp-json\/wp\/v2\/posts\/264\/revisions\/1467"}],"wp:featuredmedia":[{"embeddable":true,"href":"https:\/\/bobolagorlice.pl\/index.php\/wp-json\/wp\/v2\/media\/188"}],"wp:attachment":[{"href":"https:\/\/bobolagorlice.pl\/index.php\/wp-json\/wp\/v2\/media?parent=264"}],"wp:term":[{"taxonomy":"category","embeddable":true,"href":"https:\/\/bobolagorlice.pl\/index.php\/wp-json\/wp\/v2\/categories?post=264"},{"taxonomy":"post_tag","embeddable":true,"href":"https:\/\/bobolagorlice.pl\/index.php\/wp-json\/wp\/v2\/tags?post=264"}],"curies":[{"name":"wp","href":"https:\/\/api.w.org\/{rel}","templated":true}]}}