{"id":2643,"date":"2022-09-22T18:25:02","date_gmt":"2022-09-22T16:25:02","guid":{"rendered":"https:\/\/bobolagorlice.pl\/?p=2643"},"modified":"2024-06-01T14:15:42","modified_gmt":"2024-06-01T12:15:42","slug":"jozef-garnczarski","status":"publish","type":"post","link":"https:\/\/bobolagorlice.pl\/index.php\/2022\/09\/22\/jozef-garnczarski\/","title":{"rendered":"\u2020J\u00f3zef GARNCZARSKI"},"content":{"rendered":"\n<p><strong>2022\/40<\/strong>; pogrzeb: 22.09.2022<\/p>\n\n\n\n<figure class=\"wp-block-table\"><table><tbody><tr><td class=\"has-text-align-center\" data-align=\"center\"><strong><em>data<\/em><\/strong><\/td><td class=\"has-text-align-center\" data-align=\"center\"><strong><em>godz.<\/em><\/strong><\/td><td><strong><em>ofiarodawcy\/intencja<\/em><\/strong><\/td><\/tr><tr><td class=\"has-text-align-center\" data-align=\"center\"><strong>26.09.2022<\/strong><\/td><td class=\"has-text-align-center\" data-align=\"center\"><strong>6.30<\/strong><\/td><td>w <strong>7 dzie\u0144<\/strong> po \u015bmierci<\/td><\/tr><tr><td class=\"has-text-align-center\" data-align=\"center\"><strong>19.10.2022<\/strong><\/td><td class=\"has-text-align-center\" data-align=\"center\"><strong>6.30<\/strong><\/td><td>w <strong>30 dzie\u0144<\/strong> po \u015bmierci<\/td><\/tr><tr><td class=\"has-text-align-center\" data-align=\"center\">14.05.2024<\/td><td class=\"has-text-align-center\" data-align=\"center\">6.30<\/td><td>od syna Ryszarda<\/td><\/tr><tr><td class=\"has-text-align-center\" data-align=\"center\">17.05.2024<\/td><td class=\"has-text-align-center\" data-align=\"center\">6.30<\/td><td>od syna Bogus\u0142awa z \u017con\u0105<\/td><\/tr><tr><td class=\"has-text-align-center\" data-align=\"center\">18.05.2024<\/td><td class=\"has-text-align-center\" data-align=\"center\">6.30<\/td><td>od wnuka Mateusza<\/td><\/tr><tr><td class=\"has-text-align-center\" data-align=\"center\">13.05.2024<\/td><td class=\"has-text-align-center\" data-align=\"center\">6.30<\/td><td>od wnuczki Weroniki PROST z m\u0119\u017cem<\/td><\/tr><tr><td class=\"has-text-align-center\" data-align=\"center\">20.05.2024<\/td><td class=\"has-text-align-center\" data-align=\"center\">6.30<\/td><td>od Ma\u0142gorzaty i Zdzis\u0142awa LESZKIEWICZ, przyjaci\u00f3\u0142 synowej Marioli<\/td><\/tr><tr><td class=\"has-text-align-center\" data-align=\"center\">21.05.2024<\/td><td class=\"has-text-align-center\" data-align=\"center\">6.30<\/td><td>od Anny i Piotra HABAJ\u00d3W<\/td><\/tr><tr><td class=\"has-text-align-center\" data-align=\"center\">22.05.2024<\/td><td class=\"has-text-align-center\" data-align=\"center\">6.30<\/td><td>od Krystyny GARNCZARSKIEJ z dzie\u0107mi<\/td><\/tr><tr><td class=\"has-text-align-center\" data-align=\"center\">23.05.2024<\/td><td class=\"has-text-align-center\" data-align=\"center\">6.30<\/td><td>od s\u0105siad\u00f3w z bloku z ul. Kopernika 3.<\/td><\/tr><tr><td class=\"has-text-align-center\" data-align=\"center\">24.05.2024<\/td><td class=\"has-text-align-center\" data-align=\"center\">18.00<\/td><td>od kole\u017canek i koleg\u00f3w z by\u0142ego Wojew\u00f3dzkiego Biura Geodezji w Gorlicach<\/td><\/tr><tr><td class=\"has-text-align-center\" data-align=\"center\">25.05.2024<\/td><td class=\"has-text-align-center\" data-align=\"center\">18.00<\/td><td>od kole\u017canek i koleg\u00f3w z by\u0142ego Wojew\u00f3dzkiego Biura Geodezji w Gorlicach<\/td><\/tr><tr><td class=\"has-text-align-center\" data-align=\"center\"><strong>poza<\/strong> <strong>parafi\u0105<\/strong><\/td><td class=\"has-text-align-center\" data-align=\"center\">odprawi ks. Stanis\u0142aw Garnczarski<strong>&nbsp;<\/strong><\/td><td>od kole\u017canek syna Bogus\u0142awa z Ochrony \u015arodowiska<\/td><\/tr><tr><td class=\"has-text-align-center\" data-align=\"center\"><strong>poza<\/strong> <strong>parafi\u0105<\/strong><\/td><td class=\"has-text-align-center\" data-align=\"center\">odprawi ks. Stanis\u0142aw Garnczarski<strong>&nbsp;&nbsp;<\/strong><\/td><td>od Marii i Macieja PRZYBYCIE\u0143<\/td><\/tr><tr><td class=\"has-text-align-center\" data-align=\"center\"><strong>poza<\/strong> <strong>parafi\u0105<\/strong><\/td><td class=\"has-text-align-center\" data-align=\"center\"><strong>&nbsp;<\/strong>odprawi ks. Stanis\u0142aw Garnczarski<strong>&nbsp;<\/strong><\/td><td>od rodziny RZESZUTK\u00d3W<\/td><\/tr><tr><td class=\"has-text-align-center\" data-align=\"center\"><strong>poza<\/strong> <strong>parafi\u0105<\/strong><\/td><td class=\"has-text-align-center\" data-align=\"center\"><strong>&nbsp;<\/strong>odprawi ks. Stanis\u0142aw Garnczarski<strong>&nbsp;<\/strong><\/td><td>od rodziny PROST\u00d3W<\/td><\/tr><tr><td class=\"has-text-align-center\" data-align=\"center\"><strong>poza<\/strong> <strong>parafi\u0105<\/strong><\/td><td class=\"has-text-align-center\" data-align=\"center\"><strong>&nbsp;<\/strong>odprawi ks. Stanis\u0142aw Garnczarski<strong>&nbsp;<\/strong><\/td><td>od chrze\u015bnicy Anny RADWA\u0143SKIEJ<\/td><\/tr><tr><td class=\"has-text-align-center\" data-align=\"center\"><strong>poza<\/strong> <strong>parafi\u0105<\/strong><\/td><td class=\"has-text-align-center\" data-align=\"center\"><strong>&nbsp;<\/strong>odprawi ks. Stanis\u0142aw Garnczarski<strong>&nbsp;<\/strong><\/td><td>od Marty i Wojciecha HABAJ\u00d3W z rodzin\u0105<\/td><\/tr><tr><td class=\"has-text-align-center\" data-align=\"center\"><strong>poza<\/strong> <strong>parafi\u0105<\/strong><\/td><td class=\"has-text-align-center\" data-align=\"center\"><strong>&nbsp;<\/strong>odprawi ks. Stanis\u0142aw Garnczarski<strong>&nbsp;<\/strong><\/td><td>od rodziny \u015aWINIARSKICH<\/td><\/tr><tr><td class=\"has-text-align-center\" data-align=\"center\"><strong>poza<\/strong> <strong>parafi\u0105<\/strong><\/td><td class=\"has-text-align-center\" data-align=\"center\"><strong>&nbsp;<\/strong>odprawi ks. Stanis\u0142aw Garnczarski<strong>&nbsp;<\/strong><\/td><td>od rodziny HABL\u00d3W z Krynicy<\/td><\/tr><tr><td class=\"has-text-align-center\" data-align=\"center\"><strong>poza<\/strong> <strong>parafi\u0105<\/strong><\/td><td class=\"has-text-align-center\" data-align=\"center\"><strong>&nbsp;<\/strong>odprawi ks. Stanis\u0142aw Garnczarski<strong>&nbsp;<\/strong><\/td><td>od Haliny KAPA\u0141A z Korzennej<\/td><\/tr><tr><td class=\"has-text-align-center\" data-align=\"center\"><strong>poza<\/strong> <strong>parafi\u0105<\/strong><\/td><td class=\"has-text-align-center\" data-align=\"center\">odprawi ks. Stanis\u0142aw Garnczarski<strong>&nbsp;&nbsp;<\/strong><\/td><td>od Ewy HABEL z Krynicy<\/td><\/tr><tr><td class=\"has-text-align-center\" data-align=\"center\"><strong>poza<\/strong> <strong>parafi\u0105<\/strong><\/td><td class=\"has-text-align-center\" data-align=\"center\"><strong>&nbsp;<\/strong>odprawi ks. Stanis\u0142aw Garnczarski<strong>&nbsp;<\/strong><\/td><td>od s\u0105siad\u00f3w z bloku z ul. Kopernika 3.<\/td><\/tr><tr><td class=\"has-text-align-center\" data-align=\"center\"><strong>poza<\/strong> <strong>parafi\u0105<\/strong><\/td><td class=\"has-text-align-center\" data-align=\"center\">odprawi ks. Stanis\u0142aw Garnczarski<strong>&nbsp;&nbsp;<\/strong><\/td><td>od s\u0105siad\u00f3w z bloku z ul. Kopernika 3.<\/td><\/tr><tr><td class=\"has-text-align-center\" data-align=\"center\"><strong>poza<\/strong> <strong>parafi\u0105<\/strong><\/td><td class=\"has-text-align-center\" data-align=\"center\"><strong>&nbsp;<\/strong>odprawi ks. Stanis\u0142aw Garnczarski<strong>&nbsp;<\/strong><\/td><td>od Komisji G\u0142\u00f3wnej V Synodu<\/td><\/tr><tr><td class=\"has-text-align-center\" data-align=\"center\"><strong>poza<\/strong> <strong>parafi\u0105<\/strong><\/td><td class=\"has-text-align-center\" data-align=\"center\"><strong>&nbsp;<\/strong>odprawi ks. Stanis\u0142aw Garnczarski<strong>&nbsp;<\/strong><\/td><td>od Sekretariatu V Synodu<\/td><\/tr><tr><td class=\"has-text-align-center\" data-align=\"center\"><strong>poza<\/strong> <strong>parafi\u0105<\/strong><\/td><td class=\"has-text-align-center\" data-align=\"center\">odprawi ks. Stanis\u0142aw Garnczarski<strong>&nbsp;&nbsp;<\/strong><\/td><td>od siostrzenicy z Przyb\u00f3wki<\/td><\/tr><tr><td class=\"has-text-align-center\" data-align=\"center\"><strong>poza<\/strong> <strong>parafi\u0105<\/strong><\/td><td class=\"has-text-align-center\" data-align=\"center\"><strong>&nbsp;<\/strong>odprawi ks. Stanis\u0142aw Garnczarski<strong>&nbsp;<\/strong><\/td><td>od Ma\u0142gorzaty i Krzysztofa GARNCZARSKICH<\/td><\/tr><tr><td class=\"has-text-align-center\" data-align=\"center\"><strong>poza<\/strong> <strong>parafi\u0105<\/strong><\/td><td class=\"has-text-align-center\" data-align=\"center\"><strong>&nbsp;<\/strong>odprawi ks. Stanis\u0142aw Garnczarski<strong>&nbsp;<\/strong><\/td><td>od chrze\u015bnicy Pauliny z rodzin\u0105<\/td><\/tr><tr><td class=\"has-text-align-center\" data-align=\"center\"><strong>poza<\/strong> <strong>parafi\u0105<\/strong><\/td><td class=\"has-text-align-center\" data-align=\"center\">odprawi ks. Stanis\u0142aw Garnczarski<strong>&nbsp;&nbsp;<\/strong><\/td><td>od Joanny i Marka PELCZARSKICH<\/td><\/tr><tr><td class=\"has-text-align-center\" data-align=\"center\"><strong>poza<\/strong> <strong>parafi\u0105<\/strong><\/td><td class=\"has-text-align-center\" data-align=\"center\">odprawi ks. Stanis\u0142aw Garnczarski<strong>&nbsp;&nbsp;<\/strong><\/td><td>od Beaty i Bogus\u0142awa PELCZARSKICH<\/td><\/tr><tr><td class=\"has-text-align-center\" data-align=\"center\"><strong>poza<\/strong> <strong>parafi\u0105<\/strong><\/td><td class=\"has-text-align-center\" data-align=\"center\"><strong>&nbsp;<\/strong>odprawi ks. Stanis\u0142aw Garnczarski<strong>&nbsp;<\/strong><\/td><td>od seminarzyst\u00f3w ks. Profesora Stanis\u0142awa&nbsp;<\/td><\/tr><tr><td class=\"has-text-align-center\" data-align=\"center\"><strong>poza<\/strong> <strong>parafi\u0105<\/strong><\/td><td class=\"has-text-align-center\" data-align=\"center\">odprawi ks. Stanis\u0142aw Garnczarski<strong>&nbsp;&nbsp;<\/strong><\/td><td>od rodziny PABIS<\/td><\/tr><tr><td class=\"has-text-align-center\" data-align=\"center\"><strong>poza<\/strong> <strong>parafi\u0105<\/strong><\/td><td class=\"has-text-align-center\" data-align=\"center\"><strong>&nbsp;<\/strong>odprawi ks. Stanis\u0142aw Garnczarski<strong>&nbsp;<\/strong><\/td><td>od rodziny PABIS<\/td><\/tr><tr><td class=\"has-text-align-center\" data-align=\"center\"><strong>poza<\/strong> <strong>parafi\u0105<\/strong><\/td><td class=\"has-text-align-center\" data-align=\"center\"><strong>&nbsp;<\/strong>odprawi ks. Stanis\u0142aw Garnczarski<strong>&nbsp;<\/strong><\/td><td>od Krystyny, Magdaleny i Jerzego Z\u0118BALA<\/td><\/tr><tr><td class=\"has-text-align-center\" data-align=\"center\"><strong>poza<\/strong> <strong>parafi\u0105<\/strong><\/td><td class=\"has-text-align-center\" data-align=\"center\"><strong>&nbsp;<\/strong>odprawi ks. Stanis\u0142aw Garnczarski<strong>&nbsp;<\/strong><\/td><td>od Krystyny, Magdaleny i Jerzego Z\u0118BALA<\/td><\/tr><tr><td class=\"has-text-align-center\" data-align=\"center\"><strong>poza<\/strong> <strong>parafi\u0105<\/strong><\/td><td class=\"has-text-align-center\" data-align=\"center\"><strong>&nbsp;<\/strong>odprawi ks. Stanis\u0142aw Garnczarski<strong>&nbsp;<\/strong><\/td><td>od Janiny AUGUSTYN z rodzin\u0105<\/td><\/tr><tr><td class=\"has-text-align-center\" data-align=\"center\"><strong>poza<\/strong> <strong>parafi\u0105<\/strong><\/td><td class=\"has-text-align-center\" data-align=\"center\"><strong>&nbsp;<\/strong>odprawi ks. Stanis\u0142aw Garnczarski<strong>&nbsp;<\/strong><\/td><td>od Dyrekcji i Pracownik\u00f3w Radia RDN Ma\u0142opolska i RDN Nowy S\u0105cz<\/td><\/tr><tr><td class=\"has-text-align-center\" data-align=\"center\"><strong>poza<\/strong> <strong>parafi\u0105<\/strong><\/td><td class=\"has-text-align-center\" data-align=\"center\"><strong>&nbsp;<\/strong>odprawi ks. Stanis\u0142aw Garnczarski<strong>&nbsp;<\/strong><\/td><td>od Wydzia\u0142u Duszpasterstwa Trze\u017awo\u015bci<\/td><\/tr><tr><td class=\"has-text-align-center\" data-align=\"center\"><strong>poza<\/strong> <strong>parafi\u0105<\/strong><\/td><td class=\"has-text-align-center\" data-align=\"center\"><strong>&nbsp;<\/strong>odprawi ks. Stanis\u0142aw Garnczarski<strong>&nbsp;<\/strong><\/td><td>od Alicji i Piotra KAMI\u0143SKICH, przyjaci\u00f3\u0142 rodziny<\/td><\/tr><tr><td class=\"has-text-align-center\" data-align=\"center\"><strong>poza<\/strong> <strong>parafi\u0105<\/strong><\/td><td class=\"has-text-align-center\" data-align=\"center\"><strong>&nbsp;<\/strong>odprawi ks. Stanis\u0142aw Garnczarski<strong>&nbsp;<\/strong><\/td><td>od przyjaci\u00f3\u0142 synowej Marioli z Kwiaciarni<\/td><\/tr><tr><td class=\"has-text-align-center\" data-align=\"center\"><strong>poza<\/strong> <strong>parafi\u0105<\/strong><\/td><td class=\"has-text-align-center\" data-align=\"center\"><strong>&nbsp;<\/strong>odprawi ks. Stanis\u0142aw Garnczarski<strong>&nbsp;<\/strong><\/td><td>od rodziny SMERECKICH<\/td><\/tr><tr><td class=\"has-text-align-center\" data-align=\"center\"><strong>poza<\/strong> <strong>parafi\u0105<\/strong><\/td><td class=\"has-text-align-center\" data-align=\"center\"><strong>&nbsp;<\/strong>odprawi ks. Stanis\u0142aw Garnczarski<strong>&nbsp;<\/strong><\/td><td>od rodziny CZUBAJ\u00d3W<\/td><\/tr><tr><td class=\"has-text-align-center\" data-align=\"center\"><strong>poza<\/strong> <strong>parafi\u0105<\/strong><\/td><td class=\"has-text-align-center\" data-align=\"center\"><strong>&nbsp;<\/strong>odprawi ks. Stanis\u0142aw Garnczarski<strong>&nbsp;<\/strong><\/td><td>od rodziny \u0141OPAT\u00d3W<\/td><\/tr><tr><td class=\"has-text-align-center\" data-align=\"center\"><strong>poza<\/strong> <strong>parafi\u0105<\/strong><\/td><td class=\"has-text-align-center\" data-align=\"center\"><strong>&nbsp;<\/strong>odprawi ks. Stanis\u0142aw Garnczarski<strong>&nbsp;<\/strong><\/td><td>od W\u00f3jta i pracownik\u00f3w Urz\u0119du Gminy Gorlice<\/td><\/tr><tr><td class=\"has-text-align-center\" data-align=\"center\"><strong>poza<\/strong> <strong>parafi\u0105<\/strong><\/td><td class=\"has-text-align-center\" data-align=\"center\"><strong>&nbsp;<\/strong>odprawi ks. Stanis\u0142aw Garnczarski<strong>&nbsp;<\/strong><\/td><td>od W\u00f3jta i pracownik\u00f3w Urz\u0119du Gminy Gorlice<\/td><\/tr><tr><td class=\"has-text-align-center\" data-align=\"center\"><strong>poza<\/strong> <strong>parafi\u0105<\/strong><\/td><td class=\"has-text-align-center\" data-align=\"center\"><strong>&nbsp;<\/strong>odprawi ks. Stanis\u0142aw Garnczarski<strong>&nbsp;<\/strong><\/td><td>od W\u00f3jta, Przewodnicz\u0105cego i Rady Gminy Gorlice<\/td><\/tr><tr><td class=\"has-text-align-center\" data-align=\"center\"><strong>poza<\/strong> <strong>parafi\u0105<\/strong><\/td><td class=\"has-text-align-center\" data-align=\"center\"><strong>&nbsp;<\/strong>odprawi ks. Stanis\u0142aw Garnczarski<strong>&nbsp;<\/strong><\/td><td>od pracownic firmy INWEMER<\/td><\/tr><tr><td class=\"has-text-align-center\" data-align=\"center\"><strong>poza<\/strong> <strong>parafi\u0105<\/strong><\/td><td class=\"has-text-align-center\" data-align=\"center\"><strong>&nbsp;<\/strong>odprawi ks. Stanis\u0142aw Garnczarski<strong>&nbsp;<\/strong><\/td><td>od pracownik\u00f3w serwerowni NDC<\/td><\/tr><tr><td class=\"has-text-align-center\" data-align=\"center\"><strong>poza<\/strong> <strong>parafi\u0105<\/strong><\/td><td class=\"has-text-align-center\" data-align=\"center\"><strong>&nbsp;<\/strong>odprawi ks. Stanis\u0142aw Garnczarski<strong>&nbsp;<\/strong><\/td><td>od Dyrekcji, Pracownik\u00f3w i Mieszka\u0144c\u00f3w Domu Emeryt\u00f3w Plac\u00f3wki Piel\u0119gnacyjno-Opieku\u0144czej&nbsp; \u201eCARITAS\u201d Diecezji Tarnowskiej<\/td><\/tr><tr><td class=\"has-text-align-center\" data-align=\"center\"><strong>poza<\/strong> <strong>parafi\u0105<\/strong><\/td><td class=\"has-text-align-center\" data-align=\"center\"><strong>&nbsp;<\/strong>odprawi ks. Stanis\u0142aw Garnczarski<strong>&nbsp;<\/strong><\/td><td>od Dyrektora i pracownik\u00f3w O\u015bwiatowego Zespo\u0142u Ekonomiczno-Administracyjnego gminy Gorlice<\/td><\/tr><tr><td class=\"has-text-align-center\" data-align=\"center\"><strong>poza<\/strong> <strong>parafi\u0105<\/strong><\/td><td class=\"has-text-align-center\" data-align=\"center\"><strong>&nbsp;<\/strong>odprawi ks. Stanis\u0142aw Garnczarski<strong>&nbsp;<\/strong><\/td><td>od uczestnik\u00f3w pogrzebu<\/td><\/tr><tr><td class=\"has-text-align-center\" data-align=\"center\"><strong>poza<\/strong> <strong>parafi\u0105<\/strong><\/td><td class=\"has-text-align-center\" data-align=\"center\">odprawi ks. Stanis\u0142aw Garnczarski<strong>&nbsp;&nbsp;<\/strong><\/td><td>od uczestnik\u00f3w pogrzebu<\/td><\/tr><\/tbody><\/table><\/figure>\n","protected":false},"excerpt":{"rendered":"<p>2022\/40; pogrzeb: 22.09.2022 data godz. ofiarodawcy\/intencja 26.09.2022 6.30 w 7 dzie\u0144 po \u015bmierci 19.10.2022 6.30 w 30 dzie\u0144 po \u015bmierci 14.05.2024 6.30 od syna Ryszarda 17.05.2024 6.30 od syna Bogus\u0142awa z \u017con\u0105 18.05.2024 6.30 od wnuka Mateusza 13.05.2024 6.30 od wnuczki Weroniki PROST z m\u0119\u017cem 20.05.2024 6.30 od Ma\u0142gorzaty i Zdzis\u0142awa LESZKIEWICZ, przyjaci\u00f3\u0142 synowej Marioli&#8230;<\/p>\n","protected":false},"author":3,"featured_media":188,"comment_status":"closed","ping_status":"","sticky":false,"template":"","format":"standard","meta":{"footnotes":""},"categories":[6],"tags":[],"class_list":["post-2643","post","type-post","status-publish","format-standard","has-post-thumbnail","hentry","category-intencje_pogrzebowe"],"_links":{"self":[{"href":"https:\/\/bobolagorlice.pl\/index.php\/wp-json\/wp\/v2\/posts\/2643","targetHints":{"allow":["GET"]}}],"collection":[{"href":"https:\/\/bobolagorlice.pl\/index.php\/wp-json\/wp\/v2\/posts"}],"about":[{"href":"https:\/\/bobolagorlice.pl\/index.php\/wp-json\/wp\/v2\/types\/post"}],"author":[{"embeddable":true,"href":"https:\/\/bobolagorlice.pl\/index.php\/wp-json\/wp\/v2\/users\/3"}],"replies":[{"embeddable":true,"href":"https:\/\/bobolagorlice.pl\/index.php\/wp-json\/wp\/v2\/comments?post=2643"}],"version-history":[{"count":4,"href":"https:\/\/bobolagorlice.pl\/index.php\/wp-json\/wp\/v2\/posts\/2643\/revisions"}],"predecessor-version":[{"id":4794,"href":"https:\/\/bobolagorlice.pl\/index.php\/wp-json\/wp\/v2\/posts\/2643\/revisions\/4794"}],"wp:featuredmedia":[{"embeddable":true,"href":"https:\/\/bobolagorlice.pl\/index.php\/wp-json\/wp\/v2\/media\/188"}],"wp:attachment":[{"href":"https:\/\/bobolagorlice.pl\/index.php\/wp-json\/wp\/v2\/media?parent=2643"}],"wp:term":[{"taxonomy":"category","embeddable":true,"href":"https:\/\/bobolagorlice.pl\/index.php\/wp-json\/wp\/v2\/categories?post=2643"},{"taxonomy":"post_tag","embeddable":true,"href":"https:\/\/bobolagorlice.pl\/index.php\/wp-json\/wp\/v2\/tags?post=2643"}],"curies":[{"name":"wp","href":"https:\/\/api.w.org\/{rel}","templated":true}]}}