{"id":2688,"date":"2022-10-05T17:05:29","date_gmt":"2022-10-05T15:05:29","guid":{"rendered":"https:\/\/bobolagorlice.pl\/?p=2688"},"modified":"2024-06-01T14:09:15","modified_gmt":"2024-06-01T12:09:15","slug":"wieslaw-zawislak","status":"publish","type":"post","link":"https:\/\/bobolagorlice.pl\/index.php\/2022\/10\/05\/wieslaw-zawislak\/","title":{"rendered":"\u2020Wies\u0142aw ZAWI\u015aLAK"},"content":{"rendered":"\n<p><strong>2022\/41<\/strong>; pogrzeb: 05.10.2022<\/p>\n\n\n\n<figure class=\"wp-block-table\"><table><tbody><tr><td class=\"has-text-align-center\" data-align=\"center\"><strong><em>data<\/em><\/strong><\/td><td class=\"has-text-align-center\" data-align=\"center\"><strong><em>godz.<\/em><\/strong><\/td><td><strong><em>ofiarodawcy\/intencja<\/em><\/strong><\/td><\/tr><tr><td class=\"has-text-align-center\" data-align=\"center\"><strong>30.10.2022<\/strong><\/td><td class=\"has-text-align-center\" data-align=\"center\"><strong>6.30<\/strong><\/td><td>w <strong>30 dzie\u0144<\/strong> po \u015bmierci [<strong>od dzieci i wnuk\u00f3w<\/strong>]<\/td><\/tr><tr><td class=\"has-text-align-center\" data-align=\"center\">17.05.2024<\/td><td class=\"has-text-align-center\" data-align=\"center\">6.30<\/td><td>od brata J\u00f3zefa z rodzin\u0105<\/td><\/tr><tr><td class=\"has-text-align-center\" data-align=\"center\">18.05.2024<\/td><td class=\"has-text-align-center\" data-align=\"center\">6.30<\/td><td>od rodziny Wies\u0142awa JERZAKA<\/td><\/tr><tr><td class=\"has-text-align-center\" data-align=\"center\">20.05.2024<\/td><td class=\"has-text-align-center\" data-align=\"center\">6.30<\/td><td>od rodziny RYBOWICZ\u00d3W z Biecza<\/td><\/tr><tr><td class=\"has-text-align-center\" data-align=\"center\">21.05.2024<\/td><td class=\"has-text-align-center\" data-align=\"center\">6.30<\/td><td>od kole\u017canek EMERYTEK<\/td><\/tr><tr><td class=\"has-text-align-center\" data-align=\"center\">23.05.2023<\/td><td class=\"has-text-align-center\" data-align=\"center\">6.30<\/td><td>od s\u0105siad\u00f3w z klatki<\/td><\/tr><tr><td class=\"has-text-align-center\" data-align=\"center\">24.05.2024<\/td><td class=\"has-text-align-center\" data-align=\"center\">6.30<\/td><td>od s\u0105siad\u00f3w z klatki<\/td><\/tr><tr><td class=\"has-text-align-center\" data-align=\"center\">25.05.2024<\/td><td class=\"has-text-align-center\" data-align=\"center\">6.30<\/td><td>od s\u0105siad\u00f3w z klatki<\/td><\/tr><tr><td class=\"has-text-align-center\" data-align=\"center\">27.05.2024<\/td><td class=\"has-text-align-center\" data-align=\"center\">6.30<\/td><td>z intencji pracownik\u00f3w Zespo\u0142u Szk\u00f3\u0142 nr 1 im. Ignacego \u0141ukasiewicza w Gorlicach<\/td><\/tr><tr><td class=\"has-text-align-center\" data-align=\"center\">29.05.2024<\/td><td class=\"has-text-align-center\" data-align=\"center\">6.30<\/td><td>z intencji nauczycieli i pracownik\u00f3w Miejskiego Zespo\u0142u Szk\u00f3\u0142 nr 4 w Gorlicach<\/td><\/tr><tr><td class=\"has-text-align-center\" data-align=\"center\">29.05.2024<\/td><td class=\"has-text-align-center\" data-align=\"center\">6.30<\/td><td>od uczestnik\u00f3w pogrzebu<\/td><\/tr><tr><td class=\"has-text-align-center\" data-align=\"center\">04.06.2024<\/td><td class=\"has-text-align-center\" data-align=\"center\">6.30<strong>\u00a0<\/strong><\/td><td>od uczestnik\u00f3w pogrzebu<\/td><\/tr><\/tbody><\/table><\/figure>\n","protected":false},"excerpt":{"rendered":"<p>2022\/41; pogrzeb: 05.10.2022 data godz. ofiarodawcy\/intencja 30.10.2022 6.30 w 30 dzie\u0144 po \u015bmierci [od dzieci i wnuk\u00f3w] 17.05.2024 6.30 od brata J\u00f3zefa z rodzin\u0105 18.05.2024 6.30 od rodziny Wies\u0142awa JERZAKA 20.05.2024 6.30 od rodziny RYBOWICZ\u00d3W z Biecza 21.05.2024 6.30 od kole\u017canek EMERYTEK 23.05.2023 6.30 od s\u0105siad\u00f3w z klatki 24.05.2024 6.30 od s\u0105siad\u00f3w z klatki 25.05.2024&#8230;<\/p>\n","protected":false},"author":3,"featured_media":188,"comment_status":"closed","ping_status":"","sticky":false,"template":"","format":"standard","meta":{"footnotes":""},"categories":[6],"tags":[],"class_list":["post-2688","post","type-post","status-publish","format-standard","has-post-thumbnail","hentry","category-intencje_pogrzebowe"],"_links":{"self":[{"href":"https:\/\/bobolagorlice.pl\/index.php\/wp-json\/wp\/v2\/posts\/2688","targetHints":{"allow":["GET"]}}],"collection":[{"href":"https:\/\/bobolagorlice.pl\/index.php\/wp-json\/wp\/v2\/posts"}],"about":[{"href":"https:\/\/bobolagorlice.pl\/index.php\/wp-json\/wp\/v2\/types\/post"}],"author":[{"embeddable":true,"href":"https:\/\/bobolagorlice.pl\/index.php\/wp-json\/wp\/v2\/users\/3"}],"replies":[{"embeddable":true,"href":"https:\/\/bobolagorlice.pl\/index.php\/wp-json\/wp\/v2\/comments?post=2688"}],"version-history":[{"count":4,"href":"https:\/\/bobolagorlice.pl\/index.php\/wp-json\/wp\/v2\/posts\/2688\/revisions"}],"predecessor-version":[{"id":4790,"href":"https:\/\/bobolagorlice.pl\/index.php\/wp-json\/wp\/v2\/posts\/2688\/revisions\/4790"}],"wp:featuredmedia":[{"embeddable":true,"href":"https:\/\/bobolagorlice.pl\/index.php\/wp-json\/wp\/v2\/media\/188"}],"wp:attachment":[{"href":"https:\/\/bobolagorlice.pl\/index.php\/wp-json\/wp\/v2\/media?parent=2688"}],"wp:term":[{"taxonomy":"category","embeddable":true,"href":"https:\/\/bobolagorlice.pl\/index.php\/wp-json\/wp\/v2\/categories?post=2688"},{"taxonomy":"post_tag","embeddable":true,"href":"https:\/\/bobolagorlice.pl\/index.php\/wp-json\/wp\/v2\/tags?post=2688"}],"curies":[{"name":"wp","href":"https:\/\/api.w.org\/{rel}","templated":true}]}}