{"id":2704,"date":"2022-10-13T17:33:32","date_gmt":"2022-10-13T15:33:32","guid":{"rendered":"https:\/\/bobolagorlice.pl\/?p=2704"},"modified":"2024-06-23T16:06:31","modified_gmt":"2024-06-23T14:06:31","slug":"jozefa-smolkiewicz","status":"publish","type":"post","link":"https:\/\/bobolagorlice.pl\/index.php\/2022\/10\/13\/jozefa-smolkiewicz\/","title":{"rendered":"\u2020J\u00f3zefa SMO\u0141KIEWICZ"},"content":{"rendered":"\n<p><strong>2022\/42 <\/strong>pogrzeb: 13.10.2022<\/p>\n\n\n\n<figure class=\"wp-block-table\"><table><tbody><tr><td class=\"has-text-align-center\" data-align=\"center\"><strong><em>data<\/em><\/strong><\/td><td class=\"has-text-align-center\" data-align=\"center\"><strong><em>godz.<\/em><\/strong><\/td><td><strong><em>ofiarodawcy\/intencja<\/em><\/strong><\/td><\/tr><tr><td class=\"has-text-align-center\" data-align=\"center\">17.10.2022<\/td><td class=\"has-text-align-center\" data-align=\"center\">6.30<\/td><td>w <strong>7 dzie\u0144<\/strong> po \u015bmierci [od c\u00f3rki Ewy]<\/td><\/tr><tr><td class=\"has-text-align-center\" data-align=\"center\">09.11.2022<\/td><td class=\"has-text-align-center\" data-align=\"center\">6.30<\/td><td>w <strong>30 dzie\u0144<\/strong> po \u015bmierci [od wnuk\u00f3w z rodzinami]<\/td><\/tr><tr><td class=\"has-text-align-center\" data-align=\"center\">24.05.2024<\/td><td class=\"has-text-align-center\" data-align=\"center\">6.30<\/td><td>od s\u0105siad\u00f3w z klatki<\/td><\/tr><tr><td class=\"has-text-align-center\" data-align=\"center\">20.05.2024<\/td><td class=\"has-text-align-center\" data-align=\"center\">18.00<\/td><td>od Marty i Aleksandra TUBEK z dzie\u0107mi<\/td><\/tr><tr><td class=\"has-text-align-center\" data-align=\"center\">27.06.2024<\/td><td class=\"has-text-align-center\" data-align=\"center\">18.00<\/td><td>od Zofii i Edwarda STEC<\/td><\/tr><tr><td class=\"has-text-align-center\" data-align=\"center\">29.05.2024<\/td><td class=\"has-text-align-center\" data-align=\"center\">18.00<\/td><td>od Marii i Tadeusza STEC<\/td><\/tr><tr><td class=\"has-text-align-center\" data-align=\"center\">05.06.2024<\/td><td class=\"has-text-align-center\" data-align=\"center\">6.30<\/td><td>od wnuka Jakuba z rodzin\u0105<\/td><\/tr><tr><td class=\"has-text-align-center\" data-align=\"center\">06.06.2024<\/td><td class=\"has-text-align-center\" data-align=\"center\">6.30<\/td><td>od wnuczki Katarzyny z rodzin\u0105<\/td><\/tr><tr><td class=\"has-text-align-center\" data-align=\"center\">07.06.2024<\/td><td class=\"has-text-align-center\" data-align=\"center\">6.30<\/td><td>od bratowej Anny z rodzin\u0105<\/td><\/tr><tr><td class=\"has-text-align-center\" data-align=\"center\">10.06.2024<\/td><td class=\"has-text-align-center\" data-align=\"center\">6.30<\/td><td>od rodziny Zofii WOJNA z Gr\u00f3dka<\/td><\/tr><tr><td class=\"has-text-align-center\" data-align=\"center\">11.06.2024<\/td><td class=\"has-text-align-center\" data-align=\"center\">6.30<\/td><td>od rodziny KOZAK\u00d3W<\/td><\/tr><tr><td class=\"has-text-align-center\" data-align=\"center\">08.06.2024<\/td><td class=\"has-text-align-center\" data-align=\"center\">6.30<\/td><td><strong>od uczestnik\u00f3w pogrzebu<\/strong><\/td><\/tr><tr><td class=\"has-text-align-center\" data-align=\"center\"><strong>poza<\/strong> <strong>parafi\u0105<\/strong><\/td><td class=\"has-text-align-center\" data-align=\"center\">ks. Jerzy &#8211; <br>wakacje 2024<strong>\u00a0<\/strong><\/td><td>od rodziny Mariana SZYMCZYKA z Dominikowic<\/td><\/tr><tr><td class=\"has-text-align-center\" data-align=\"center\"><strong>poza<\/strong> <strong>parafi\u0105<\/strong><\/td><td class=\"has-text-align-center\" data-align=\"center\"><strong>\u00a0<\/strong>ks. Jerzy &#8211; <br>wakacje 2024<\/td><td>od Justyny i Klaudiusza z rodzinami<\/td><\/tr><tr><td class=\"has-text-align-center\" data-align=\"center\"><strong>poza<\/strong> <strong>parafi\u0105<\/strong><\/td><td class=\"has-text-align-center\" data-align=\"center\"><strong>\u00a0<\/strong>ks. Jerzy &#8211; <br>wakacje 2024<\/td><td>od s\u0105siad\u00f3w z klatki<\/td><\/tr><tr><td class=\"has-text-align-center\" data-align=\"center\"><strong>50poza<\/strong> <strong>parafi\u0105<\/strong><\/td><td class=\"has-text-align-center\" data-align=\"center\"><strong>\u00a0<\/strong>ks. Jerzy &#8211; <br>wakacje 2024<\/td><td>od Lucyny i Edwarda GUBA\u0141A<\/td><\/tr><tr><td class=\"has-text-align-center\" data-align=\"center\"><strong>poza<\/strong> <strong>parafi\u0105<\/strong><\/td><td class=\"has-text-align-center\" data-align=\"center\"><strong>\u00a0<\/strong>ks. Jerzy &#8211; <br>wakacje 2024<\/td><td>z intencji rodziny STAR\u0118G\u00d3W<\/td><\/tr><tr><td class=\"has-text-align-center\" data-align=\"center\"><strong>poza<\/strong> <strong>parafi\u0105<\/strong><\/td><td class=\"has-text-align-center\" data-align=\"center\"><strong>\u00a0<\/strong>ks. Jerzy &#8211; <br>wakacje 2024<\/td><td>od siostrze\u0144ca Jerzego z rodzin\u0105<\/td><\/tr><tr><td class=\"has-text-align-center\" data-align=\"center\"><strong>poza<\/strong> <strong>parafi\u0105<\/strong><\/td><td class=\"has-text-align-center\" data-align=\"center\"><strong>\u00a0<\/strong>ks. Jerzy &#8211; <br>wakacje 2024<\/td><td>od Jana RADZIKA z Gr\u00f3dka<\/td><\/tr><tr><td class=\"has-text-align-center\" data-align=\"center\"><strong>poza parafi\u0105<\/strong><\/td><td class=\"has-text-align-center\" data-align=\"center\"><strong>\u00a0<\/strong>ks. Jerzy &#8211; <br>wakacje 2024<\/td><td>od siostrze\u0144ca Antoniego WIERZCHANOWSKIEGO z Gr\u00f3dka<\/td><\/tr><tr><td class=\"has-text-align-center\" data-align=\"center\"><strong>poza<\/strong> <strong>parafi\u0105<\/strong><\/td><td class=\"has-text-align-center\" data-align=\"center\"><strong>\u00a0<\/strong>ks. Jerzy &#8211; <br>wakacje 2024<\/td><td>od bratowej Ludwiki DURLAK<\/td><\/tr><tr><td class=\"has-text-align-center\" data-align=\"center\"><strong>poza<\/strong> <strong>parafi\u0105<\/strong><\/td><td class=\"has-text-align-center\" data-align=\"center\"><strong>\u00a0<\/strong>ks. Jerzy &#8211; <br>wakacje 2024<\/td><td>od bratanicy Marii DURLAK<\/td><\/tr><tr><td class=\"has-text-align-center\" data-align=\"center\"><strong>poza<\/strong> <strong>parafi\u0105<\/strong><\/td><td class=\"has-text-align-center\" data-align=\"center\">ks. Jerzy &#8211; <br>wakacje 2024<strong>\u00a0<\/strong><\/td><td>od bratanicy Barbary SZCZECINA z rodzin\u0105<\/td><\/tr><tr><td class=\"has-text-align-center\" data-align=\"center\"><strong>poza<\/strong> <strong>parafi\u0105<\/strong><\/td><td class=\"has-text-align-center\" data-align=\"center\"><strong>\u00a0<\/strong>ks. Jerzy &#8211; <br>wakacje 2024<\/td><td>od bratanka Mariana z Krakowa z rodzin\u0105<\/td><\/tr><tr><td class=\"has-text-align-center\" data-align=\"center\"><strong>poza<\/strong> <strong>parafi\u0105<\/strong><\/td><td class=\"has-text-align-center\" data-align=\"center\"><strong>\u00a0<\/strong>ks. Jerzy &#8211; <br>wakacje 2024<\/td><td>od Anety i Jana DURLAK z rodzin\u0105<\/td><\/tr><tr><td class=\"has-text-align-center\" data-align=\"center\"><strong>poza<\/strong> <strong>parafi\u0105<\/strong><\/td><td class=\"has-text-align-center\" data-align=\"center\"><strong>\u00a0<\/strong>ks. Jerzy &#8211; <br>wakacje 2024<\/td><td>od Marii i Wies\u0142awa JAJE z rodzinami<\/td><\/tr><tr><td class=\"has-text-align-center\" data-align=\"center\"><strong>poza<\/strong> <strong>parafi\u0105<\/strong><\/td><td class=\"has-text-align-center\" data-align=\"center\"><strong>\u00a0<\/strong>ks. Jerzy &#8211; <br>wakacje 2024<\/td><td>od Mariana WIERZCHANOWSKIEGO<\/td><\/tr><tr><td class=\"has-text-align-center\" data-align=\"center\"><strong>poza<\/strong> <strong>parafi\u0105<\/strong><\/td><td class=\"has-text-align-center\" data-align=\"center\">ks. Jerzy &#8211; <br>wakacje 2024<strong>\u00a0<\/strong><\/td><td>od chrzestnego Piotra WIERZCHANOWSKIEGO ze Z\u0142otowa z \u017con\u0105<\/td><\/tr><tr><td class=\"has-text-align-center\" data-align=\"center\"><strong>poza<\/strong> <strong>parafi\u0105<\/strong><\/td><td class=\"has-text-align-center\" data-align=\"center\"><strong>\u00a0<\/strong>ks. Jerzy &#8211; <br>wakacje 2024<\/td><td>od Wies\u0142awa WIERZCHANOWSKIEGO z Zabrza z \u017con\u0105<\/td><\/tr><tr><td class=\"has-text-align-center\" data-align=\"center\"><strong>poza<\/strong> <strong>parafi\u0105<\/strong><\/td><td class=\"has-text-align-center\" data-align=\"center\"><strong>\u00a0<\/strong>ks. Jerzy &#8211; <br>wakacje 2024<\/td><td>od Zbigniewa WIERZCHANOWSKIEGO z Moszczenicy z rodzin\u0105<\/td><\/tr><tr><td class=\"has-text-align-center\" data-align=\"center\"><strong>poza<\/strong> <strong>parafi\u0105<\/strong><\/td><td class=\"has-text-align-center\" data-align=\"center\"><strong>\u00a0<\/strong>ks. Jerzy &#8211; <br>wakacje 2024<\/td><td>od Marii WIERZCHANOWSKIEJ z Ropczyc z rodzin\u0105<\/td><\/tr><tr><td class=\"has-text-align-center\" data-align=\"center\"><strong>poza<\/strong> <strong>parafi\u0105<\/strong><\/td><td class=\"has-text-align-center\" data-align=\"center\"><strong>\u00a0<\/strong>ks. Jerzy &#8211; <br>wakacje 2024<\/td><td>od Janiny PACH z Ropczyc z rodzin\u0105<\/td><\/tr><tr><td class=\"has-text-align-center\" data-align=\"center\"><strong>poza<\/strong> <strong>parafi\u0105<\/strong><\/td><td class=\"has-text-align-center\" data-align=\"center\"><strong>\u00a0<\/strong>ks. Jerzy &#8211; <br>wakacje 2024<\/td><td>od Barbary i Zdzis\u0142awa GOR\u0104CY z rodzin\u0105<\/td><\/tr><tr><td class=\"has-text-align-center\" data-align=\"center\"><strong>poza<\/strong> <strong>parafi\u0105<\/strong><\/td><td class=\"has-text-align-center\" data-align=\"center\"><strong>\u00a0<\/strong>ks. Jerzy &#8211; <br>wakacje 2024<\/td><td>od&nbsp; Iwony i Jana SZYMCZYK z rodzin\u0105<\/td><\/tr><tr><td class=\"has-text-align-center\" data-align=\"center\"><strong>poza<\/strong> <strong>parafi\u0105<\/strong><\/td><td class=\"has-text-align-center\" data-align=\"center\"><strong>\u00a0<\/strong>ks. Jerzy &#8211; <br>wakacje 2024<\/td><td>od siostrzenicy Anny z rodzin\u0105<\/td><\/tr><tr><td class=\"has-text-align-center\" data-align=\"center\"><strong>poza<\/strong> <strong>parafi\u0105<\/strong><\/td><td class=\"has-text-align-center\" data-align=\"center\"><strong>\u00a0<\/strong>ks. Jerzy &#8211; <br>wakacje 2024<\/td><td>od siostrzenicy Anny z rodzin\u0105<\/td><\/tr><tr><td class=\"has-text-align-center\" data-align=\"center\"><strong>poza<\/strong> <strong>parafi\u0105<\/strong><\/td><td class=\"has-text-align-center\" data-align=\"center\">ks. Jerzy &#8211; <br>wakacje 2024<strong>\u00a0<\/strong><\/td><td>od Jadwigi DURLAK z Gr\u00f3dka<\/td><\/tr><tr><td class=\"has-text-align-center\" data-align=\"center\"><strong>poza<\/strong> <strong>parafi\u0105<\/strong><\/td><td class=\"has-text-align-center\" data-align=\"center\"><strong>\u00a0<\/strong>ks. Jerzy &#8211; <br>wakacje 2024<\/td><td>od Marii BARAN z rodzin\u0105 z Bia\u0142ej<\/td><\/tr><tr><td class=\"has-text-align-center\" data-align=\"center\"><strong>poza<\/strong> <strong>parafi\u0105<\/strong><\/td><td class=\"has-text-align-center\" data-align=\"center\">ks. Jerzy &#8211; <br>wakacje 2024<strong>\u00a0<\/strong><\/td><td>od Zofii GRUCA z rodzin\u0105 z Gr\u00f3dka<\/td><\/tr><tr><td class=\"has-text-align-center\" data-align=\"center\"><strong>poza<\/strong> <strong>parafi\u0105<\/strong><\/td><td class=\"has-text-align-center\" data-align=\"center\"><strong>\u00a0<\/strong>ks. Jerzy &#8211; <br>wakacje 2024<\/td><td>od Antoniego z Gr\u00f3dka z rodzin\u0105<\/td><\/tr><tr><td class=\"has-text-align-center\" data-align=\"center\"><strong>poza<\/strong> <strong>parafi\u0105<\/strong><\/td><td class=\"has-text-align-center\" data-align=\"center\"><strong>\u00a0<\/strong>ks. Jerzy &#8211; <br>wakacje 2024<\/td><td>od Jana RADZIKA z Gr\u00f3dka<\/td><\/tr><tr><td class=\"has-text-align-center\" data-align=\"center\"><strong>poza<\/strong> <strong>parafi\u0105<\/strong><\/td><td class=\"has-text-align-center\" data-align=\"center\">ks. Jerzy &#8211; <br>wakacje 2024<strong>\u00a0<\/strong><\/td><td>od siostrzenicy Lucyny z rodzin\u0105<\/td><\/tr><\/tbody><\/table><\/figure>\n","protected":false},"excerpt":{"rendered":"<p>2022\/42 pogrzeb: 13.10.2022 data godz. ofiarodawcy\/intencja 17.10.2022 6.30 w 7 dzie\u0144 po \u015bmierci [od c\u00f3rki Ewy] 09.11.2022 6.30 w 30 dzie\u0144 po \u015bmierci [od wnuk\u00f3w z rodzinami] 24.05.2024 6.30 od s\u0105siad\u00f3w z klatki 20.05.2024 18.00 od Marty i Aleksandra TUBEK z dzie\u0107mi 27.06.2024 18.00 od Zofii i Edwarda STEC 29.05.2024 18.00 od Marii i Tadeusza&#8230;<\/p>\n","protected":false},"author":3,"featured_media":188,"comment_status":"closed","ping_status":"","sticky":false,"template":"","format":"standard","meta":{"footnotes":""},"categories":[6],"tags":[],"class_list":["post-2704","post","type-post","status-publish","format-standard","has-post-thumbnail","hentry","category-intencje_pogrzebowe"],"_links":{"self":[{"href":"https:\/\/bobolagorlice.pl\/index.php\/wp-json\/wp\/v2\/posts\/2704","targetHints":{"allow":["GET"]}}],"collection":[{"href":"https:\/\/bobolagorlice.pl\/index.php\/wp-json\/wp\/v2\/posts"}],"about":[{"href":"https:\/\/bobolagorlice.pl\/index.php\/wp-json\/wp\/v2\/types\/post"}],"author":[{"embeddable":true,"href":"https:\/\/bobolagorlice.pl\/index.php\/wp-json\/wp\/v2\/users\/3"}],"replies":[{"embeddable":true,"href":"https:\/\/bobolagorlice.pl\/index.php\/wp-json\/wp\/v2\/comments?post=2704"}],"version-history":[{"count":5,"href":"https:\/\/bobolagorlice.pl\/index.php\/wp-json\/wp\/v2\/posts\/2704\/revisions"}],"predecessor-version":[{"id":4862,"href":"https:\/\/bobolagorlice.pl\/index.php\/wp-json\/wp\/v2\/posts\/2704\/revisions\/4862"}],"wp:featuredmedia":[{"embeddable":true,"href":"https:\/\/bobolagorlice.pl\/index.php\/wp-json\/wp\/v2\/media\/188"}],"wp:attachment":[{"href":"https:\/\/bobolagorlice.pl\/index.php\/wp-json\/wp\/v2\/media?parent=2704"}],"wp:term":[{"taxonomy":"category","embeddable":true,"href":"https:\/\/bobolagorlice.pl\/index.php\/wp-json\/wp\/v2\/categories?post=2704"},{"taxonomy":"post_tag","embeddable":true,"href":"https:\/\/bobolagorlice.pl\/index.php\/wp-json\/wp\/v2\/tags?post=2704"}],"curies":[{"name":"wp","href":"https:\/\/api.w.org\/{rel}","templated":true}]}}