{"id":272,"date":"2021-02-09T22:09:35","date_gmt":"2021-02-09T21:09:35","guid":{"rendered":"https:\/\/bobolagorlice.pl\/?p=272"},"modified":"2021-09-14T17:15:14","modified_gmt":"2021-09-14T15:15:14","slug":"helena-magiera","status":"publish","type":"post","link":"https:\/\/bobolagorlice.pl\/index.php\/2021\/02\/09\/helena-magiera\/","title":{"rendered":"\u2020HELENA MAGIERA"},"content":{"rendered":"\n<figure class=\"wp-block-table\"><table><tbody><tr><td class=\"has-text-align-center\" data-align=\"center\"><strong><em>data<\/em><\/strong><\/td><td class=\"has-text-align-center\" data-align=\"center\"><strong><em>godz.<\/em><\/strong><\/td><td><strong><em>ofiarodawcy \/ intencja<\/em><\/strong><\/td><\/tr><tr><td class=\"has-text-align-center\" data-align=\"center\">20.10.2020<\/td><td class=\"has-text-align-center\" data-align=\"center\">18.00<\/td><td>w <strong>7 dzie\u0144<\/strong> po \u015bmierci<\/td><\/tr><tr><td class=\"has-text-align-center\" data-align=\"center\">12.11.2020<\/td><td class=\"has-text-align-center\" data-align=\"center\">&nbsp;&nbsp; 6.30<\/td><td>w <strong>30 dzie\u0144<\/strong> po \u015bmierci<\/td><\/tr><tr><td class=\"has-text-align-center\" data-align=\"center\">24.09.2021<\/td><td class=\"has-text-align-center\" data-align=\"center\">18.00<\/td><td>od uczestnik\u00f3w pogrzebu<\/td><\/tr><tr><td class=\"has-text-align-center\" data-align=\"center\">29.09.2021<\/td><td class=\"has-text-align-center\" data-align=\"center\">6.30<\/td><td>od uczestnik\u00f3w pogrzebu<\/td><\/tr><\/tbody><\/table><\/figure>\n","protected":false},"excerpt":{"rendered":"<p>data godz. ofiarodawcy \/ intencja 20.10.2020 18.00 w 7 dzie\u0144 po \u015bmierci 12.11.2020 &nbsp;&nbsp; 6.30 w 30 dzie\u0144 po \u015bmierci 24.09.2021 18.00 od uczestnik\u00f3w pogrzebu 29.09.2021 6.30 od uczestnik\u00f3w pogrzebu<\/p>\n","protected":false},"author":1,"featured_media":188,"comment_status":"closed","ping_status":"","sticky":false,"template":"","format":"standard","meta":{"footnotes":""},"categories":[6],"tags":[],"class_list":["post-272","post","type-post","status-publish","format-standard","has-post-thumbnail","hentry","category-intencje_pogrzebowe"],"_links":{"self":[{"href":"https:\/\/bobolagorlice.pl\/index.php\/wp-json\/wp\/v2\/posts\/272","targetHints":{"allow":["GET"]}}],"collection":[{"href":"https:\/\/bobolagorlice.pl\/index.php\/wp-json\/wp\/v2\/posts"}],"about":[{"href":"https:\/\/bobolagorlice.pl\/index.php\/wp-json\/wp\/v2\/types\/post"}],"author":[{"embeddable":true,"href":"https:\/\/bobolagorlice.pl\/index.php\/wp-json\/wp\/v2\/users\/1"}],"replies":[{"embeddable":true,"href":"https:\/\/bobolagorlice.pl\/index.php\/wp-json\/wp\/v2\/comments?post=272"}],"version-history":[{"count":2,"href":"https:\/\/bobolagorlice.pl\/index.php\/wp-json\/wp\/v2\/posts\/272\/revisions"}],"predecessor-version":[{"id":1394,"href":"https:\/\/bobolagorlice.pl\/index.php\/wp-json\/wp\/v2\/posts\/272\/revisions\/1394"}],"wp:featuredmedia":[{"embeddable":true,"href":"https:\/\/bobolagorlice.pl\/index.php\/wp-json\/wp\/v2\/media\/188"}],"wp:attachment":[{"href":"https:\/\/bobolagorlice.pl\/index.php\/wp-json\/wp\/v2\/media?parent=272"}],"wp:term":[{"taxonomy":"category","embeddable":true,"href":"https:\/\/bobolagorlice.pl\/index.php\/wp-json\/wp\/v2\/categories?post=272"},{"taxonomy":"post_tag","embeddable":true,"href":"https:\/\/bobolagorlice.pl\/index.php\/wp-json\/wp\/v2\/tags?post=272"}],"curies":[{"name":"wp","href":"https:\/\/api.w.org\/{rel}","templated":true}]}}