{"id":2801,"date":"2022-11-11T15:04:20","date_gmt":"2022-11-11T14:04:20","guid":{"rendered":"https:\/\/bobolagorlice.pl\/?p=2801"},"modified":"2024-07-02T11:26:41","modified_gmt":"2024-07-02T09:26:41","slug":"krystyna-zygmuntowicz","status":"publish","type":"post","link":"https:\/\/bobolagorlice.pl\/index.php\/2022\/11\/11\/krystyna-zygmuntowicz\/","title":{"rendered":"\u2020Krystyna ZYGMUNTOWICZ"},"content":{"rendered":"\n<p><strong>2022\/45<\/strong>; pogrzeb: 10.11.2022<\/p>\n\n\n\n<figure class=\"wp-block-table\"><table><tbody><tr><td class=\"has-text-align-center\" data-align=\"center\"><strong><em>data<\/em><\/strong><\/td><td class=\"has-text-align-center\" data-align=\"center\"><strong><em>godz.<\/em><\/strong><\/td><td><strong><em>ofiarodawcy\/intencja<\/em><\/strong><\/td><\/tr><tr><td class=\"has-text-align-center\" data-align=\"center\"><strong>14.11.2022<\/strong><\/td><td class=\"has-text-align-center\" data-align=\"center\"><strong>6.30<\/strong><\/td><td>w <strong>7 dzie\u0144<\/strong> po \u015bmierci [<strong>od c\u00f3rek z rodzinami<\/strong>]<\/td><\/tr><tr><td class=\"has-text-align-center\" data-align=\"center\"><strong>07.12.2022<\/strong><\/td><td class=\"has-text-align-center\" data-align=\"center\"><strong>6.30<\/strong><\/td><td>w <strong>30 dzie\u0144<\/strong> po \u015bmierci \u2013 od uczestnik\u00f3w pogrzebu<\/td><\/tr><tr><td class=\"has-text-align-center\" data-align=\"center\">13.06.2024<\/td><td class=\"has-text-align-center\" data-align=\"center\">6.30<\/td><td>od koleg\u00f3w i kole\u017canek Kasi z firmy \u201e<em>ORANGE<\/em>\u201d<\/td><\/tr><tr><td class=\"has-text-align-center\" data-align=\"center\">15.06.2024<\/td><td class=\"has-text-align-center\" data-align=\"center\">6.30<\/td><td>od rodziny KRZEMI\u0143SKICH<\/td><\/tr><tr><td class=\"has-text-align-center\" data-align=\"center\">21.06.2024<\/td><td class=\"has-text-align-center\" data-align=\"center\">6.30<\/td><td>od siostry Gra\u017cyny z rodzin\u0105<\/td><\/tr><tr><td class=\"has-text-align-center\" data-align=\"center\">22.06.2024<\/td><td class=\"has-text-align-center\" data-align=\"center\">6.30<\/td><td>od Marii i Ryszarda SKIBA<\/td><\/tr><tr><td class=\"has-text-align-center\" data-align=\"center\">28.06.2024<\/td><td class=\"has-text-align-center\" data-align=\"center\">6.30<\/td><td>od s\u0105siad\u00f3w D\u0104BROWSKICH<\/td><\/tr><tr><td class=\"has-text-align-center\" data-align=\"center\">04.07.2024<\/td><td class=\"has-text-align-center\" data-align=\"center\">6.30<\/td><td>od rodziny KOSZYK i TULEJA<\/td><\/tr><tr><td class=\"has-text-align-center\" data-align=\"center\">05.07.2024<\/td><td class=\"has-text-align-center\" data-align=\"center\">16.00<\/td><td>od znajomych z ul. \u0141okietka GALAS\u00d3W i ZIMOWSKICH<\/td><\/tr><tr><td class=\"has-text-align-center\" data-align=\"center\">09.07.2024<\/td><td class=\"has-text-align-center\" data-align=\"center\">6.30<\/td><td>od koleg\u00f3w i kole\u017canek c\u00f3rki Katarzyny z <em>\u201eNIUW GLNIK\u201d<\/em><\/td><\/tr><tr><td class=\"has-text-align-center\" data-align=\"center\">10.07.2024<\/td><td class=\"has-text-align-center\" data-align=\"center\">6.30<\/td><td>od s\u0105siad\u00f3w z klatki<\/td><\/tr><tr><td class=\"has-text-align-center\" data-align=\"center\">11.07.2024<\/td><td class=\"has-text-align-center\" data-align=\"center\">18.00<\/td><td>od Beaty i Dariusza MIKRUT<\/td><\/tr><tr><td class=\"has-text-align-center\" data-align=\"center\"><strong>poza<\/strong> <strong>parafi\u0105<\/strong><\/td><td class=\"has-text-align-center\" data-align=\"center\"><strong>&nbsp;<\/strong>ks. Krzysztof &#8211; Wakacje 2024<\/td><td>od Anny i Marka ZIMOWSKICH z rodzin\u0105<\/td><\/tr><tr><td class=\"has-text-align-center\" data-align=\"center\"><strong>poza<\/strong> <strong>parafi\u0105<\/strong><\/td><td class=\"has-text-align-center\" data-align=\"center\">ks. Krzysztof &#8211; Wakacje 2024<strong>&nbsp;<\/strong><\/td><td>od koleg\u00f3w i kole\u017canek c\u00f3rki Katarzyny z <em>\u201eNIUW GLNIK\u201d<\/em><\/td><\/tr><tr><td class=\"has-text-align-center\" data-align=\"center\"><strong>poza<\/strong> <strong>parafi\u0105<\/strong><\/td><td class=\"has-text-align-center\" data-align=\"center\">ks. Krzysztof &#8211; Wakacje 2024<strong>&nbsp;<\/strong><\/td><td>od koleg\u00f3w i kole\u017canek c\u00f3rki Katarzyny z <em>\u201eNIUW GLNIK\u201d<\/em><\/td><\/tr><tr><td class=\"has-text-align-center\" data-align=\"center\"><strong>poza<\/strong> <strong>parafi\u0105<\/strong><\/td><td class=\"has-text-align-center\" data-align=\"center\"><strong>&nbsp;<\/strong>ks. Krzysztof &#8211; Wakacje 2024<\/td><td>od s\u0105siad\u00f3w z klatki<\/td><\/tr><tr><td class=\"has-text-align-center\" data-align=\"center\"><strong>poza<\/strong> <strong>parafi\u0105<\/strong><\/td><td class=\"has-text-align-center\" data-align=\"center\"><strong>&nbsp;<\/strong>ks. Krzysztof &#8211; Wakacje 2024<\/td><td>od Iwony i Janusza S\u0141OMKA<\/td><\/tr><tr><td class=\"has-text-align-center\" data-align=\"center\"><strong>poza<\/strong> <strong>parafi\u0105<\/strong><\/td><td class=\"has-text-align-center\" data-align=\"center\">ks. Krzysztof &#8211; Wakacje 2024<strong>&nbsp;<\/strong><\/td><td>od Marii PRASZKOWSKI i rodziny ROGULSKICH<\/td><\/tr><tr><td class=\"has-text-align-center\" data-align=\"center\"><strong>poza<\/strong> <strong>parafi\u0105<\/strong><\/td><td class=\"has-text-align-center\" data-align=\"center\"><strong>&nbsp;<\/strong>ks. Krzysztof &#8211; Wakacje 2024<\/td><td>od firmy pogrzebowej <em>\u201eSMUTEK\u201d<\/em><\/td><\/tr><tr><td class=\"has-text-align-center\" data-align=\"center\"><strong>poza<\/strong> <strong>parafi\u0105<\/strong><\/td><td class=\"has-text-align-center\" data-align=\"center\"><strong>&nbsp;<\/strong>ks. Krzysztof &#8211; Wakacje 2024<\/td><td>od kole\u017canki Zosi<\/td><\/tr><tr><td class=\"has-text-align-center\" data-align=\"center\"><strong>poza<\/strong> <strong>parafi\u0105<\/strong><\/td><td class=\"has-text-align-center\" data-align=\"center\"><strong>&nbsp;<\/strong>ks. Krzysztof &#8211; Wakacje 2024<\/td><td>od Eugeniusza<\/td><\/tr><tr><td class=\"has-text-align-center\" data-align=\"center\"><strong>poza<\/strong> <strong>parafi\u0105<\/strong><\/td><td class=\"has-text-align-center\" data-align=\"center\"><strong>&nbsp;<\/strong>ks. Krzysztof &#8211; Wakacje 2024<\/td><td>od Janusza Nella KACZOR<\/td><\/tr><tr><td class=\"has-text-align-center\" data-align=\"center\"><strong>poza<\/strong> <strong>parafi\u0105<\/strong><\/td><td class=\"has-text-align-center\" data-align=\"center\"><strong>&nbsp;<\/strong>ks. Krzysztof &#8211; Wakacje 2024<\/td><td>od rodziny LIANA<\/td><\/tr><tr><td class=\"has-text-align-center\" data-align=\"center\"><strong>poza<\/strong> <strong>parafi\u0105<\/strong><\/td><td class=\"has-text-align-center\" data-align=\"center\"><strong>&nbsp;<\/strong>ks. Krzysztof &#8211; Wakacje 2024<\/td><td>od rodziny PODSADOWSKICH<\/td><\/tr><tr><td class=\"has-text-align-center\" data-align=\"center\"><strong>poza<\/strong> <strong>parafi\u0105<\/strong><\/td><td class=\"has-text-align-center\" data-align=\"center\"><strong>&nbsp;<\/strong>ks. Krzysztof &#8211; Wakacje 2024<\/td><td>od koleg\u00f3w i kole\u017canek c\u00f3rki Katarzyny z dzia\u0142u logistyki <em>\u201eNIUW GLNIK\u201d<\/em><\/td><\/tr><tr><td class=\"has-text-align-center\" data-align=\"center\"><strong>poza<\/strong> <strong>parafi\u0105<\/strong><\/td><td class=\"has-text-align-center\" data-align=\"center\"><strong>&nbsp;<\/strong>ks. Krzysztof &#8211; Wakacje 2024<\/td><td>od rodziny BRACH i KACZOR z Gorlic<\/td><\/tr><tr><td class=\"has-text-align-center\" data-align=\"center\"><strong>poza<\/strong> <strong>parafi\u0105<\/strong><\/td><td class=\"has-text-align-center\" data-align=\"center\"><strong>&nbsp;<\/strong>ks. Krzysztof &#8211; Wakacje 2024<\/td><td>od Moniki i Mariusza KARP z rodzin\u0105<\/td><\/tr><tr><td class=\"has-text-align-center\" data-align=\"center\"><strong>poza<\/strong> <strong>parafi\u0105<\/strong><\/td><td class=\"has-text-align-center\" data-align=\"center\"><strong>&nbsp;<\/strong>ks. Krzysztof &#8211; Wakacje 2024<\/td><td>od kole\u017canki ze szko\u0142y Marii<\/td><\/tr><tr><td class=\"has-text-align-center\" data-align=\"center\"><strong>poza<\/strong> <strong>parafi\u0105<\/strong><\/td><td class=\"has-text-align-center\" data-align=\"center\"><strong>&nbsp;<\/strong>ks. Krzysztof &#8211; Wakacje 2024<\/td><td>od Agaty i Antoniego<\/td><\/tr><tr><td class=\"has-text-align-center\" data-align=\"center\"><strong>poza<\/strong> <strong>parafi\u0105<\/strong><\/td><td class=\"has-text-align-center\" data-align=\"center\"><strong>&nbsp;<\/strong>ks. Krzysztof &#8211; Wakacje 2024<\/td><td>od rodziny CHORZ\u0118PA z Trzebowniska<\/td><\/tr><tr><td class=\"has-text-align-center\" data-align=\"center\"><strong>poza<\/strong> <strong>parafi\u0105<\/strong><\/td><td class=\"has-text-align-center\" data-align=\"center\"><strong>&nbsp;<\/strong>ks. Krzysztof &#8211; Wakacje 2024<\/td><td>z intencji pracownik\u00f3w z Urz\u0119du Pocztowego w Gorlicach, kole\u017canek i koleg\u00f3w m\u0119\u017ca<\/td><\/tr><tr><td class=\"has-text-align-center\" data-align=\"center\"><strong>poza<\/strong> <strong>parafi\u0105<\/strong><\/td><td class=\"has-text-align-center\" data-align=\"center\"><strong>&nbsp;<\/strong>ks. Krzysztof &#8211; Wakacje 2024<\/td><td>od rodziny CHORZ\u0118PA z Woli Rani\u017cowskiej<\/td><\/tr><tr><td class=\"has-text-align-center\" data-align=\"center\"><strong>poza<\/strong> <strong>parafi\u0105<\/strong><\/td><td class=\"has-text-align-center\" data-align=\"center\"><strong>&nbsp;<\/strong>ks. Krzysztof &#8211; Wakacje 2024<\/td><td>od kole\u017canek c\u00f3rki z USA<\/td><\/tr><tr><td class=\"has-text-align-center\" data-align=\"center\"><strong>poza<\/strong> <strong>parafi\u0105<\/strong><\/td><td class=\"has-text-align-center\" data-align=\"center\">ks. Krzysztof &#8211; Wakacje 2024<strong>&nbsp;<\/strong><\/td><td>od uczestnik\u00f3w pogrzebu<\/td><\/tr><tr><td class=\"has-text-align-center\" data-align=\"center\"><strong>poza<\/strong> <strong>parafi\u0105<\/strong><\/td><td class=\"has-text-align-center\" data-align=\"center\"><strong>&nbsp;<\/strong>ks. Krzysztof &#8211; Wakacje 2024<\/td><td>od uczestnik\u00f3w pogrzebu<\/td><\/tr><tr><td class=\"has-text-align-center\" data-align=\"center\"><strong>poza<\/strong> <strong>parafi\u0105<\/strong><\/td><td class=\"has-text-align-center\" data-align=\"center\">ks. Krzysztof &#8211; Wakacje 2024<strong>&nbsp;<\/strong><\/td><td>od uczestnik\u00f3w pogrzebu<\/td><\/tr><tr><td class=\"has-text-align-center\" data-align=\"center\"><strong>poza<\/strong> <strong>parafi\u0105<\/strong><\/td><td class=\"has-text-align-center\" data-align=\"center\"><strong>&nbsp;<\/strong>ks. Krzysztof &#8211; Wakacje 2024<\/td><td>od uczestnik\u00f3w pogrzebu<\/td><\/tr><tr><td class=\"has-text-align-center\" data-align=\"center\"><strong>poza<\/strong> <strong>parafi\u0105<\/strong><\/td><td class=\"has-text-align-center\" data-align=\"center\">ks. Proboszcz &#8211; wakacje 2024<strong>&nbsp;<\/strong><\/td><td>od uczestnik\u00f3w pogrzebu<\/td><\/tr><\/tbody><\/table><\/figure>\n","protected":false},"excerpt":{"rendered":"<p>2022\/45; pogrzeb: 10.11.2022 data godz. ofiarodawcy\/intencja 14.11.2022 6.30 w 7 dzie\u0144 po \u015bmierci [od c\u00f3rek z rodzinami] 07.12.2022 6.30 w 30 dzie\u0144 po \u015bmierci \u2013 od uczestnik\u00f3w pogrzebu 13.06.2024 6.30 od koleg\u00f3w i kole\u017canek Kasi z firmy \u201eORANGE\u201d 15.06.2024 6.30 od rodziny KRZEMI\u0143SKICH 21.06.2024 6.30 od siostry Gra\u017cyny z rodzin\u0105 22.06.2024 6.30 od Marii i&#8230;<\/p>\n","protected":false},"author":3,"featured_media":188,"comment_status":"closed","ping_status":"closed","sticky":false,"template":"","format":"standard","meta":{"footnotes":""},"categories":[6],"tags":[],"class_list":["post-2801","post","type-post","status-publish","format-standard","has-post-thumbnail","hentry","category-intencje_pogrzebowe"],"_links":{"self":[{"href":"https:\/\/bobolagorlice.pl\/index.php\/wp-json\/wp\/v2\/posts\/2801","targetHints":{"allow":["GET"]}}],"collection":[{"href":"https:\/\/bobolagorlice.pl\/index.php\/wp-json\/wp\/v2\/posts"}],"about":[{"href":"https:\/\/bobolagorlice.pl\/index.php\/wp-json\/wp\/v2\/types\/post"}],"author":[{"embeddable":true,"href":"https:\/\/bobolagorlice.pl\/index.php\/wp-json\/wp\/v2\/users\/3"}],"replies":[{"embeddable":true,"href":"https:\/\/bobolagorlice.pl\/index.php\/wp-json\/wp\/v2\/comments?post=2801"}],"version-history":[{"count":6,"href":"https:\/\/bobolagorlice.pl\/index.php\/wp-json\/wp\/v2\/posts\/2801\/revisions"}],"predecessor-version":[{"id":4905,"href":"https:\/\/bobolagorlice.pl\/index.php\/wp-json\/wp\/v2\/posts\/2801\/revisions\/4905"}],"wp:featuredmedia":[{"embeddable":true,"href":"https:\/\/bobolagorlice.pl\/index.php\/wp-json\/wp\/v2\/media\/188"}],"wp:attachment":[{"href":"https:\/\/bobolagorlice.pl\/index.php\/wp-json\/wp\/v2\/media?parent=2801"}],"wp:term":[{"taxonomy":"category","embeddable":true,"href":"https:\/\/bobolagorlice.pl\/index.php\/wp-json\/wp\/v2\/categories?post=2801"},{"taxonomy":"post_tag","embeddable":true,"href":"https:\/\/bobolagorlice.pl\/index.php\/wp-json\/wp\/v2\/tags?post=2801"}],"curies":[{"name":"wp","href":"https:\/\/api.w.org\/{rel}","templated":true}]}}