{"id":2832,"date":"2022-11-12T13:54:12","date_gmt":"2022-11-12T12:54:12","guid":{"rendered":"https:\/\/bobolagorlice.pl\/?p=2832"},"modified":"2024-08-07T14:41:29","modified_gmt":"2024-08-07T12:41:29","slug":"irena-kurc","status":"publish","type":"post","link":"https:\/\/bobolagorlice.pl\/index.php\/2022\/11\/12\/irena-kurc\/","title":{"rendered":"\u2020Irena KURC"},"content":{"rendered":"\n<p><strong>2022\/47<\/strong>; pogrzeb: 12.11.2022<\/p>\n\n\n\n<figure class=\"wp-block-table\"><table><tbody><tr><td class=\"has-text-align-center\" data-align=\"center\"><strong><em>data<\/em><\/strong><\/td><td class=\"has-text-align-center\" data-align=\"center\"><strong><em>godz.<\/em><\/strong><\/td><td><strong><em>ofiarodawcy\/intencja<\/em><\/strong><\/td><\/tr><tr><td class=\"has-text-align-center\" data-align=\"center\"><strong>15.11.2022<\/strong><\/td><td class=\"has-text-align-center\" data-align=\"center\"><strong>18.00<\/strong><\/td><td>w <strong>7 dzie\u0144<\/strong> po \u015bmierci [<strong>z intencji c\u00f3rek<\/strong>]<\/td><\/tr><tr><td class=\"has-text-align-center\" data-align=\"center\"><strong>08.12.2022<\/strong><\/td><td class=\"has-text-align-center\" data-align=\"center\"><strong>18.00<\/strong><\/td><td>w <strong>30 dzie\u0144<\/strong> po \u015bmierci [<strong>z intencji wnuk\u00f3w i prawnuk\u00f3w<\/strong>]<\/td><\/tr><tr><td class=\"has-text-align-center\" data-align=\"center\"><strong>06.05.2023<\/strong><\/td><td class=\"has-text-align-center\" data-align=\"center\"><strong>18.00<\/strong><\/td><td>od cz\u0142onki\u0144 R\u00f3\u017c Misyjnych \u2013 grupa \u015bw. s. Faustyny<\/td><\/tr><tr><td class=\"has-text-align-center\" data-align=\"center\">29.07.2024<\/td><td class=\"has-text-align-center\" data-align=\"center\">6.30<\/td><td>z intencji wnuka Krzysztofa z \u017con\u0105 Paulin\u0105<\/td><\/tr><tr><td class=\"has-text-align-center\" data-align=\"center\">30.07.2024<\/td><td class=\"has-text-align-center\" data-align=\"center\">6.30<\/td><td>z intencji prawnuk\u00f3w Jagody i Franciszka KRUPCZAK<\/td><\/tr><tr><td class=\"has-text-align-center\" data-align=\"center\">31.07.2024<\/td><td class=\"has-text-align-center\" data-align=\"center\">6.30<\/td><td>z intencji Agaty i Bogdana NIEMIEC z rodzin\u0105<\/td><\/tr><tr><td class=\"has-text-align-center\" data-align=\"center\">01.08.2024<\/td><td class=\"has-text-align-center\" data-align=\"center\">6.30<\/td><td>z intencji SEML\u00d3W<\/td><\/tr><tr><td class=\"has-text-align-center\" data-align=\"center\">02.08.2024<\/td><td class=\"has-text-align-center\" data-align=\"center\">6.30<\/td><td>od rodziny KONIECZNYCH<\/td><\/tr><tr><td class=\"has-text-align-center\" data-align=\"center\">06.08.2024<\/td><td class=\"has-text-align-center\" data-align=\"center\">18.00<\/td><td>od s\u0105siad\u00f3w z klatki<\/td><\/tr><tr><td class=\"has-text-align-center\" data-align=\"center\">07.08.2024<\/td><td class=\"has-text-align-center\" data-align=\"center\">6.30<\/td><td>od s\u0105siad\u00f3w z klatki<\/td><\/tr><tr><td class=\"has-text-align-center\" data-align=\"center\">08.08.2024<\/td><td class=\"has-text-align-center\" data-align=\"center\">18.00<\/td><td>od cz\u0142onki\u0144 R\u00f3\u017c Misyjnych \u2013 grupa \u015bw. s. Faustyny<\/td><\/tr><tr><td class=\"has-text-align-center\" data-align=\"center\">09.08.2024<\/td><td class=\"has-text-align-center\" data-align=\"center\">6.30<\/td><td>od uczestnik\u00f3w pogrzebu<\/td><\/tr><tr><td class=\"has-text-align-center\" data-align=\"center\"><strong>poza<\/strong> <strong>parafi\u0105<\/strong><\/td><td class=\"has-text-align-center\" data-align=\"center\">ks. Proboszcz &#8211; wakacje 2024<strong>&nbsp;<\/strong><\/td><td>od uczestnik\u00f3w pogrzebu<\/td><\/tr><\/tbody><\/table><\/figure>\n","protected":false},"excerpt":{"rendered":"<p>2022\/47; pogrzeb: 12.11.2022 data godz. ofiarodawcy\/intencja 15.11.2022 18.00 w 7 dzie\u0144 po \u015bmierci [z intencji c\u00f3rek] 08.12.2022 18.00 w 30 dzie\u0144 po \u015bmierci [z intencji wnuk\u00f3w i prawnuk\u00f3w] 06.05.2023 18.00 od cz\u0142onki\u0144 R\u00f3\u017c Misyjnych \u2013 grupa \u015bw. s. Faustyny 29.07.2024 6.30 z intencji wnuka Krzysztofa z \u017con\u0105 Paulin\u0105 30.07.2024 6.30 z intencji prawnuk\u00f3w Jagody i&#8230;<\/p>\n","protected":false},"author":3,"featured_media":188,"comment_status":"closed","ping_status":"closed","sticky":false,"template":"","format":"standard","meta":{"footnotes":""},"categories":[6],"tags":[],"class_list":["post-2832","post","type-post","status-publish","format-standard","has-post-thumbnail","hentry","category-intencje_pogrzebowe"],"_links":{"self":[{"href":"https:\/\/bobolagorlice.pl\/index.php\/wp-json\/wp\/v2\/posts\/2832","targetHints":{"allow":["GET"]}}],"collection":[{"href":"https:\/\/bobolagorlice.pl\/index.php\/wp-json\/wp\/v2\/posts"}],"about":[{"href":"https:\/\/bobolagorlice.pl\/index.php\/wp-json\/wp\/v2\/types\/post"}],"author":[{"embeddable":true,"href":"https:\/\/bobolagorlice.pl\/index.php\/wp-json\/wp\/v2\/users\/3"}],"replies":[{"embeddable":true,"href":"https:\/\/bobolagorlice.pl\/index.php\/wp-json\/wp\/v2\/comments?post=2832"}],"version-history":[{"count":5,"href":"https:\/\/bobolagorlice.pl\/index.php\/wp-json\/wp\/v2\/posts\/2832\/revisions"}],"predecessor-version":[{"id":4992,"href":"https:\/\/bobolagorlice.pl\/index.php\/wp-json\/wp\/v2\/posts\/2832\/revisions\/4992"}],"wp:featuredmedia":[{"embeddable":true,"href":"https:\/\/bobolagorlice.pl\/index.php\/wp-json\/wp\/v2\/media\/188"}],"wp:attachment":[{"href":"https:\/\/bobolagorlice.pl\/index.php\/wp-json\/wp\/v2\/media?parent=2832"}],"wp:term":[{"taxonomy":"category","embeddable":true,"href":"https:\/\/bobolagorlice.pl\/index.php\/wp-json\/wp\/v2\/categories?post=2832"},{"taxonomy":"post_tag","embeddable":true,"href":"https:\/\/bobolagorlice.pl\/index.php\/wp-json\/wp\/v2\/tags?post=2832"}],"curies":[{"name":"wp","href":"https:\/\/api.w.org\/{rel}","templated":true}]}}