{"id":289,"date":"2021-02-09T23:10:08","date_gmt":"2021-02-09T22:10:08","guid":{"rendered":"https:\/\/bobolagorlice.pl\/?p=289"},"modified":"2021-09-17T10:51:45","modified_gmt":"2021-09-17T08:51:45","slug":"anna-paruzel","status":"publish","type":"post","link":"https:\/\/bobolagorlice.pl\/index.php\/2021\/02\/09\/anna-paruzel\/","title":{"rendered":"\u2020ANNA PARUZEL"},"content":{"rendered":"\n<figure class=\"wp-block-table\"><table><tbody><tr><td class=\"has-text-align-center\" data-align=\"center\"><strong><em>data<\/em><\/strong><\/td><td class=\"has-text-align-center\" data-align=\"center\"><strong><em>godz.<\/em><\/strong><\/td><td><strong><em>ofiarodawcy \/ intencja<\/em><\/strong><\/td><\/tr><tr><td class=\"has-text-align-center\" data-align=\"center\">28.09.2020<\/td><td class=\"has-text-align-center\" data-align=\"center\">6.30<\/td><td>w <strong>7 dzie\u0144<\/strong> po \u015bmierci &#8211; od rodziny<\/td><\/tr><tr><td class=\"has-text-align-center\" data-align=\"center\">21.10.2020<\/td><td class=\"has-text-align-center\" data-align=\"center\">18.00<\/td><td>w <strong>30 dzie\u0144<\/strong> po \u015bmierci &#8211; od rodziny<\/td><\/tr><tr><td class=\"has-text-align-center\" data-align=\"center\">27.08.2021<\/td><td class=\"has-text-align-center\" data-align=\"center\">6.30<\/td><td>od m\u0119\u017ca<\/td><\/tr><tr><td class=\"has-text-align-center\" data-align=\"center\">03.09.2021<\/td><td class=\"has-text-align-center\" data-align=\"center\">6.30<\/td><td>od syn\u00f3w<\/td><\/tr><tr><td class=\"has-text-align-center\" data-align=\"center\">07.09.2021<\/td><td class=\"has-text-align-center\" data-align=\"center\">18.00<\/td><td>od Lucyny z rodzin\u0105<\/td><\/tr><tr><td class=\"has-text-align-center\" data-align=\"center\">12.09.2021<\/td><td class=\"has-text-align-center\" data-align=\"center\">6.30<\/td><td>od kole\u017canek i koleg\u00f3w GEODET\u00d3W<\/td><\/tr><tr><td class=\"has-text-align-center\" data-align=\"center\">21.09.2021<\/td><td class=\"has-text-align-center\" data-align=\"center\">18.00<\/td><td>od Genowefy MROZEK<\/td><\/tr><tr><td class=\"has-text-align-center\" data-align=\"center\">30.08.2021<\/td><td class=\"has-text-align-center\" data-align=\"center\">6.30<\/td><td>od uczestnik\u00f3w pogrzebu<\/td><\/tr><tr><td class=\"has-text-align-center\" data-align=\"center\">01.09.2021<\/td><td class=\"has-text-align-center\" data-align=\"center\">6.30<\/td><td>od uczestnik\u00f3w pogrzebu<\/td><\/tr><tr><td class=\"has-text-align-center\" data-align=\"center\">20.09.2021<\/td><td class=\"has-text-align-center\" data-align=\"center\">6.30<\/td><td>od Micha\u0142a BAJERA z \u017con\u0105<\/td><\/tr><tr><td class=\"has-text-align-center\" data-align=\"center\">18.09.2021<\/td><td class=\"has-text-align-center\" data-align=\"center\">6.30<\/td><td>od synowej Magdaleny<\/td><\/tr><tr><td class=\"has-text-align-center\" data-align=\"center\">14.09.2021<\/td><td class=\"has-text-align-center\" data-align=\"center\">6.30<\/td><td>od przyjaci\u00f3\u0142 syna W\u0142odzimierza<\/td><\/tr><tr><td class=\"has-text-align-center\" data-align=\"center\"><strong>poza parafi\u0105<\/strong><\/td><td class=\"has-text-align-center\" data-align=\"center\"><strong>&nbsp;Ks. Kapelan Andrzej<\/strong><\/td><td>od Lucyny z rodzin\u0105<\/td><\/tr><tr><td class=\"has-text-align-center\" data-align=\"center\"><strong>poza parafi\u0105<\/strong><\/td><td class=\"has-text-align-center\" data-align=\"center\"><strong>&nbsp;Ks. Kapelan Andrzej<\/strong><\/td><td>od kole\u017canek i koleg\u00f3w GEODET\u00d3W<\/td><\/tr><tr><td class=\"has-text-align-center\" data-align=\"center\"><strong>poza parafi\u0105<\/strong><\/td><td class=\"has-text-align-center\" data-align=\"center\"><strong>&nbsp;Ks. Kapelan Andrzej<\/strong><\/td><td>z intencji rodze\u0144stwa Lucyny<\/td><\/tr><tr><td class=\"has-text-align-center\" data-align=\"center\"><strong>poza parafi\u0105<\/strong><\/td><td class=\"has-text-align-center\" data-align=\"center\">&nbsp;<strong>Ks. Kapelan Andrzej<\/strong><\/td><td>od wnuka Paw\u0142a z rodzin\u0105<\/td><\/tr><tr><td class=\"has-text-align-center\" data-align=\"center\"><strong>poza parafi\u0105<\/strong><\/td><td class=\"has-text-align-center\" data-align=\"center\">&nbsp;<strong>Ks. Kapelan Andrzej<\/strong><\/td><td>od wnuczki Oli z rodzin\u0105<\/td><\/tr><tr><td class=\"has-text-align-center\" data-align=\"center\"><strong>poza parafi\u0105<\/strong><\/td><td class=\"has-text-align-center\" data-align=\"center\">&nbsp;<strong>Ks. Kapelan Andrzej<\/strong><\/td><td>od s\u0105siad\u00f3w z bloku nr 1 &#8211; ul. Kopernika<\/td><\/tr><tr><td class=\"has-text-align-center\" data-align=\"center\"><strong>poza parafi\u0105<\/strong><\/td><td class=\"has-text-align-center\" data-align=\"center\">&nbsp;<strong>Ks. Kapelan Andrzej<\/strong><\/td><td>od Magdaleny i Tomasza POLAK\u00d3W<\/td><\/tr><tr><td class=\"has-text-align-center\" data-align=\"center\"><strong>poza parafi\u0105<\/strong><\/td><td class=\"has-text-align-center\" data-align=\"center\">&nbsp;<strong>Ks. Kapelan Andrzej<\/strong><\/td><td>od pracownik\u00f3w firmy MTP S.A. z W\u0119gierskiej G\u00f3rki<\/td><\/tr><tr><td class=\"has-text-align-center\" data-align=\"center\"><strong>poza parafi\u0105<\/strong><\/td><td class=\"has-text-align-center\" data-align=\"center\">&nbsp;<strong>Ks. Andrzej (Rzesz\u00f3w)<\/strong><\/td><td>od uczestnik\u00f3w pogrzebu<\/td><\/tr><tr><td class=\"has-text-align-center\" data-align=\"center\"><strong>poza parafi\u0105<\/strong><\/td><td class=\"has-text-align-center\" data-align=\"center\">&nbsp;<strong>Ks. Andrzej (Rzesz\u00f3w)<\/strong><\/td><td>od uczestnik\u00f3w pogrzebu<\/td><\/tr><\/tbody><\/table><\/figure>\n\n\n\n<p><\/p>\n","protected":false},"excerpt":{"rendered":"<p>data godz. ofiarodawcy \/ intencja 28.09.2020 6.30 w 7 dzie\u0144 po \u015bmierci &#8211; od rodziny 21.10.2020 18.00 w 30 dzie\u0144 po \u015bmierci &#8211; od rodziny 27.08.2021 6.30 od m\u0119\u017ca 03.09.2021 6.30 od syn\u00f3w 07.09.2021 18.00 od Lucyny z rodzin\u0105 12.09.2021 6.30 od kole\u017canek i koleg\u00f3w GEODET\u00d3W 21.09.2021 18.00 od Genowefy MROZEK 30.08.2021 6.30 od uczestnik\u00f3w&#8230;<\/p>\n","protected":false},"author":1,"featured_media":188,"comment_status":"closed","ping_status":"","sticky":false,"template":"","format":"standard","meta":{"footnotes":""},"categories":[6],"tags":[],"class_list":["post-289","post","type-post","status-publish","format-standard","has-post-thumbnail","hentry","category-intencje_pogrzebowe"],"_links":{"self":[{"href":"https:\/\/bobolagorlice.pl\/index.php\/wp-json\/wp\/v2\/posts\/289","targetHints":{"allow":["GET"]}}],"collection":[{"href":"https:\/\/bobolagorlice.pl\/index.php\/wp-json\/wp\/v2\/posts"}],"about":[{"href":"https:\/\/bobolagorlice.pl\/index.php\/wp-json\/wp\/v2\/types\/post"}],"author":[{"embeddable":true,"href":"https:\/\/bobolagorlice.pl\/index.php\/wp-json\/wp\/v2\/users\/1"}],"replies":[{"embeddable":true,"href":"https:\/\/bobolagorlice.pl\/index.php\/wp-json\/wp\/v2\/comments?post=289"}],"version-history":[{"count":6,"href":"https:\/\/bobolagorlice.pl\/index.php\/wp-json\/wp\/v2\/posts\/289\/revisions"}],"predecessor-version":[{"id":1397,"href":"https:\/\/bobolagorlice.pl\/index.php\/wp-json\/wp\/v2\/posts\/289\/revisions\/1397"}],"wp:featuredmedia":[{"embeddable":true,"href":"https:\/\/bobolagorlice.pl\/index.php\/wp-json\/wp\/v2\/media\/188"}],"wp:attachment":[{"href":"https:\/\/bobolagorlice.pl\/index.php\/wp-json\/wp\/v2\/media?parent=289"}],"wp:term":[{"taxonomy":"category","embeddable":true,"href":"https:\/\/bobolagorlice.pl\/index.php\/wp-json\/wp\/v2\/categories?post=289"},{"taxonomy":"post_tag","embeddable":true,"href":"https:\/\/bobolagorlice.pl\/index.php\/wp-json\/wp\/v2\/tags?post=289"}],"curies":[{"name":"wp","href":"https:\/\/api.w.org\/{rel}","templated":true}]}}