{"id":293,"date":"2021-02-09T23:11:47","date_gmt":"2021-02-09T22:11:47","guid":{"rendered":"https:\/\/bobolagorlice.pl\/?p=293"},"modified":"2021-08-27T10:51:28","modified_gmt":"2021-08-27T08:51:28","slug":"ryszard-halerz","status":"publish","type":"post","link":"https:\/\/bobolagorlice.pl\/index.php\/2021\/02\/09\/ryszard-halerz\/","title":{"rendered":"\u2020RYSZARD HALERZ"},"content":{"rendered":"\n<figure class=\"wp-block-table\"><table><tbody><tr><td><strong><em>data<\/em><\/strong><\/td><td class=\"has-text-align-center\" data-align=\"center\"><strong><em>godz.<\/em><\/strong><\/td><td><strong><em>ofiarodawcy \/ intencja<\/em><\/strong><\/td><\/tr><tr><td>19.09.2020<\/td><td class=\"has-text-align-center\" data-align=\"center\">6.30<\/td><td>w <strong>7 dzie\u0144<\/strong> po smierci<\/td><\/tr><tr><td>12.10.2020<\/td><td class=\"has-text-align-center\" data-align=\"center\">6.30<\/td><td>w <strong>30 dzie\u0144<\/strong> po \u015bmierci<\/td><\/tr><tr><td>24.08.2021<\/td><td class=\"has-text-align-center\" data-align=\"center\">6.30<\/td><td>od uczestnik\u00f3w pogrzebu<\/td><\/tr><tr><td>26.08.2021<\/td><td class=\"has-text-align-center\" data-align=\"center\">6.30<\/td><td>od kole\u017canek i koleg\u00f3w \u017cony z Banku PEKAO SA<\/td><\/tr><tr><td>28.08.2021<\/td><td class=\"has-text-align-center\" data-align=\"center\">6.30<\/td><td>od uczestnik\u00f3w pogrzebu<\/td><\/tr><tr><td>27.08.2021<\/td><td class=\"has-text-align-center\" data-align=\"center\">19.00<\/td><td>od \u017cony<\/td><\/tr><tr><td>08.09.2021<\/td><td class=\"has-text-align-center\" data-align=\"center\">18.00<\/td><td>od c\u00f3rki Ma\u0142gorzaty z m\u0119\u017cem<\/td><\/tr><tr><td>31.08.2021<\/td><td class=\"has-text-align-center\" data-align=\"center\">6.30<\/td><td>od syna Jacka z \u017con\u0105<\/td><\/tr><tr><td>01.09.2021<\/td><td class=\"has-text-align-center\" data-align=\"center\">18.00<\/td><td>od syna Marcina<\/td><\/tr><tr><td>03.09.2021<\/td><td class=\"has-text-align-center\" data-align=\"center\">16.00<\/td><td>od wnuczki Asi z rodzin\u0105<\/td><\/tr><tr><td>04.09.2021<\/td><td class=\"has-text-align-center\" data-align=\"center\">6.30<\/td><td>od wnuczki Dagmary z rodzin\u0105<\/td><\/tr><tr><td>05.09.2021<\/td><td class=\"has-text-align-center\" data-align=\"center\">6.30<\/td><td>z intencji wnuka Daniela i Jolanty<\/td><\/tr><tr><td><strong>poza parafi\u0105<\/strong><\/td><td class=\"has-text-align-center\" data-align=\"center\"><strong>&nbsp;Ks. Andrzej (Rzesz\u00f3w)<\/strong><\/td><td>z intencji pracownik\u00f3w Sp\u00f3\u0142dzielni Mieszkaniowej \u201e<em>MA\u0141OPOLSKA<\/em>\u201d w Gorlicach<\/td><\/tr><tr><td><strong>poza parafi\u0105<\/strong><\/td><td class=\"has-text-align-center\" data-align=\"center\"><strong>Ks. Kapelan Andrzej&nbsp;<\/strong><\/td><td>od swatowej z rodzin\u0105 z Biesnej<\/td><\/tr><tr><td><strong>poza parafi\u0105<\/strong><\/td><td class=\"has-text-align-center\" data-align=\"center\"><strong>&nbsp;Ks. Kapelan Andrzej&nbsp;<\/strong><\/td><td>od rodziny SZYDK\u00d3W<\/td><\/tr><tr><td><strong>poza parafi\u0105<\/strong><\/td><td class=\"has-text-align-center\" data-align=\"center\">&nbsp;<strong>Ks. Kapelan Andrzej&nbsp;<\/strong><\/td><td>z intencji Ma\u0142gorzaty i Marty KU\u0179BIA\u0141 z Bobowej<\/td><\/tr><tr><td><strong>poza parafi\u0105<\/strong><\/td><td class=\"has-text-align-center\" data-align=\"center\">&nbsp;<strong>Ks. Kapelan Andrzej&nbsp;<\/strong><\/td><td>z intencji Ma\u0142gorzaty i Marty KU\u0179BIA\u0141 z Bobowej<\/td><\/tr><tr><td><strong>poza parafi\u0105<\/strong><\/td><td class=\"has-text-align-center\" data-align=\"center\">&nbsp;<strong>Ks. Kapelan Andrzej&nbsp;<\/strong><\/td><td>z intencji Bo\u017ceny SAMBORSKIEJ z rodzina z Frankfurtu<\/td><\/tr><tr><td><strong>poza parafi\u0105<\/strong><\/td><td class=\"has-text-align-center\" data-align=\"center\">&nbsp;<strong>Ks. Kapelan Andrzej&nbsp;<\/strong><\/td><td>od szwagierki Zuzanny PRZYBY\u0141OWICZ<\/td><\/tr><tr><td><strong>poza parafi\u0105<\/strong><\/td><td class=\"has-text-align-center\" data-align=\"center\">&nbsp;<strong>Ks. Kapelan Andrzej&nbsp;<\/strong><\/td><td>od rodziny BODZIOCH\u00d3W<\/td><\/tr><tr><td><strong>poza parafi\u0105<\/strong><\/td><td class=\"has-text-align-center\" data-align=\"center\">&nbsp;<strong>Ks. Kapelan Andrzej&nbsp;<\/strong><\/td><td>od szwagierki Lucyny PRZYBY\u0141OWICZ<\/td><\/tr><tr><td><strong>poza parafi\u0105<\/strong><\/td><td class=\"has-text-align-center\" data-align=\"center\">&nbsp;<strong>Ks. Kapelan Andrzej&nbsp;<\/strong><\/td><td>od rodziny TERESZKIEWICZ i MAJEWICZ<\/td><\/tr><tr><td><strong>poza parafi\u0105<\/strong><\/td><td class=\"has-text-align-center\" data-align=\"center\">&nbsp;<strong>Ks. Kapelan Andrzej&nbsp;<\/strong><\/td><td>od rodziny PRZYBYLOWICZ i MAZUREK<\/td><\/tr><tr><td><strong>poza parafi\u0105<\/strong><\/td><td class=\"has-text-align-center\" data-align=\"center\">&nbsp;<strong>Ks. Kapelan Andrzej&nbsp;<\/strong><\/td><td>od przyjaci\u00f3\u0142 c\u00f3rki Ma\u0142gorzaty: Jolanty i Tadeusza CYRKOWICZ\u00d3W<\/td><\/tr><tr><td><strong>poza parafi\u0105<\/strong><\/td><td class=\"has-text-align-center\" data-align=\"center\">&nbsp;<strong>&nbsp;Ks. Andrzej (Rzesz\u00f3w)<\/strong><\/td><td>od uczestnik\u00f3w pogrzebu<\/td><\/tr><\/tbody><\/table><\/figure>\n","protected":false},"excerpt":{"rendered":"<p>data godz. ofiarodawcy \/ intencja 19.09.2020 6.30 w 7 dzie\u0144 po smierci 12.10.2020 6.30 w 30 dzie\u0144 po \u015bmierci 24.08.2021 6.30 od uczestnik\u00f3w pogrzebu 26.08.2021 6.30 od kole\u017canek i koleg\u00f3w \u017cony z Banku PEKAO SA 28.08.2021 6.30 od uczestnik\u00f3w pogrzebu 27.08.2021 19.00 od \u017cony 08.09.2021 18.00 od c\u00f3rki Ma\u0142gorzaty z m\u0119\u017cem 31.08.2021 6.30 od syna&#8230;<\/p>\n","protected":false},"author":1,"featured_media":188,"comment_status":"closed","ping_status":"","sticky":false,"template":"","format":"standard","meta":{"footnotes":""},"categories":[6],"tags":[],"class_list":["post-293","post","type-post","status-publish","format-standard","has-post-thumbnail","hentry","category-intencje_pogrzebowe"],"_links":{"self":[{"href":"https:\/\/bobolagorlice.pl\/index.php\/wp-json\/wp\/v2\/posts\/293","targetHints":{"allow":["GET"]}}],"collection":[{"href":"https:\/\/bobolagorlice.pl\/index.php\/wp-json\/wp\/v2\/posts"}],"about":[{"href":"https:\/\/bobolagorlice.pl\/index.php\/wp-json\/wp\/v2\/types\/post"}],"author":[{"embeddable":true,"href":"https:\/\/bobolagorlice.pl\/index.php\/wp-json\/wp\/v2\/users\/1"}],"replies":[{"embeddable":true,"href":"https:\/\/bobolagorlice.pl\/index.php\/wp-json\/wp\/v2\/comments?post=293"}],"version-history":[{"count":4,"href":"https:\/\/bobolagorlice.pl\/index.php\/wp-json\/wp\/v2\/posts\/293\/revisions"}],"predecessor-version":[{"id":1334,"href":"https:\/\/bobolagorlice.pl\/index.php\/wp-json\/wp\/v2\/posts\/293\/revisions\/1334"}],"wp:featuredmedia":[{"embeddable":true,"href":"https:\/\/bobolagorlice.pl\/index.php\/wp-json\/wp\/v2\/media\/188"}],"wp:attachment":[{"href":"https:\/\/bobolagorlice.pl\/index.php\/wp-json\/wp\/v2\/media?parent=293"}],"wp:term":[{"taxonomy":"category","embeddable":true,"href":"https:\/\/bobolagorlice.pl\/index.php\/wp-json\/wp\/v2\/categories?post=293"},{"taxonomy":"post_tag","embeddable":true,"href":"https:\/\/bobolagorlice.pl\/index.php\/wp-json\/wp\/v2\/tags?post=293"}],"curies":[{"name":"wp","href":"https:\/\/api.w.org\/{rel}","templated":true}]}}