{"id":299,"date":"2021-02-09T23:14:26","date_gmt":"2021-02-09T22:14:26","guid":{"rendered":"https:\/\/bobolagorlice.pl\/?p=299"},"modified":"2021-07-15T13:56:02","modified_gmt":"2021-07-15T11:56:02","slug":"jan-jawor","status":"publish","type":"post","link":"https:\/\/bobolagorlice.pl\/index.php\/2021\/02\/09\/jan-jawor\/","title":{"rendered":"\u2020JAN JAWOR"},"content":{"rendered":"\n<p><strong><em>Pogrzeb: 17.08.2020<\/em><\/strong><\/p>\n\n\n\n<figure class=\"wp-block-table\"><table><tbody><tr><td><strong><em>data<\/em><\/strong><\/td><td><strong><em>godz.<\/em><\/strong><\/td><td><strong><em>ofiarodawcy \/ intencja<\/em><\/strong><\/td><\/tr><tr><td>20.08.2020<\/td><td><strong>19.00<\/strong><\/td><td>w <strong>7 dzie\u0144<\/strong> po \u015bmierci [<strong>od \u017cony<\/strong>]<\/td><\/tr><tr><td>12.09.2020<\/td><td><strong>18.00<\/strong><\/td><td>w <strong>30 dzie\u0144<\/strong> po \u015bmierci [<strong>od dzieci z rodzinami<\/strong>]<\/td><\/tr><tr><td>05.07.2021<\/td><td><strong>6.30<\/strong><\/td><td>z intencji NSZZ \u201eSolidarno\u015b\u0107\u201d <\/td><\/tr><tr><td>19.07.2021<\/td><td><strong>6.30<\/strong><\/td><td>od koleg\u00f3w i kole\u017canek&nbsp; z pracy syna Cezarego<\/td><\/tr><tr><td>20.07.2021<\/td><td><strong>6.30<\/strong><\/td><td>od s\u0105siad\u00f3w z bloku &#8211; ul. Kopernika nr 7. <\/td><\/tr><tr><td>22.07.2021<\/td><td><strong>6.30<\/strong><\/td><td>od s\u0105siad\u00f3w z bloku &#8211; ul. Kopernika nr 7. <\/td><\/tr><tr><td>23.07.2021<\/td><td><strong>6.30<\/strong><\/td><td>od chrze\u015bnicy Agnieszki z rodzin\u0105 <\/td><\/tr><tr><td>27.07.2021<\/td><td><strong>6.30<\/strong><\/td><td>od uczestnik\u00f3w pogrzebu <\/td><\/tr><tr><td>28.07.2021<\/td><td><strong>6.30<\/strong><\/td><td>od uczestnik\u00f3w pogrzebu <\/td><\/tr><tr><td>29.07.2021<\/td><td><strong>6.30<\/strong><\/td><td>od uczestnik\u00f3w pogrzebu <\/td><\/tr><tr><td>30.07.2021<\/td><td><strong>6.30<\/strong><\/td><td>z intencji s\u0105siad\u00f3w syna i synowej z ul. Tuwima 8.<\/td><\/tr><tr><td>31.07.2021<\/td><td><strong>6.30<\/strong><\/td><td>od Marii CIE\u015aLA<\/td><\/tr><tr><td><strong>poza parafi\u0105<\/strong><\/td><td>\u00a0<strong>ks. Andrzej (Rzesz\u00f3w)<\/strong><\/td><td>od s\u0105siad\u00f3w z bloku &#8211; ul. Kopernika nr 7.<\/td><\/tr><tr><td><strong>poza parafi\u0105<\/strong><\/td><td>\u00a0<strong>ks. Kapelan Andrzej<\/strong><\/td><td>od Bogus\u0142awy i Kazimierza DUDA<\/td><\/tr><tr><td><strong>poza parafi\u0105<\/strong><\/td><td>\u00a0<strong>ks. Kapelan Andrzej<\/strong><\/td><td>od Towarzystwa przyjaci\u00f3\u0142 Biecza i ziemi bieckiej<\/td><\/tr><tr><td><strong>poza parafi\u0105<\/strong><\/td><td><strong>\u00a0ks. Kapelan Andrzej<\/strong><\/td><td>od rodziny DRABCZYK\u00d3W<\/td><\/tr><tr><td><strong>poza parafi\u0105<\/strong><\/td><td>\u00a0<strong>ks. Kapelan Andrzej<\/strong><\/td><td>od szwagra Adama z rodzin\u0105<\/td><\/tr><tr><td><strong>poza parafi\u0105<\/strong><\/td><td>\u00a0<strong>ks. Kapelan Andrzej<\/strong><\/td><td>od rodziny PYTL\u00d3W z Wysowej Zdroju<\/td><\/tr><tr><td><strong>poza parafi\u0105<\/strong><\/td><td>\u00a0<strong>ks. Kapelan Andrzej<\/strong><\/td><td>od rodziny SZPYRK\u00d3W<\/td><\/tr><tr><td><strong>poza parafi\u0105<\/strong><\/td><td>\u00a0<strong>ks. Kapelan Andrzej<\/strong><\/td><td>od chrzestnej Barbary<\/td><\/tr><tr><td><strong>poza parafi\u0105<\/strong><\/td><td>\u00a0<strong>ks. Kapelan Andrzej<\/strong><\/td><td>od wsp\u00f3\u0142pracownik\u00f3w syna Wojciecha ze Sp\u00f3\u0142dzielni Mieszkaniowej&nbsp; \u201eMa\u0142opolska\u201d<\/td><\/tr><tr><td><strong>poza parafi\u0105<\/strong><\/td><td>\u00a0<strong>ks. Kapelan Andrzej<\/strong><\/td><td>z intencji rodziny GERHARDT<\/td><\/tr><tr><td><strong>poza parafi\u0105<\/strong><\/td><td>\u00a0<strong>ks. Andrzej (Rzesz\u00f3w)<\/strong><\/td><td>od Mieczys\u0142awa \u015aLUSARZ<\/td><\/tr><tr><td><strong>poza parafi\u0105<\/strong><\/td><td>\u00a0<strong>ks. Andrzej (Rzesz\u00f3w)<\/strong><\/td><td>od Szymona \u015aLUSARZ z rodzin\u0105<\/td><\/tr><tr><td><strong>poza parafi\u0105<\/strong><\/td><td>\u00a0<strong>ks. Andrzej (Rzesz\u00f3w)<\/strong><\/td><td>od Jolanty KOWALCZEWSKIEJ<\/td><\/tr><tr><td><strong>poza parafi\u0105<\/strong><\/td><td>\u00a0<strong>ks. Andrzej (Rzesz\u00f3w)<\/strong><\/td><td>od Macieja KOWALCZEWSKIEGO z rodzin\u0105<\/td><\/tr><tr><td><strong>poza parafi\u0105<\/strong><\/td><td>\u00a0<strong>ks. Andrzej (Rzesz\u00f3w)<\/strong><\/td><td>od Krystyny SKOWRONEK<\/td><\/tr><tr><td><strong>poza parafi\u0105<\/strong><\/td><td><strong>\u00a0ks. Andrzej (Rzesz\u00f3w)<\/strong><\/td><td>z intencji s\u0105siad\u00f3w syna i synowej z ul. Tuwima 8.<\/td><\/tr><tr><td><strong>poza parafi\u0105<\/strong><\/td><td>\u00a0<strong>ks. Andrzej (Rzesz\u00f3w)<\/strong><\/td><td>z intencji s\u0105siad\u00f3w syna i synowej z ul. Tuwima 8.<\/td><\/tr><tr><td><strong>poza parafi\u0105<\/strong><\/td><td>\u00a0<strong>ks. Andrzej (Rzesz\u00f3w)<\/strong><\/td><td>od uczestnik\u00f3w pogrzebu <\/td><\/tr><tr><td><strong>poza parafi\u0105<\/strong><\/td><td>\u00a0<strong>ks. Andrzej (Rzesz\u00f3w)<\/strong><\/td><td>od uczestnik\u00f3w pogrzebu <\/td><\/tr><tr><td><strong>poza parafi\u0105<\/strong><\/td><td>\u00a0<strong>ks. Andrzej (Rzesz\u00f3w)<\/strong><\/td><td>od uczestnik\u00f3w pogrzebu <\/td><\/tr><\/tbody><\/table><\/figure>\n","protected":false},"excerpt":{"rendered":"<p>Pogrzeb: 17.08.2020 data godz. ofiarodawcy \/ intencja 20.08.2020 19.00 w 7 dzie\u0144 po \u015bmierci [od \u017cony] 12.09.2020 18.00 w 30 dzie\u0144 po \u015bmierci [od dzieci z rodzinami] 05.07.2021 6.30 z intencji NSZZ \u201eSolidarno\u015b\u0107\u201d 19.07.2021 6.30 od koleg\u00f3w i kole\u017canek&nbsp; z pracy syna Cezarego 20.07.2021 6.30 od s\u0105siad\u00f3w z bloku &#8211; ul. Kopernika nr 7. 22.07.2021&#8230;<\/p>\n","protected":false},"author":1,"featured_media":188,"comment_status":"closed","ping_status":"","sticky":false,"template":"","format":"standard","meta":{"footnotes":""},"categories":[6],"tags":[],"class_list":["post-299","post","type-post","status-publish","format-standard","has-post-thumbnail","hentry","category-intencje_pogrzebowe"],"_links":{"self":[{"href":"https:\/\/bobolagorlice.pl\/index.php\/wp-json\/wp\/v2\/posts\/299","targetHints":{"allow":["GET"]}}],"collection":[{"href":"https:\/\/bobolagorlice.pl\/index.php\/wp-json\/wp\/v2\/posts"}],"about":[{"href":"https:\/\/bobolagorlice.pl\/index.php\/wp-json\/wp\/v2\/types\/post"}],"author":[{"embeddable":true,"href":"https:\/\/bobolagorlice.pl\/index.php\/wp-json\/wp\/v2\/users\/1"}],"replies":[{"embeddable":true,"href":"https:\/\/bobolagorlice.pl\/index.php\/wp-json\/wp\/v2\/comments?post=299"}],"version-history":[{"count":3,"href":"https:\/\/bobolagorlice.pl\/index.php\/wp-json\/wp\/v2\/posts\/299\/revisions"}],"predecessor-version":[{"id":1218,"href":"https:\/\/bobolagorlice.pl\/index.php\/wp-json\/wp\/v2\/posts\/299\/revisions\/1218"}],"wp:featuredmedia":[{"embeddable":true,"href":"https:\/\/bobolagorlice.pl\/index.php\/wp-json\/wp\/v2\/media\/188"}],"wp:attachment":[{"href":"https:\/\/bobolagorlice.pl\/index.php\/wp-json\/wp\/v2\/media?parent=299"}],"wp:term":[{"taxonomy":"category","embeddable":true,"href":"https:\/\/bobolagorlice.pl\/index.php\/wp-json\/wp\/v2\/categories?post=299"},{"taxonomy":"post_tag","embeddable":true,"href":"https:\/\/bobolagorlice.pl\/index.php\/wp-json\/wp\/v2\/tags?post=299"}],"curies":[{"name":"wp","href":"https:\/\/api.w.org\/{rel}","templated":true}]}}