{"id":3013,"date":"2022-12-27T22:07:41","date_gmt":"2022-12-27T21:07:41","guid":{"rendered":"https:\/\/bobolagorlice.pl\/?p=3013"},"modified":"2024-09-30T15:27:47","modified_gmt":"2024-09-30T13:27:47","slug":"janusz-tomaszewski","status":"publish","type":"post","link":"https:\/\/bobolagorlice.pl\/index.php\/2022\/12\/27\/janusz-tomaszewski\/","title":{"rendered":"\u2020Janusz TOMASZEWSKI"},"content":{"rendered":"\n<p><strong>2022\/55<\/strong>; pogrzeb: 27.12.2022<\/p>\n\n\n\n<figure class=\"wp-block-table\"><table><tbody><tr><td class=\"has-text-align-center\" data-align=\"center\"><strong><em>data<\/em><\/strong><\/td><td class=\"has-text-align-center\" data-align=\"center\"><strong><em>godz.<\/em><\/strong><\/td><td><strong><em>ofiarodawcy\/intencja<\/em><\/strong><\/td><\/tr><tr><td class=\"has-text-align-center\" data-align=\"center\"><strong>31.12.2022<\/strong><\/td><td class=\"has-text-align-center\" data-align=\"center\"><strong>16.00<\/strong><\/td><td>w <strong>7 dzie\u0144<\/strong> po \u015bmierci&nbsp;&nbsp;<\/td><\/tr><tr><td class=\"has-text-align-center\" data-align=\"center\"><strong>22.01.2023<\/strong><\/td><td class=\"has-text-align-center\" data-align=\"center\"><strong>19.00<\/strong><\/td><td>w <strong>30 dzie\u0144<\/strong> po \u015bmierci&nbsp;&nbsp;<\/td><\/tr><tr><td class=\"has-text-align-center\" data-align=\"center\">30.09.2024<\/td><td class=\"has-text-align-center\" data-align=\"center\">6.30<\/td><td>od Anny HA\u0141GAS z dzie\u0107mi<\/td><\/tr><tr><td class=\"has-text-align-center\" data-align=\"center\">03.10.2024<\/td><td class=\"has-text-align-center\" data-align=\"center\">18.00<\/td><td>od s\u0105siad\u00f3w z klatki<\/td><\/tr><tr><td class=\"has-text-align-center\" data-align=\"center\">05.10.2024<\/td><td class=\"has-text-align-center\" data-align=\"center\">6.30<\/td><td>z intencji Piotra KOCURA<\/td><\/tr><tr><td class=\"has-text-align-center\" data-align=\"center\">09.10.2024<\/td><td class=\"has-text-align-center\" data-align=\"center\">6.30<\/td><td>z intencji Marka PYZNARA<\/td><\/tr><tr><td class=\"has-text-align-center\" data-align=\"center\">10.10.2024<\/td><td class=\"has-text-align-center\" data-align=\"center\">6.30<\/td><td>od pracownik\u00f3w Urz\u0119du Gminy S\u0119kowa<\/td><\/tr><tr><td class=\"has-text-align-center\" data-align=\"center\">11.10.2024<\/td><td class=\"has-text-align-center\" data-align=\"center\">6.30<\/td><td>od Zenona JANUSZ<\/td><\/tr><tr><td class=\"has-text-align-center\" data-align=\"center\">14.10.2024<\/td><td class=\"has-text-align-center\" data-align=\"center\">6.30<\/td><td>od rodziny BOJDO<\/td><\/tr><tr><td class=\"has-text-align-center\" data-align=\"center\">15.10.2024<\/td><td class=\"has-text-align-center\" data-align=\"center\">6.30<\/td><td>od koleg\u00f3w z grupy mostowej \u201eGODROM-u\u201d<\/td><\/tr><tr><td class=\"has-text-align-center\" data-align=\"center\"><strong>poza<\/strong> <strong>parafi\u0105<\/strong><\/td><td class=\"has-text-align-center\" data-align=\"center\"><strong>&nbsp;<\/strong><\/td><td>od Barbary i Marcina KOPROWSKICH<\/td><\/tr><tr><td class=\"has-text-align-center\" data-align=\"center\"><strong>poza<\/strong> <strong>parafi\u0105<\/strong><\/td><td class=\"has-text-align-center\" data-align=\"center\"><strong>&nbsp;<\/strong><\/td><td>od wsp\u00f3\u0142pracownik\u00f3w syna Jacka<\/td><\/tr><tr><td class=\"has-text-align-center\" data-align=\"center\"><strong>poza<\/strong> <strong>parafi\u0105<\/strong><\/td><td class=\"has-text-align-center\" data-align=\"center\"><strong>&nbsp;<\/strong><\/td><td>od rodziny PATYK\u00d3W<\/td><\/tr><tr><td class=\"has-text-align-center\" data-align=\"center\"><strong>poza<\/strong> <strong>parafi\u0105<\/strong><\/td><td class=\"has-text-align-center\" data-align=\"center\"><strong>&nbsp;<\/strong><\/td><td>z intencji koleg\u00f3w i kole\u017canek z P.D.M. \u201eGODROM\u201d<\/td><\/tr><tr><td class=\"has-text-align-center\" data-align=\"center\"><strong>poza<\/strong> <strong>parafi\u0105<\/strong><\/td><td class=\"has-text-align-center\" data-align=\"center\"><strong>&nbsp;<\/strong><\/td><td>od uczestnik\u00f3w pogrzebu<\/td><\/tr><tr><td class=\"has-text-align-center\" data-align=\"center\"><strong>poza<\/strong> <strong>parafi\u0105<\/strong><\/td><td class=\"has-text-align-center\" data-align=\"center\"><strong>&nbsp;<\/strong><\/td><td>od uczestnik\u00f3w pogrzebu<\/td><\/tr><tr><td class=\"has-text-align-center\" data-align=\"center\"><strong>poza<\/strong> <strong>parafi\u0105<\/strong><\/td><td class=\"has-text-align-center\" data-align=\"center\"><strong>&nbsp;<\/strong><\/td><td>od uczestnik\u00f3w pogrzebu<\/td><\/tr><tr><td class=\"has-text-align-center\" data-align=\"center\"><strong>poza<\/strong> <strong>parafi\u0105<\/strong><\/td><td class=\"has-text-align-center\" data-align=\"center\"><strong>&nbsp;<\/strong><\/td><td>od uczestnik\u00f3w pogrzebu<\/td><\/tr><tr><td class=\"has-text-align-center\" data-align=\"center\"><strong>poza<\/strong> <strong>parafi\u0105<\/strong><\/td><td class=\"has-text-align-center\" data-align=\"center\"><strong>&nbsp;<\/strong><\/td><td>od uczestnik\u00f3w pogrzebu<\/td><\/tr><tr><td class=\"has-text-align-center\" data-align=\"center\"><strong>poza<\/strong> <strong>parafi\u0105<\/strong><\/td><td class=\"has-text-align-center\" data-align=\"center\"><strong>&nbsp;<\/strong><\/td><td>od uczestnik\u00f3w pogrzebu<\/td><\/tr><tr><td class=\"has-text-align-center\" data-align=\"center\"><strong>poza<\/strong> <strong>parafi\u0105<\/strong><\/td><td class=\"has-text-align-center\" data-align=\"center\"><strong>&nbsp;<\/strong><\/td><td>od uczestnik\u00f3w pogrzebu<\/td><\/tr><tr><td class=\"has-text-align-center\" data-align=\"center\"><strong>poza<\/strong> <strong>parafi\u0105<\/strong><\/td><td class=\"has-text-align-center\" data-align=\"center\"><strong>&nbsp;<\/strong><\/td><td>od uczestnik\u00f3w pogrzebu<\/td><\/tr><tr><td class=\"has-text-align-center\" data-align=\"center\"><strong>poza<\/strong> <strong>parafi\u0105<\/strong><\/td><td class=\"has-text-align-center\" data-align=\"center\"><strong>&nbsp;<\/strong><\/td><td>od uczestnik\u00f3w pogrzebu<\/td><\/tr><\/tbody><\/table><\/figure>\n","protected":false},"excerpt":{"rendered":"<p>2022\/55; pogrzeb: 27.12.2022 data godz. ofiarodawcy\/intencja 31.12.2022 16.00 w 7 dzie\u0144 po \u015bmierci&nbsp;&nbsp; 22.01.2023 19.00 w 30 dzie\u0144 po \u015bmierci&nbsp;&nbsp; 30.09.2024 6.30 od Anny HA\u0141GAS z dzie\u0107mi 03.10.2024 18.00 od s\u0105siad\u00f3w z klatki 05.10.2024 6.30 z intencji Piotra KOCURA 09.10.2024 6.30 z intencji Marka PYZNARA 10.10.2024 6.30 od pracownik\u00f3w Urz\u0119du Gminy S\u0119kowa 11.10.2024 6.30 od&#8230;<\/p>\n","protected":false},"author":3,"featured_media":188,"comment_status":"closed","ping_status":"closed","sticky":false,"template":"","format":"standard","meta":{"footnotes":""},"categories":[6],"tags":[],"class_list":["post-3013","post","type-post","status-publish","format-standard","has-post-thumbnail","hentry","category-intencje_pogrzebowe"],"_links":{"self":[{"href":"https:\/\/bobolagorlice.pl\/index.php\/wp-json\/wp\/v2\/posts\/3013","targetHints":{"allow":["GET"]}}],"collection":[{"href":"https:\/\/bobolagorlice.pl\/index.php\/wp-json\/wp\/v2\/posts"}],"about":[{"href":"https:\/\/bobolagorlice.pl\/index.php\/wp-json\/wp\/v2\/types\/post"}],"author":[{"embeddable":true,"href":"https:\/\/bobolagorlice.pl\/index.php\/wp-json\/wp\/v2\/users\/3"}],"replies":[{"embeddable":true,"href":"https:\/\/bobolagorlice.pl\/index.php\/wp-json\/wp\/v2\/comments?post=3013"}],"version-history":[{"count":5,"href":"https:\/\/bobolagorlice.pl\/index.php\/wp-json\/wp\/v2\/posts\/3013\/revisions"}],"predecessor-version":[{"id":5159,"href":"https:\/\/bobolagorlice.pl\/index.php\/wp-json\/wp\/v2\/posts\/3013\/revisions\/5159"}],"wp:featuredmedia":[{"embeddable":true,"href":"https:\/\/bobolagorlice.pl\/index.php\/wp-json\/wp\/v2\/media\/188"}],"wp:attachment":[{"href":"https:\/\/bobolagorlice.pl\/index.php\/wp-json\/wp\/v2\/media?parent=3013"}],"wp:term":[{"taxonomy":"category","embeddable":true,"href":"https:\/\/bobolagorlice.pl\/index.php\/wp-json\/wp\/v2\/categories?post=3013"},{"taxonomy":"post_tag","embeddable":true,"href":"https:\/\/bobolagorlice.pl\/index.php\/wp-json\/wp\/v2\/tags?post=3013"}],"curies":[{"name":"wp","href":"https:\/\/api.w.org\/{rel}","templated":true}]}}