{"id":3035,"date":"2022-12-30T19:48:39","date_gmt":"2022-12-30T18:48:39","guid":{"rendered":"https:\/\/bobolagorlice.pl\/?p=3035"},"modified":"2022-12-30T19:49:08","modified_gmt":"2022-12-30T18:49:08","slug":"irena-bednarska","status":"publish","type":"post","link":"https:\/\/bobolagorlice.pl\/index.php\/2022\/12\/30\/irena-bednarska\/","title":{"rendered":"\u2020Irena BEDNARSKA"},"content":{"rendered":"\n<p><strong>2022\/57<\/strong>; pogrzeb: 30.12.2022<\/p>\n\n\n\n<figure class=\"wp-block-table\"><table><tbody><tr><td class=\"has-text-align-center\" data-align=\"center\"><strong><em>data<\/em><\/strong><\/td><td class=\"has-text-align-center\" data-align=\"center\"><strong><em>godz.<\/em><\/strong><\/td><td><strong><em>ofiarodawcy\/intencja<\/em><\/strong><\/td><\/tr><tr><td class=\"has-text-align-center\" data-align=\"center\"><strong>02.01.2023<\/strong><\/td><td class=\"has-text-align-center\" data-align=\"center\"><strong>6.30<\/strong><\/td><td>w <strong>7 dzie\u0144<\/strong> po \u015bmierci [<strong>od siostry Heleny MROZIK<\/strong>]<\/td><\/tr><tr><td class=\"has-text-align-center\" data-align=\"center\"><strong>25.01.2023<\/strong><\/td><td class=\"has-text-align-center\" data-align=\"center\"><strong>6.30<\/strong><\/td><td>w <strong>30 dzie\u0144<\/strong> po \u015bmierci [<strong>od s\u0105siad\u00f3w z bloku nr 7 \u2013 ul. Kopernika<\/strong>]<\/td><\/tr><tr><td class=\"has-text-align-center\" data-align=\"center\"><strong>Termin zostanie ustalony<\/strong><\/td><td class=\"has-text-align-center\" data-align=\"center\"><strong>3.<\/strong><\/td><td>od s\u0105siad\u00f3w z bloku nr 7 \u2013 ul. Kopernika<\/td><\/tr><tr><td class=\"has-text-align-center\" data-align=\"center\"><strong>Termin zostanie ustalony<\/strong><\/td><td class=\"has-text-align-center\" data-align=\"center\"><strong>4.<\/strong><\/td><td>od s\u0105siad\u00f3w z bloku nr 7 \u2013 ul. Kopernika<\/td><\/tr><tr><td class=\"has-text-align-center\" data-align=\"center\"><strong>Termin zostanie ustalony<\/strong><\/td><td class=\"has-text-align-center\" data-align=\"center\"><strong>5.<\/strong><\/td><td>od siostrzenicy Iwony GR\u0104DALSKIEJ z rodzin\u0105<\/td><\/tr><tr><td class=\"has-text-align-center\" data-align=\"center\"><strong>Termin zostanie ustalony<\/strong><\/td><td class=\"has-text-align-center\" data-align=\"center\"><strong>6.<\/strong><\/td><td>od siostrzenicy Agnieszki B\u0104CZEK z rodzin\u0105<\/td><\/tr><tr><td class=\"has-text-align-center\" data-align=\"center\"><strong>Termin zostanie ustalony<\/strong><\/td><td class=\"has-text-align-center\" data-align=\"center\"><strong>7.<\/strong><\/td><td>od siostrzenicy Jolanty MINOR z rodzin\u0105<\/td><\/tr><tr><td class=\"has-text-align-center\" data-align=\"center\"><strong>Termin zostanie ustalony<\/strong><\/td><td class=\"has-text-align-center\" data-align=\"center\"><strong>8.<\/strong><\/td><td>od Ewy LISZKA z rodzin\u0105<\/td><\/tr><tr><td class=\"has-text-align-center\" data-align=\"center\"><strong>Termin zostanie ustalony<\/strong><\/td><td class=\"has-text-align-center\" data-align=\"center\"><strong>9.<\/strong><\/td><td>od uczestnik\u00f3w pogrzebu<\/td><\/tr><\/tbody><\/table><\/figure>\n","protected":false},"excerpt":{"rendered":"<p>2022\/57; pogrzeb: 30.12.2022 data godz. ofiarodawcy\/intencja 02.01.2023 6.30 w 7 dzie\u0144 po \u015bmierci [od siostry Heleny MROZIK] 25.01.2023 6.30 w 30 dzie\u0144 po \u015bmierci [od s\u0105siad\u00f3w z bloku nr 7 \u2013 ul. Kopernika] Termin zostanie ustalony 3. od s\u0105siad\u00f3w z bloku nr 7 \u2013 ul. Kopernika Termin zostanie ustalony 4. od s\u0105siad\u00f3w z bloku nr&#8230;<\/p>\n","protected":false},"author":3,"featured_media":188,"comment_status":"closed","ping_status":"closed","sticky":false,"template":"","format":"standard","meta":{"footnotes":""},"categories":[6],"tags":[],"class_list":["post-3035","post","type-post","status-publish","format-standard","has-post-thumbnail","hentry","category-intencje_pogrzebowe"],"_links":{"self":[{"href":"https:\/\/bobolagorlice.pl\/index.php\/wp-json\/wp\/v2\/posts\/3035","targetHints":{"allow":["GET"]}}],"collection":[{"href":"https:\/\/bobolagorlice.pl\/index.php\/wp-json\/wp\/v2\/posts"}],"about":[{"href":"https:\/\/bobolagorlice.pl\/index.php\/wp-json\/wp\/v2\/types\/post"}],"author":[{"embeddable":true,"href":"https:\/\/bobolagorlice.pl\/index.php\/wp-json\/wp\/v2\/users\/3"}],"replies":[{"embeddable":true,"href":"https:\/\/bobolagorlice.pl\/index.php\/wp-json\/wp\/v2\/comments?post=3035"}],"version-history":[{"count":2,"href":"https:\/\/bobolagorlice.pl\/index.php\/wp-json\/wp\/v2\/posts\/3035\/revisions"}],"predecessor-version":[{"id":3037,"href":"https:\/\/bobolagorlice.pl\/index.php\/wp-json\/wp\/v2\/posts\/3035\/revisions\/3037"}],"wp:featuredmedia":[{"embeddable":true,"href":"https:\/\/bobolagorlice.pl\/index.php\/wp-json\/wp\/v2\/media\/188"}],"wp:attachment":[{"href":"https:\/\/bobolagorlice.pl\/index.php\/wp-json\/wp\/v2\/media?parent=3035"}],"wp:term":[{"taxonomy":"category","embeddable":true,"href":"https:\/\/bobolagorlice.pl\/index.php\/wp-json\/wp\/v2\/categories?post=3035"},{"taxonomy":"post_tag","embeddable":true,"href":"https:\/\/bobolagorlice.pl\/index.php\/wp-json\/wp\/v2\/tags?post=3035"}],"curies":[{"name":"wp","href":"https:\/\/api.w.org\/{rel}","templated":true}]}}