{"id":3110,"date":"2023-01-28T13:09:32","date_gmt":"2023-01-28T12:09:32","guid":{"rendered":"https:\/\/bobolagorlice.pl\/?p=3110"},"modified":"2024-12-04T13:14:49","modified_gmt":"2024-12-04T12:14:49","slug":"janina-janik","status":"publish","type":"post","link":"https:\/\/bobolagorlice.pl\/index.php\/2023\/01\/28\/janina-janik\/","title":{"rendered":"\u2020Janina JANIK"},"content":{"rendered":"\n<p><strong>2023\/2<\/strong>; pogrzeb: 28.01.2023<\/p>\n\n\n\n<figure class=\"wp-block-table\"><table><tbody><tr><td class=\"has-text-align-center\" data-align=\"center\"><strong><em>data<\/em><\/strong><\/td><td class=\"has-text-align-center\" data-align=\"center\"><strong><em>godz.<\/em><\/strong><\/td><td><strong><em>ofiarodawcy\/intencja<\/em><\/strong><\/td><\/tr><tr><td class=\"has-text-align-center\" data-align=\"center\"><strong>02.02.2023<\/strong><\/td><td class=\"has-text-align-center\" data-align=\"center\"><strong>18.00<\/strong><\/td><td>w <strong>7 dzie\u0144<\/strong> po \u015bmierci [<em>od cz\u0142onki\u0144 R\u00f3\u017cy Misyjnej \u015bw. Jana Paw\u0142a II<\/em>]<\/td><\/tr><tr><td class=\"has-text-align-center\" data-align=\"center\"><strong>24.02.2023<\/strong><\/td><td class=\"has-text-align-center\" data-align=\"center\"><strong>18.00<\/strong><\/td><td>w <strong>30 dzie\u0144<\/strong> po \u015bmierci [<em>od zelatorek R\u00f3\u017c Misyjnych<\/em>]<\/td><\/tr><tr><td class=\"has-text-align-center\" data-align=\"center\">29.10.2024<\/td><td class=\"has-text-align-center\" data-align=\"center\">18.00<\/td><td>od Bo\u017ceny i S\u0142awomira ZBOROWSKICH<\/td><\/tr><tr><td class=\"has-text-align-center\" data-align=\"center\">23.10.2024<\/td><td class=\"has-text-align-center\" data-align=\"center\">6.30<\/td><td>od siostry Ireny z m\u0119\u017cem<\/td><\/tr><tr><td class=\"has-text-align-center\" data-align=\"center\">24.10.2024<\/td><td class=\"has-text-align-center\" data-align=\"center\">6.30<\/td><td>od Krzysztofa i El\u017cbiety oraz Piotra KOZAK<\/td><\/tr><tr><td class=\"has-text-align-center\" data-align=\"center\">30.10.2024<\/td><td class=\"has-text-align-center\" data-align=\"center\">6.30<\/td><td>od rodziny SIKOR\u00d3W i S\u0141OWIK\u00d3W<\/td><\/tr><tr><td class=\"has-text-align-center\" data-align=\"center\">31.10.2024<\/td><td class=\"has-text-align-center\" data-align=\"center\">6.30<\/td><td>od kole\u017canek z pracy synowej Joanny<\/td><\/tr><tr><td class=\"has-text-align-center\" data-align=\"center\">06.11.2024<\/td><td class=\"has-text-align-center\" data-align=\"center\">6.30<\/td><td>od chrze\u015bnicy Iwony i Paw\u0142a<\/td><\/tr><tr><td class=\"has-text-align-center\" data-align=\"center\">07.11.2024<\/td><td class=\"has-text-align-center\" data-align=\"center\">6.30<\/td><td>od brata Micha\u0142a, Steni i Natalii<\/td><\/tr><tr><td class=\"has-text-align-center\" data-align=\"center\">12.11.2024<\/td><td class=\"has-text-align-center\" data-align=\"center\">6.30<\/td><td>od rodziny JUSZCZAK\u00d3W z \u0141u\u017cnej<\/td><\/tr><tr><td class=\"has-text-align-center\" data-align=\"center\"><strong>poza<\/strong> <strong>parafi\u0105<\/strong><\/td><td class=\"has-text-align-center\" data-align=\"center\"><strong>\u00a0<\/strong>ks. Andrzej (Rzesz\u00f3w)<strong>\u00a0<\/strong><\/td><td>od Danieli i Romana JUSZCZAK<\/td><\/tr><tr><td class=\"has-text-align-center\" data-align=\"center\"><strong>poza<\/strong> <strong>parafi\u0105<\/strong><\/td><td class=\"has-text-align-center\" data-align=\"center\"><strong>\u00a0<\/strong>ks. Andrzej (Rzesz\u00f3w)<strong>\u00a0<\/strong><\/td><td>od ZBOROWSKIEGO z c\u00f3rk\u0105 Iwon\u0105<\/td><\/tr><tr><td class=\"has-text-align-center\" data-align=\"center\"><strong>poza<\/strong> <strong>parafi\u0105<\/strong><\/td><td class=\"has-text-align-center\" data-align=\"center\"><strong>\u00a0\u00a0<\/strong>ks. Andrzej (Rzesz\u00f3w)<\/td><td>od bratanicy Marty z rodzin\u0105<\/td><\/tr><tr><td class=\"has-text-align-center\" data-align=\"center\"><strong>poza<\/strong> <strong>parafi\u0105<\/strong><\/td><td class=\"has-text-align-center\" data-align=\"center\"><strong>\u00a0\u00a0<\/strong>ks. Andrzej (Rzesz\u00f3w)<\/td><td>od chrze\u015bnicy Marii KR\u00d3L z rodzin\u0105<\/td><\/tr><tr><td class=\"has-text-align-center\" data-align=\"center\"><strong>poza<\/strong> <strong>parafi\u0105<\/strong><\/td><td class=\"has-text-align-center\" data-align=\"center\"><strong>\u00a0\u00a0<\/strong>ks. Andrzej (Rzesz\u00f3w)<\/td><td>od OR\u0141OWSKICH z ul. Str\u00f3\u017cowskiej<\/td><\/tr><tr><td class=\"has-text-align-center\" data-align=\"center\"><strong>poza<\/strong> <strong>parafi\u0105<\/strong><\/td><td class=\"has-text-align-center\" data-align=\"center\"><strong>\u00a0<\/strong>ks. Andrzej (Rzesz\u00f3w)<strong>\u00a0<\/strong><\/td><td>od uczestnik\u00f3w pogrzebu<\/td><\/tr><tr><td class=\"has-text-align-center\" data-align=\"center\"><strong>poza<\/strong> <strong>parafi\u0105<\/strong><\/td><td class=\"has-text-align-center\" data-align=\"center\"><strong>\u00a0\u00a0<\/strong>ks. Andrzej (Rzesz\u00f3w)<\/td><td>od uczestnik\u00f3w pogrzebu<\/td><\/tr><tr><td class=\"has-text-align-center\" data-align=\"center\"><strong>poza<\/strong> <strong>parafi\u0105<\/strong><\/td><td class=\"has-text-align-center\" data-align=\"center\"><strong>\u00a0\u00a0<\/strong>ks. Andrzej (Rzesz\u00f3w)<\/td><td>od uczestnik\u00f3w pogrzebu<\/td><\/tr><tr><td class=\"has-text-align-center\" data-align=\"center\"><strong>poza<\/strong> <strong>parafi\u0105<\/strong><\/td><td class=\"has-text-align-center\" data-align=\"center\"><strong>\u00a0\u00a0<\/strong>ks. Andrzej (Rzesz\u00f3w)<\/td><td>od uczestnik\u00f3w pogrzebu<\/td><\/tr><\/tbody><\/table><\/figure>\n","protected":false},"excerpt":{"rendered":"<p>2023\/2; pogrzeb: 28.01.2023 data godz. ofiarodawcy\/intencja 02.02.2023 18.00 w 7 dzie\u0144 po \u015bmierci [od cz\u0142onki\u0144 R\u00f3\u017cy Misyjnej \u015bw. Jana Paw\u0142a II] 24.02.2023 18.00 w 30 dzie\u0144 po \u015bmierci [od zelatorek R\u00f3\u017c Misyjnych] 29.10.2024 18.00 od Bo\u017ceny i S\u0142awomira ZBOROWSKICH 23.10.2024 6.30 od siostry Ireny z m\u0119\u017cem 24.10.2024 6.30 od Krzysztofa i El\u017cbiety oraz Piotra KOZAK&#8230;<\/p>\n","protected":false},"author":3,"featured_media":188,"comment_status":"closed","ping_status":"closed","sticky":false,"template":"","format":"standard","meta":{"footnotes":""},"categories":[6],"tags":[],"class_list":["post-3110","post","type-post","status-publish","format-standard","has-post-thumbnail","hentry","category-intencje_pogrzebowe"],"_links":{"self":[{"href":"https:\/\/bobolagorlice.pl\/index.php\/wp-json\/wp\/v2\/posts\/3110","targetHints":{"allow":["GET"]}}],"collection":[{"href":"https:\/\/bobolagorlice.pl\/index.php\/wp-json\/wp\/v2\/posts"}],"about":[{"href":"https:\/\/bobolagorlice.pl\/index.php\/wp-json\/wp\/v2\/types\/post"}],"author":[{"embeddable":true,"href":"https:\/\/bobolagorlice.pl\/index.php\/wp-json\/wp\/v2\/users\/3"}],"replies":[{"embeddable":true,"href":"https:\/\/bobolagorlice.pl\/index.php\/wp-json\/wp\/v2\/comments?post=3110"}],"version-history":[{"count":4,"href":"https:\/\/bobolagorlice.pl\/index.php\/wp-json\/wp\/v2\/posts\/3110\/revisions"}],"predecessor-version":[{"id":5332,"href":"https:\/\/bobolagorlice.pl\/index.php\/wp-json\/wp\/v2\/posts\/3110\/revisions\/5332"}],"wp:featuredmedia":[{"embeddable":true,"href":"https:\/\/bobolagorlice.pl\/index.php\/wp-json\/wp\/v2\/media\/188"}],"wp:attachment":[{"href":"https:\/\/bobolagorlice.pl\/index.php\/wp-json\/wp\/v2\/media?parent=3110"}],"wp:term":[{"taxonomy":"category","embeddable":true,"href":"https:\/\/bobolagorlice.pl\/index.php\/wp-json\/wp\/v2\/categories?post=3110"},{"taxonomy":"post_tag","embeddable":true,"href":"https:\/\/bobolagorlice.pl\/index.php\/wp-json\/wp\/v2\/tags?post=3110"}],"curies":[{"name":"wp","href":"https:\/\/api.w.org\/{rel}","templated":true}]}}