{"id":3187,"date":"2023-02-23T19:08:28","date_gmt":"2023-02-23T18:08:28","guid":{"rendered":"https:\/\/bobolagorlice.pl\/?p=3187"},"modified":"2024-12-04T13:26:33","modified_gmt":"2024-12-04T12:26:33","slug":"wladyslawa-lach","status":"publish","type":"post","link":"https:\/\/bobolagorlice.pl\/index.php\/2023\/02\/23\/wladyslawa-lach\/","title":{"rendered":"\u2020W\u0142adys\u0142awa LACH"},"content":{"rendered":"\n<p><strong>2023\/5 <\/strong>pogrzeb: 22.02.2023<\/p>\n\n\n\n<figure class=\"wp-block-table aligncenter\"><table><tbody><tr><td class=\"has-text-align-center\" data-align=\"center\"><strong><em>data<\/em><\/strong><\/td><td class=\"has-text-align-center\" data-align=\"center\"><strong><em>godz.<\/em><\/strong><\/td><td><strong><em>ofiarodawcy\/intencja<\/em><\/strong><\/td><\/tr><tr><td class=\"has-text-align-center\" data-align=\"center\"><strong>27.02.2023<\/strong><\/td><td class=\"has-text-align-center\" data-align=\"center\"><strong>18.00<\/strong><\/td><td>w <strong>7 <\/strong>dzie\u0144 po \u015bmierci [<em>od siostry Barbary<\/em>]<\/td><\/tr><tr><td class=\"has-text-align-center\" data-align=\"center\"><strong>22.03.2023<\/strong><\/td><td class=\"has-text-align-center\" data-align=\"center\"><strong>18.00<\/strong><\/td><td>w <strong>30 <\/strong>dzie\u0144 po \u015bmierci [<em>od siostry Barbary<\/em>]<\/td><\/tr><tr><td class=\"has-text-align-center\" data-align=\"center\">13.11.2024<\/td><td class=\"has-text-align-center\" data-align=\"center\">6.30<\/td><td>od siostry Zofii<\/td><\/tr><tr><td class=\"has-text-align-center\" data-align=\"center\">14.11.2024<\/td><td class=\"has-text-align-center\" data-align=\"center\">18.00<\/td><td>od s\u0105siad\u00f3w z klatki<\/td><\/tr><tr><td class=\"has-text-align-center\" data-align=\"center\">15.11.2024<\/td><td class=\"has-text-align-center\" data-align=\"center\">18.00<\/td><td>od rodziny ROMAN\u00d3W<\/td><\/tr><tr><td class=\"has-text-align-center\" data-align=\"center\">19.11\/2024<\/td><td class=\"has-text-align-center\" data-align=\"center\">6.30<\/td><td>od rodziny W\u00d3JTOWICZ\u00d3W, OKARM\u00d3W i BRUDZINSKICH<\/td><\/tr><tr><td class=\"has-text-align-center\" data-align=\"center\">20.11.2024<\/td><td class=\"has-text-align-center\" data-align=\"center\">18.00<\/td><td>od kole\u017canek z osiedla z ul. S\u0142onecznej<\/td><\/tr><tr><td class=\"has-text-align-center\" data-align=\"center\">21.11.202<\/td><td class=\"has-text-align-center\" data-align=\"center\">6.30<\/td><td>od Barbary ABRAM z rodzin\u0105<\/td><\/tr><tr><td class=\"has-text-align-center\" data-align=\"center\">22.11.2024<\/td><td class=\"has-text-align-center\" data-align=\"center\">6.30<\/td><td>od Moniki MY\u015aLIWY-OLSZEWSKIEJ z rodzin\u0105<\/td><\/tr><tr><td class=\"has-text-align-center\" data-align=\"center\">23.11.2024<\/td><td class=\"has-text-align-center\" data-align=\"center\">6.30<\/td><td>od siostrzenicy Beaty z rodzin\u0105<\/td><\/tr><tr><td class=\"has-text-align-center\" data-align=\"center\"><strong>poza parafi\u0105<\/strong><\/td><td class=\"has-text-align-center\" data-align=\"center\"><strong>&nbsp;<\/strong><\/td><td>od kole\u017canek z osiedla z ul. S\u0142onecznej<\/td><\/tr><tr><td class=\"has-text-align-center\" data-align=\"center\"><strong>poza<\/strong> <strong>parafi\u0105<\/strong><\/td><td class=\"has-text-align-center\" data-align=\"center\"><strong>&nbsp;<\/strong><\/td><td>od Wandy WACHOWICZ<\/td><\/tr><tr><td class=\"has-text-align-center\" data-align=\"center\"><strong>poza<\/strong> <strong>parafi\u0105<\/strong><\/td><td class=\"has-text-align-center\" data-align=\"center\"><strong>&nbsp;<\/strong><\/td><td>od rodziny PYZNAR\u00d3W<\/td><\/tr><tr><td class=\"has-text-align-center\" data-align=\"center\"><strong>poza<\/strong> <strong>parafi\u0105<\/strong><\/td><td class=\"has-text-align-center\" data-align=\"center\"><strong>&nbsp;<\/strong><\/td><td>od kole\u017canki Wies\u0142awy z m\u0119\u017cem i rodzino<\/td><\/tr><tr><td class=\"has-text-align-center\" data-align=\"center\"><strong>poza<\/strong> <strong>parafi\u0105<\/strong><\/td><td class=\"has-text-align-center\" data-align=\"center\"><strong>&nbsp;<\/strong><\/td><td>od kole\u017canek z pracy<\/td><\/tr><tr><td class=\"has-text-align-center\" data-align=\"center\"><strong>poza<\/strong> <strong>parafi\u0105<\/strong><\/td><td class=\"has-text-align-center\" data-align=\"center\"><strong>&nbsp;<\/strong><\/td><td>od Stanis\u0142awy i Tadeusza R\u00d3\u017b z Korczyny<\/td><\/tr><tr><td class=\"has-text-align-center\" data-align=\"center\"><strong>poza<\/strong> <strong>parafi\u0105<\/strong><\/td><td class=\"has-text-align-center\" data-align=\"center\"><strong>&nbsp;<\/strong><\/td><td>od W\u0142adys\u0142awy GAZDA z rodzin\u0105 z Korczyny<\/td><\/tr><tr><td class=\"has-text-align-center\" data-align=\"center\"><strong>poza<\/strong> <strong>parafi\u0105<\/strong><\/td><td class=\"has-text-align-center\" data-align=\"center\"><strong>&nbsp;<\/strong><\/td><td>od kole\u017canki z pracy Barbary JURU\u015a z rodzin\u0105 z Korczyny<\/td><\/tr><tr><td class=\"has-text-align-center\" data-align=\"center\"><strong>poza<\/strong> <strong>parafi\u0105<\/strong><\/td><td class=\"has-text-align-center\" data-align=\"center\"><strong>&nbsp;<\/strong><\/td><td>od rodziny z O\u015bwi\u0119cimia<\/td><\/tr><tr><td class=\"has-text-align-center\" data-align=\"center\"><strong>poza<\/strong> <strong>parafi\u0105<\/strong><\/td><td class=\"has-text-align-center\" data-align=\"center\"><strong>&nbsp;<\/strong><\/td><td>od Lucjana i Danuty DATA<\/td><\/tr><tr><td class=\"has-text-align-center\" data-align=\"center\"><strong>poza<\/strong> <strong>parafi\u0105<\/strong><\/td><td class=\"has-text-align-center\" data-align=\"center\"><strong>&nbsp;<\/strong><\/td><td>od uczestnik\u00f3w pogrzebu<\/td><\/tr><tr><td class=\"has-text-align-center\" data-align=\"center\"><strong>poza<\/strong> <strong>parafi\u0105<\/strong><\/td><td class=\"has-text-align-center\" data-align=\"center\"><strong>&nbsp;<\/strong><\/td><td>od uczestnik\u00f3w pogrzebu<\/td><\/tr><tr><td class=\"has-text-align-center\" data-align=\"center\"><strong>poza<\/strong> <strong>parafi\u0105<\/strong><\/td><td class=\"has-text-align-center\" data-align=\"center\"><strong>&nbsp;<\/strong><\/td><td>od uczestnik\u00f3w pogrzebu<\/td><\/tr><tr><td class=\"has-text-align-center\" data-align=\"center\"><strong>poza<\/strong> <strong>parafi\u0105<\/strong><\/td><td class=\"has-text-align-center\" data-align=\"center\"><strong>&nbsp;<\/strong><\/td><td>od uczestnik\u00f3w pogrzebu<\/td><\/tr><\/tbody><\/table><\/figure>\n","protected":false},"excerpt":{"rendered":"<p>2023\/5 pogrzeb: 22.02.2023 data godz. ofiarodawcy\/intencja 27.02.2023 18.00 w 7 dzie\u0144 po \u015bmierci [od siostry Barbary] 22.03.2023 18.00 w 30 dzie\u0144 po \u015bmierci [od siostry Barbary] 13.11.2024 6.30 od siostry Zofii 14.11.2024 18.00 od s\u0105siad\u00f3w z klatki 15.11.2024 18.00 od rodziny ROMAN\u00d3W 19.11\/2024 6.30 od rodziny W\u00d3JTOWICZ\u00d3W, OKARM\u00d3W i BRUDZINSKICH 20.11.2024 18.00 od kole\u017canek z&#8230;<\/p>\n","protected":false},"author":3,"featured_media":188,"comment_status":"closed","ping_status":"closed","sticky":false,"template":"","format":"standard","meta":{"footnotes":""},"categories":[6],"tags":[],"class_list":["post-3187","post","type-post","status-publish","format-standard","has-post-thumbnail","hentry","category-intencje_pogrzebowe"],"_links":{"self":[{"href":"https:\/\/bobolagorlice.pl\/index.php\/wp-json\/wp\/v2\/posts\/3187","targetHints":{"allow":["GET"]}}],"collection":[{"href":"https:\/\/bobolagorlice.pl\/index.php\/wp-json\/wp\/v2\/posts"}],"about":[{"href":"https:\/\/bobolagorlice.pl\/index.php\/wp-json\/wp\/v2\/types\/post"}],"author":[{"embeddable":true,"href":"https:\/\/bobolagorlice.pl\/index.php\/wp-json\/wp\/v2\/users\/3"}],"replies":[{"embeddable":true,"href":"https:\/\/bobolagorlice.pl\/index.php\/wp-json\/wp\/v2\/comments?post=3187"}],"version-history":[{"count":5,"href":"https:\/\/bobolagorlice.pl\/index.php\/wp-json\/wp\/v2\/posts\/3187\/revisions"}],"predecessor-version":[{"id":5338,"href":"https:\/\/bobolagorlice.pl\/index.php\/wp-json\/wp\/v2\/posts\/3187\/revisions\/5338"}],"wp:featuredmedia":[{"embeddable":true,"href":"https:\/\/bobolagorlice.pl\/index.php\/wp-json\/wp\/v2\/media\/188"}],"wp:attachment":[{"href":"https:\/\/bobolagorlice.pl\/index.php\/wp-json\/wp\/v2\/media?parent=3187"}],"wp:term":[{"taxonomy":"category","embeddable":true,"href":"https:\/\/bobolagorlice.pl\/index.php\/wp-json\/wp\/v2\/categories?post=3187"},{"taxonomy":"post_tag","embeddable":true,"href":"https:\/\/bobolagorlice.pl\/index.php\/wp-json\/wp\/v2\/tags?post=3187"}],"curies":[{"name":"wp","href":"https:\/\/api.w.org\/{rel}","templated":true}]}}