{"id":3260,"date":"2023-03-08T11:17:03","date_gmt":"2023-03-08T10:17:03","guid":{"rendered":"https:\/\/bobolagorlice.pl\/?p=3260"},"modified":"2024-12-04T17:04:48","modified_gmt":"2024-12-04T16:04:48","slug":"stanislaw-jamro","status":"publish","type":"post","link":"https:\/\/bobolagorlice.pl\/index.php\/2023\/03\/08\/stanislaw-jamro\/","title":{"rendered":"\u2020Stanis\u0142aw JAMRO"},"content":{"rendered":"\n<p><strong>2023\/7 <\/strong>pogrzeb: 04.03.2023<\/p>\n\n\n\n<figure class=\"wp-block-table\"><table><tbody><tr><td class=\"has-text-align-center\" data-align=\"center\"><strong><em>data<\/em><\/strong><\/td><td class=\"has-text-align-center\" data-align=\"center\"><strong><em>godz.<\/em><\/strong><\/td><td><strong><em>ofiarodawcy\/intencja<\/em><\/strong><\/td><\/tr><tr><td class=\"has-text-align-center\" data-align=\"center\"><strong>08.03.2023<\/strong><\/td><td class=\"has-text-align-center\" data-align=\"center\"><strong>6.30<\/strong><\/td><td>w <strong>7 <\/strong>dzie\u0144 po \u015bmierci [<em>od \u017cony<\/em>]<\/td><\/tr><tr><td class=\"has-text-align-center\" data-align=\"center\"><strong>31.03.2023<\/strong><\/td><td class=\"has-text-align-center\" data-align=\"center\"><strong>18.00<\/strong><\/td><td>w <strong>30 <\/strong>dzie\u0144 po \u015bmierci [<em>od c\u00f3rki i zi\u0119cia<\/em>]<\/td><\/tr><tr><td class=\"has-text-align-center\" data-align=\"center\">20.11.2024<\/td><td class=\"has-text-align-center\" data-align=\"center\">6.30<\/td><td>od te\u015bciowej<\/td><\/tr><tr><td class=\"has-text-align-center\" data-align=\"center\">22.11.2024<\/td><td class=\"has-text-align-center\" data-align=\"center\">6.30<\/td><td>od siostry Ma\u0142gorzaty z rodzin\u0105<\/td><\/tr><tr><td class=\"has-text-align-center\" data-align=\"center\">23.11.2024<\/td><td class=\"has-text-align-center\" data-align=\"center\">6.30<\/td><td>od brata Jerzego z rodzin\u0105<\/td><\/tr><tr><td class=\"has-text-align-center\" data-align=\"center\">25.11.2024<\/td><td class=\"has-text-align-center\" data-align=\"center\">6.30<\/td><td>od brata Romana<\/td><\/tr><tr><td class=\"has-text-align-center\" data-align=\"center\">27.11.2024<\/td><td class=\"has-text-align-center\" data-align=\"center\">6.30<\/td><td>od chrze\u015bnicy Moniki z rodzin\u0105<\/td><\/tr><tr><td class=\"has-text-align-center\" data-align=\"center\">29.11.2024<\/td><td class=\"has-text-align-center\" data-align=\"center\">6.30<\/td><td>od rodziny \u0106WIKLIK\u00d3W<\/td><\/tr><tr><td class=\"has-text-align-center\" data-align=\"center\">30.11.2024<\/td><td class=\"has-text-align-center\" data-align=\"center\">6.30<\/td><td>od rodziny GAWE\u0141<\/td><\/tr><tr><td class=\"has-text-align-center\" data-align=\"center\">03.12.2024<\/td><td class=\"has-text-align-center\" data-align=\"center\">6.30<\/td><td>od Przemys\u0142awa GAW\u0141A z rodzin\u0105<\/td><\/tr><tr><td class=\"has-text-align-center\" data-align=\"center\">02.12.2024<\/td><td class=\"has-text-align-center\" data-align=\"center\">18.00<\/td><td>od pracownik\u00f3w W.P.H.W. Gorlice<\/td><\/tr><tr><td class=\"has-text-align-center\" data-align=\"center\">21.11.2024<\/td><td class=\"has-text-align-center\" data-align=\"center\">18.00<\/td><td>od rodziny GAZD\u00d3W<\/td><\/tr><tr><td class=\"has-text-align-center\" data-align=\"center\"><strong>poza<\/strong> <strong>parafi\u0105<\/strong><\/td><td class=\"has-text-align-center\" data-align=\"center\">ks. Kapelan Andrzej Kluz<strong>\u00a0<\/strong><\/td><td>od przyjaci\u00f3\u0142ek \u017cony ze Szko\u0142y nr 1 w Bieczu<\/td><\/tr><tr><td class=\"has-text-align-center\" data-align=\"center\"><strong>poza<\/strong> <strong>parafi\u0105<\/strong><\/td><td class=\"has-text-align-center\" data-align=\"center\"><strong>\u00a0<\/strong>ks. Kapelan Andrzej Kluz<strong>\u00a0<\/strong><\/td><td>od rodziny Moniki i J\u00f3zefa POLAK<\/td><\/tr><tr><td class=\"has-text-align-center\" data-align=\"center\"><strong>poza<\/strong> <strong>parafi\u0105<\/strong><\/td><td class=\"has-text-align-center\" data-align=\"center\"><strong>\u00a0<\/strong>ks. Kapelan Andrzej Kluz<strong>\u00a0<\/strong><\/td><td>od Marka WI\u0118CKA z rodzin\u0105<\/td><\/tr><tr><td class=\"has-text-align-center\" data-align=\"center\"><strong>poza<\/strong> <strong>parafi\u0105<\/strong><\/td><td class=\"has-text-align-center\" data-align=\"center\"><strong>\u00a0<\/strong>ks. Kapelan Andrzej Kluz<strong>\u00a0<\/strong><\/td><td>od cioci Marii z Moszczenicy<\/td><\/tr><tr><td class=\"has-text-align-center\" data-align=\"center\"><strong>poza<\/strong> <strong>parafi\u0105<\/strong><\/td><td class=\"has-text-align-center\" data-align=\"center\"><strong>\u00a0<\/strong>ks. Kapelan Andrzej Kluz<strong>\u00a0<\/strong><\/td><td>od Stanis\u0142awa KALISZA i Anny PELCZAR-KOZ\u0141OWSKIEJ<\/td><\/tr><tr><td class=\"has-text-align-center\" data-align=\"center\"><strong>poza<\/strong> <strong>parafi\u0105<\/strong><\/td><td class=\"has-text-align-center\" data-align=\"center\">ks. Kapelan Andrzej Kluz<strong>\u00a0\u00a0<\/strong><\/td><td>od rodziny HALUCH i NOWAK<\/td><\/tr><tr><td class=\"has-text-align-center\" data-align=\"center\"><strong>poza<\/strong> <strong>parafi\u0105<\/strong><\/td><td class=\"has-text-align-center\" data-align=\"center\"><strong>\u00a0<\/strong>ks. Kapelan Andrzej Kluz<strong>\u00a0<\/strong><\/td><td>od rodziny CYRNK\u00d3W<\/td><\/tr><tr><td class=\"has-text-align-center\" data-align=\"center\"><strong>poza<\/strong> <strong>parafi\u0105<\/strong><\/td><td class=\"has-text-align-center\" data-align=\"center\"><strong>&nbsp;<\/strong><\/td><td>od koleg\u00f3w i kole\u017canek c\u00f3rki Edyty z projektu \u201eRehabilitacja dzieci i M\u0142odzie\u017cy Niepe\u0142nosprawnej\u201d<\/td><\/tr><tr><td class=\"has-text-align-center\" data-align=\"center\"><strong>poza<\/strong> <strong>parafi\u0105<\/strong><\/td><td class=\"has-text-align-center\" data-align=\"center\"><strong>&nbsp;<\/strong><\/td><td>od zarz\u0105du Stowarzyszenia na Rzecz pomocy Rodzinie \u201e<em>NADZIEJA<\/em>\u201d w Bieczu<\/td><\/tr><tr><td class=\"has-text-align-center\" data-align=\"center\"><strong>poza<\/strong> <strong>parafi\u0105<\/strong><\/td><td class=\"has-text-align-center\" data-align=\"center\"><strong>&nbsp;<\/strong><\/td><td>od s\u0105siad\u00f3w \u2013 brama 1.<\/td><\/tr><tr><td class=\"has-text-align-center\" data-align=\"center\"><strong>poza<\/strong> <strong>parafi\u0105<\/strong><\/td><td class=\"has-text-align-center\" data-align=\"center\"><strong>&nbsp;<\/strong><\/td><td>od rodziny ST\u0118PNIOWSKICH i DRZYMA\u0141\u00d3W<\/td><\/tr><tr><td class=\"has-text-align-center\" data-align=\"center\"><strong>poza<\/strong> <strong>parafi\u0105<\/strong><\/td><td class=\"has-text-align-center\" data-align=\"center\"><strong>&nbsp;<\/strong><\/td><td>od El\u017cbiety i Jana POS\u0141USZNYCH<\/td><\/tr><tr><td class=\"has-text-align-center\" data-align=\"center\"><strong>poza<\/strong> <strong>parafi\u0105<\/strong><\/td><td class=\"has-text-align-center\" data-align=\"center\"><strong>&nbsp;<\/strong><\/td><td>od kierownika i pracownik\u00f3w Warsztatu Terapii Zaj\u0119ciowej w Bieczu<\/td><\/tr><tr><td class=\"has-text-align-center\" data-align=\"center\"><strong>poza<\/strong> <strong>parafi\u0105<\/strong><\/td><td class=\"has-text-align-center\" data-align=\"center\"><strong>&nbsp;<\/strong><\/td><td>od kuzynki Michaliny z rodzin\u0105 z Ropicy Polskiej<\/td><\/tr><tr><td class=\"has-text-align-center\" data-align=\"center\"><strong>poza<\/strong> <strong>parafi\u0105<\/strong><\/td><td class=\"has-text-align-center\" data-align=\"center\"><strong>&nbsp;<\/strong><\/td><td>od kuzyna z \u017burowej z rodzin\u0105<\/td><\/tr><tr><td class=\"has-text-align-center\" data-align=\"center\"><strong>poza<\/strong> <strong>parafi\u0105<\/strong><\/td><td class=\"has-text-align-center\" data-align=\"center\"><strong>&nbsp;<\/strong><\/td><td>od emerytowanych nauczycieli SP nr 1 w Bieczu<\/td><\/tr><tr><td class=\"has-text-align-center\" data-align=\"center\"><strong>poza<\/strong> <strong>parafi\u0105<\/strong><\/td><td class=\"has-text-align-center\" data-align=\"center\"><strong>&nbsp;<\/strong><\/td><td>od emerytowanych nauczycieli SP nr 1 w Bieczu<\/td><\/tr><tr><td class=\"has-text-align-center\" data-align=\"center\"><strong>poza<\/strong> <strong>parafi\u0105<\/strong><\/td><td class=\"has-text-align-center\" data-align=\"center\"><strong>&nbsp;<\/strong><\/td><td>od Moniki M\u0118\u017bYK<\/td><\/tr><tr><td class=\"has-text-align-center\" data-align=\"center\"><strong>poza<\/strong> <strong>parafi\u0105<\/strong><\/td><td class=\"has-text-align-center\" data-align=\"center\"><strong>&nbsp;<\/strong><\/td><td>od dyrekcji i pracownik\u00f3w SP nr 1 w Bieczu<\/td><\/tr><tr><td class=\"has-text-align-center\" data-align=\"center\"><strong>poza<\/strong> <strong>parafi\u0105<\/strong><\/td><td class=\"has-text-align-center\" data-align=\"center\"><strong>&nbsp;<\/strong><\/td><td>od dyrekcji i pracownik\u00f3w SP nr 1 w Bieczu<\/td><\/tr><tr><td class=\"has-text-align-center\" data-align=\"center\"><strong>poza<\/strong> <strong>parafi\u0105<\/strong><\/td><td class=\"has-text-align-center\" data-align=\"center\"><strong>&nbsp;<\/strong><\/td><td>od pracownik\u00f3w W.P.H.W. Gorlice<\/td><\/tr><tr><td class=\"has-text-align-center\" data-align=\"center\"><strong>poza<\/strong> <strong>parafi\u0105<\/strong><\/td><td class=\"has-text-align-center\" data-align=\"center\"><strong>&nbsp;<\/strong><\/td><td>od pracownik\u00f3w W.P.H.W. Gorlice<\/td><\/tr><tr><td class=\"has-text-align-center\" data-align=\"center\"><strong>poza<\/strong> <strong>parafi\u0105<\/strong><\/td><td class=\"has-text-align-center\" data-align=\"center\"><strong>&nbsp;<\/strong><\/td><td>od dyrekcji i kole\u017canek z pracy c\u00f3rki z Poradni Psychologiczno-Pedagogicznej w Gorlicach<\/td><\/tr><tr><td class=\"has-text-align-center\" data-align=\"center\"><strong>poza<\/strong> <strong>parafi\u0105<\/strong><\/td><td class=\"has-text-align-center\" data-align=\"center\"><strong>&nbsp;<\/strong><\/td><td>od dyrekcji i kole\u017canek z pracy c\u00f3rki z Poradni Psychologiczno-Pedagogicznej w Gorlicach<\/td><\/tr><tr><td class=\"has-text-align-center\" data-align=\"center\"><strong>poza<\/strong> <strong>parafi\u0105<\/strong><\/td><td class=\"has-text-align-center\" data-align=\"center\"><strong>&nbsp;<\/strong><\/td><td>od Mariana i Haliny KUCHARCZYK<\/td><\/tr><tr><td class=\"has-text-align-center\" data-align=\"center\"><strong>poza<\/strong> <strong>parafi\u0105<\/strong><\/td><td class=\"has-text-align-center\" data-align=\"center\"><strong>&nbsp;<\/strong><\/td><td>od uczestnik\u00f3w pogrzebu<\/td><\/tr><tr><td class=\"has-text-align-center\" data-align=\"center\"><strong>poza<\/strong> <strong>parafi\u0105<\/strong><\/td><td class=\"has-text-align-center\" data-align=\"center\"><strong>&nbsp;<\/strong><\/td><td>od uczestnik\u00f3w pogrzebu<\/td><\/tr><tr><td class=\"has-text-align-center\" data-align=\"center\"><strong>poza<\/strong> <strong>parafi\u0105<\/strong><\/td><td class=\"has-text-align-center\" data-align=\"center\"><strong>&nbsp;<\/strong><\/td><td>od uczestnik\u00f3w pogrzebu<\/td><\/tr><tr><td class=\"has-text-align-center\" data-align=\"center\"><strong>poza<\/strong> <strong>parafi\u0105<\/strong><\/td><td class=\"has-text-align-center\" data-align=\"center\"><strong>&nbsp;<\/strong><\/td><td>od uczestnik\u00f3w pogrzebu<\/td><\/tr><tr><td class=\"has-text-align-center\" data-align=\"center\"><strong>poza<\/strong> <strong>parafi\u0105<\/strong><\/td><td class=\"has-text-align-center\" data-align=\"center\"><strong>&nbsp;<\/strong><\/td><td>od uczestnik\u00f3w pogrzebu<\/td><\/tr><tr><td class=\"has-text-align-center\" data-align=\"center\"><strong>poza<\/strong> <strong>parafi\u0105<\/strong><\/td><td class=\"has-text-align-center\" data-align=\"center\"><strong>&nbsp;<\/strong><\/td><td>od uczestnik\u00f3w pogrzebu<\/td><\/tr><tr><td class=\"has-text-align-center\" data-align=\"center\"><strong>poza<\/strong> <strong>parafi\u0105<\/strong><\/td><td class=\"has-text-align-center\" data-align=\"center\"><strong>&nbsp;<\/strong><\/td><td>od uczestnik\u00f3w pogrzebu<\/td><\/tr><\/tbody><\/table><\/figure>\n","protected":false},"excerpt":{"rendered":"<p>2023\/7 pogrzeb: 04.03.2023 data godz. ofiarodawcy\/intencja 08.03.2023 6.30 w 7 dzie\u0144 po \u015bmierci [od \u017cony] 31.03.2023 18.00 w 30 dzie\u0144 po \u015bmierci [od c\u00f3rki i zi\u0119cia] 20.11.2024 6.30 od te\u015bciowej 22.11.2024 6.30 od siostry Ma\u0142gorzaty z rodzin\u0105 23.11.2024 6.30 od brata Jerzego z rodzin\u0105 25.11.2024 6.30 od brata Romana 27.11.2024 6.30 od chrze\u015bnicy Moniki z&#8230;<\/p>\n","protected":false},"author":3,"featured_media":188,"comment_status":"closed","ping_status":"closed","sticky":false,"template":"","format":"standard","meta":{"footnotes":""},"categories":[6],"tags":[],"class_list":["post-3260","post","type-post","status-publish","format-standard","has-post-thumbnail","hentry","category-intencje_pogrzebowe"],"_links":{"self":[{"href":"https:\/\/bobolagorlice.pl\/index.php\/wp-json\/wp\/v2\/posts\/3260","targetHints":{"allow":["GET"]}}],"collection":[{"href":"https:\/\/bobolagorlice.pl\/index.php\/wp-json\/wp\/v2\/posts"}],"about":[{"href":"https:\/\/bobolagorlice.pl\/index.php\/wp-json\/wp\/v2\/types\/post"}],"author":[{"embeddable":true,"href":"https:\/\/bobolagorlice.pl\/index.php\/wp-json\/wp\/v2\/users\/3"}],"replies":[{"embeddable":true,"href":"https:\/\/bobolagorlice.pl\/index.php\/wp-json\/wp\/v2\/comments?post=3260"}],"version-history":[{"count":5,"href":"https:\/\/bobolagorlice.pl\/index.php\/wp-json\/wp\/v2\/posts\/3260\/revisions"}],"predecessor-version":[{"id":5343,"href":"https:\/\/bobolagorlice.pl\/index.php\/wp-json\/wp\/v2\/posts\/3260\/revisions\/5343"}],"wp:featuredmedia":[{"embeddable":true,"href":"https:\/\/bobolagorlice.pl\/index.php\/wp-json\/wp\/v2\/media\/188"}],"wp:attachment":[{"href":"https:\/\/bobolagorlice.pl\/index.php\/wp-json\/wp\/v2\/media?parent=3260"}],"wp:term":[{"taxonomy":"category","embeddable":true,"href":"https:\/\/bobolagorlice.pl\/index.php\/wp-json\/wp\/v2\/categories?post=3260"},{"taxonomy":"post_tag","embeddable":true,"href":"https:\/\/bobolagorlice.pl\/index.php\/wp-json\/wp\/v2\/tags?post=3260"}],"curies":[{"name":"wp","href":"https:\/\/api.w.org\/{rel}","templated":true}]}}