{"id":3335,"date":"2023-03-30T16:16:22","date_gmt":"2023-03-30T14:16:22","guid":{"rendered":"https:\/\/bobolagorlice.pl\/?p=3335"},"modified":"2024-12-04T12:33:48","modified_gmt":"2024-12-04T11:33:48","slug":"kazimierz-kotecki","status":"publish","type":"post","link":"https:\/\/bobolagorlice.pl\/index.php\/2023\/03\/30\/kazimierz-kotecki\/","title":{"rendered":"\u2020Kazimierz KOTECKI"},"content":{"rendered":"\n<p><strong>2023\/10 <\/strong>pogrzeb: 25.03.2023<\/p>\n\n\n\n<figure class=\"wp-block-table\"><table><tbody><tr><td class=\"has-text-align-center\" data-align=\"center\"><strong><em>data<\/em><\/strong><\/td><td class=\"has-text-align-center\" data-align=\"center\"><strong><em>godz.<\/em><\/strong><\/td><td><strong><em>ofiarodawcy\/intencja<\/em><\/strong><\/td><\/tr><tr><td class=\"has-text-align-center\" data-align=\"center\"><strong>29.03.2023<\/strong><\/td><td class=\"has-text-align-center\" data-align=\"center\"><strong>6.30<\/strong><\/td><td>w <strong>7 dzie\u0144<\/strong> po \u015bmierci [od brata Adama z rodzin\u0105]<\/td><\/tr><tr><td class=\"has-text-align-center\" data-align=\"center\"><strong>21.04.2023<\/strong><\/td><td class=\"has-text-align-center\" data-align=\"center\"><strong>6.30<\/strong><\/td><td>w <strong>30 dzie\u0144<\/strong> po \u015bmierci [od brata Adama z rodzin\u0105]<\/td><\/tr><tr><td class=\"has-text-align-center\" data-align=\"center\">3 XII 2024<\/td><td class=\"has-text-align-center\" data-align=\"center\">18.00<\/td><td>od rodziny SZUF\u00d3W<\/td><\/tr><tr><td class=\"has-text-align-center\" data-align=\"center\">4 XII 2024<\/td><td class=\"has-text-align-center\" data-align=\"center\">18.00<\/td><td>od rodziny DURLAK\u00d3W<\/td><\/tr><tr><td class=\"has-text-align-center\" data-align=\"center\">5 XII 2024<\/td><td class=\"has-text-align-center\" data-align=\"center\">6.30<\/td><td>od bratanic Ma\u0142gorzaty i Marioli z rodzinami<\/td><\/tr><tr><td class=\"has-text-align-center\" data-align=\"center\">9 XII 2024<\/td><td class=\"has-text-align-center\" data-align=\"center\">6.30<\/td><td>od Teresy ROGULSKIEJ z rodzin\u0105<\/td><\/tr><tr><td class=\"has-text-align-center\" data-align=\"center\">10 XII 2024<\/td><td class=\"has-text-align-center\" data-align=\"center\">6.30<\/td><td>od uczestnik\u00f3w pogrzebu<\/td><\/tr><tr><td class=\"has-text-align-center\" data-align=\"center\">11 XII 2024<\/td><td class=\"has-text-align-center\" data-align=\"center\">6.30<\/td><td>od uczestnik\u00f3w pogrzebu<\/td><\/tr><\/tbody><\/table><\/figure>\n","protected":false},"excerpt":{"rendered":"<p>2023\/10 pogrzeb: 25.03.2023 data godz. ofiarodawcy\/intencja 29.03.2023 6.30 w 7 dzie\u0144 po \u015bmierci [od brata Adama z rodzin\u0105] 21.04.2023 6.30 w 30 dzie\u0144 po \u015bmierci [od brata Adama z rodzin\u0105] 3 XII 2024 18.00 od rodziny SZUF\u00d3W 4 XII 2024 18.00 od rodziny DURLAK\u00d3W 5 XII 2024 6.30 od bratanic Ma\u0142gorzaty i Marioli z rodzinami&#8230;<\/p>\n","protected":false},"author":3,"featured_media":188,"comment_status":"closed","ping_status":"closed","sticky":false,"template":"","format":"standard","meta":{"footnotes":""},"categories":[6],"tags":[],"class_list":["post-3335","post","type-post","status-publish","format-standard","has-post-thumbnail","hentry","category-intencje_pogrzebowe"],"_links":{"self":[{"href":"https:\/\/bobolagorlice.pl\/index.php\/wp-json\/wp\/v2\/posts\/3335","targetHints":{"allow":["GET"]}}],"collection":[{"href":"https:\/\/bobolagorlice.pl\/index.php\/wp-json\/wp\/v2\/posts"}],"about":[{"href":"https:\/\/bobolagorlice.pl\/index.php\/wp-json\/wp\/v2\/types\/post"}],"author":[{"embeddable":true,"href":"https:\/\/bobolagorlice.pl\/index.php\/wp-json\/wp\/v2\/users\/3"}],"replies":[{"embeddable":true,"href":"https:\/\/bobolagorlice.pl\/index.php\/wp-json\/wp\/v2\/comments?post=3335"}],"version-history":[{"count":3,"href":"https:\/\/bobolagorlice.pl\/index.php\/wp-json\/wp\/v2\/posts\/3335\/revisions"}],"predecessor-version":[{"id":5320,"href":"https:\/\/bobolagorlice.pl\/index.php\/wp-json\/wp\/v2\/posts\/3335\/revisions\/5320"}],"wp:featuredmedia":[{"embeddable":true,"href":"https:\/\/bobolagorlice.pl\/index.php\/wp-json\/wp\/v2\/media\/188"}],"wp:attachment":[{"href":"https:\/\/bobolagorlice.pl\/index.php\/wp-json\/wp\/v2\/media?parent=3335"}],"wp:term":[{"taxonomy":"category","embeddable":true,"href":"https:\/\/bobolagorlice.pl\/index.php\/wp-json\/wp\/v2\/categories?post=3335"},{"taxonomy":"post_tag","embeddable":true,"href":"https:\/\/bobolagorlice.pl\/index.php\/wp-json\/wp\/v2\/tags?post=3335"}],"curies":[{"name":"wp","href":"https:\/\/api.w.org\/{rel}","templated":true}]}}