{"id":3341,"date":"2023-03-30T16:22:36","date_gmt":"2023-03-30T14:22:36","guid":{"rendered":"https:\/\/bobolagorlice.pl\/?p=3341"},"modified":"2024-12-20T20:56:41","modified_gmt":"2024-12-20T19:56:41","slug":"tomasz-leszega","status":"publish","type":"post","link":"https:\/\/bobolagorlice.pl\/index.php\/2023\/03\/30\/tomasz-leszega\/","title":{"rendered":"\u2020Tomasz LESZEGA"},"content":{"rendered":"\n<p><strong>2023\/12 <\/strong>pogrzeb: 30.03.2023<\/p>\n\n\n\n<figure class=\"wp-block-table\"><table><tbody><tr><td class=\"has-text-align-center\" data-align=\"center\"><strong><em>data<\/em><\/strong><\/td><td class=\"has-text-align-center\" data-align=\"center\"><strong><em>godz.<\/em><\/strong><\/td><td><strong><em>ofiarodawcy\/intencja<\/em><\/strong><\/td><\/tr><tr><td class=\"has-text-align-center\" data-align=\"center\"><strong>03.04.2023<\/strong><\/td><td class=\"has-text-align-center\" data-align=\"center\"><strong>6.30<\/strong><\/td><td>w <strong>7 <\/strong>dzie\u0144 po \u015bmierci [<em>od \u017cony Ewy i dzieci<\/em>]<\/td><\/tr><tr><td class=\"has-text-align-center\" data-align=\"center\"><strong>26.04.2023<\/strong><\/td><td class=\"has-text-align-center\" data-align=\"center\"><strong>18.00<\/strong><\/td><td>w <strong>30 <\/strong>dzie\u0144 po \u015bmierci [<em>od \u017cony Ewy i dzieci<\/em>]<\/td><\/tr><tr><td class=\"has-text-align-center\" data-align=\"center\">10 XII 2024<\/td><td class=\"has-text-align-center\" data-align=\"center\">18.00<\/td><td>od s\u0105siad\u00f3w z bloku<\/td><\/tr><tr><td class=\"has-text-align-center\" data-align=\"center\">13 XII 2024<\/td><td class=\"has-text-align-center\" data-align=\"center\">6.30<\/td><td>od brata Paw\u0142a z \u017con\u0105 i dzie\u0107mi oraz Janusza JE\u017b<\/td><\/tr><tr><td class=\"has-text-align-center\" data-align=\"center\">14 XII 2024<\/td><td class=\"has-text-align-center\" data-align=\"center\">6.30<\/td><td>od rodziny KU\u015a z Korczyny<\/td><\/tr><tr><td class=\"has-text-align-center\" data-align=\"center\">18 XII 2024<\/td><td class=\"has-text-align-center\" data-align=\"center\">18.00<\/td><td>od kole\u017canek i koleg\u00f3w c\u00f3rki Gabrysi z klasy wraz z nauczycielami z Zespo\u0142u Szk\u00f3\u0142 Ekonomicznych im. Jana Paw\u0142a II w Gorlicach<\/td><\/tr><tr><td class=\"has-text-align-center\" data-align=\"center\">19 XII 2024<\/td><td class=\"has-text-align-center\" data-align=\"center\">6.30<\/td><td>od Marka BOCZARA<\/td><\/tr><tr><td class=\"has-text-align-center\" data-align=\"center\">20 XII 2024<\/td><td class=\"has-text-align-center\" data-align=\"center\">6.30<\/td><td>od rodziny BOCZAR\u00d3W<\/td><\/tr><tr><td class=\"has-text-align-center\" data-align=\"center\">21 XII 2024<\/td><td class=\"has-text-align-center\" data-align=\"center\">6.30<\/td><td>od PIERZOWEJ<\/td><\/tr><tr><td class=\"has-text-align-center\" data-align=\"center\">24 XII 2024<\/td><td class=\"has-text-align-center\" data-align=\"center\">6.30<\/td><td>od koleg\u00f3w Jakuba<\/td><\/tr><tr><td class=\"has-text-align-center\" data-align=\"center\"><strong>poza<\/strong> <strong>parafi\u0105<\/strong><\/td><td class=\"has-text-align-center\" data-align=\"center\"><strong>&nbsp;<\/strong><\/td><td>od Adama z c\u00f3rka Joann\u0105 i rodzin\u0105<\/td><\/tr><tr><td class=\"has-text-align-center\" data-align=\"center\"><strong>poza<\/strong> <strong>parafi\u0105<\/strong><\/td><td class=\"has-text-align-center\" data-align=\"center\"><strong>&nbsp;<\/strong><\/td><td>od BERKOWICZ\u00d3W z Moszczenicy<\/td><\/tr><tr><td class=\"has-text-align-center\" data-align=\"center\"><strong>poza<\/strong> <strong>parafi\u0105<\/strong><\/td><td class=\"has-text-align-center\" data-align=\"center\"><strong>&nbsp;<\/strong><\/td><td>od dyrekcji, kole\u017canek i koleg\u00f3w \u017cony z Domu Pomocy Spo\u0142ecznej<\/td><\/tr><tr><td class=\"has-text-align-center\" data-align=\"center\"><strong>poza<\/strong> <strong>parafi\u0105<\/strong><\/td><td class=\"has-text-align-center\" data-align=\"center\"><strong>&nbsp;<\/strong><\/td><td>od kole\u017canek \u017cony z Domu Pomocy Spo\u0142ecznej z III pi\u0119tra<\/td><\/tr><tr><td class=\"has-text-align-center\" data-align=\"center\"><strong>poza<\/strong> <strong>parafi\u0105<\/strong><\/td><td class=\"has-text-align-center\" data-align=\"center\"><strong>&nbsp;<\/strong><\/td><td>od rodziny PODLEJSKICH z dzia\u0142ek<\/td><\/tr><tr><td class=\"has-text-align-center\" data-align=\"center\"><strong>poza<\/strong> <strong>parafi\u0105<\/strong><\/td><td class=\"has-text-align-center\" data-align=\"center\"><strong>&nbsp;<\/strong><\/td><td>od Mateusza WI\u015aNIOWSKIEGO<\/td><\/tr><tr><td class=\"has-text-align-center\" data-align=\"center\"><strong>poza<\/strong> <strong>parafi\u0105<\/strong><\/td><td class=\"has-text-align-center\" data-align=\"center\"><strong>&nbsp;<\/strong><\/td><td>od wsp\u00f3\u0142pracownik\u00f3w syna Jakuba z firmy \u201e<em>G\u00d3R-STAL Gorlice<\/em>\u201d<\/td><\/tr><tr><td class=\"has-text-align-center\" data-align=\"center\"><strong>poza<\/strong> <strong>parafi\u0105<\/strong><\/td><td class=\"has-text-align-center\" data-align=\"center\"><strong>&nbsp;<\/strong><\/td><td>od pracownik\u00f3w \u201e<em>KU\u0179NIA \u2013 GLINIK<\/em>\u201d<\/td><\/tr><tr><td class=\"has-text-align-center\" data-align=\"center\"><strong>poza<\/strong> <strong>parafi\u0105<\/strong><\/td><td class=\"has-text-align-center\" data-align=\"center\"><strong>&nbsp;<\/strong><\/td><td>od pracownik\u00f3w \u201e<em>KU\u0179NIA \u2013 GLINIK<\/em>\u201d<\/td><\/tr><tr><td class=\"has-text-align-center\" data-align=\"center\"><strong>poza<\/strong> <strong>parafi\u0105<\/strong><\/td><td class=\"has-text-align-center\" data-align=\"center\"><strong>&nbsp;<\/strong><\/td><td>od uczestnik\u00f3w pogrzebu<\/td><\/tr><tr><td class=\"has-text-align-center\" data-align=\"center\"><strong>poza<\/strong> <strong>parafi\u0105<\/strong><\/td><td class=\"has-text-align-center\" data-align=\"center\"><strong>&nbsp;<\/strong><\/td><td>od uczestnik\u00f3w pogrzebu<\/td><\/tr><tr><td class=\"has-text-align-center\" data-align=\"center\"><strong>poza<\/strong> <strong>parafi\u0105<\/strong><\/td><td class=\"has-text-align-center\" data-align=\"center\"><strong>&nbsp;<\/strong><\/td><td>od uczestnik\u00f3w pogrzebu<\/td><\/tr><\/tbody><\/table><\/figure>\n","protected":false},"excerpt":{"rendered":"<p>2023\/12 pogrzeb: 30.03.2023 data godz. ofiarodawcy\/intencja 03.04.2023 6.30 w 7 dzie\u0144 po \u015bmierci [od \u017cony Ewy i dzieci] 26.04.2023 18.00 w 30 dzie\u0144 po \u015bmierci [od \u017cony Ewy i dzieci] 10 XII 2024 18.00 od s\u0105siad\u00f3w z bloku 13 XII 2024 6.30 od brata Paw\u0142a z \u017con\u0105 i dzie\u0107mi oraz Janusza JE\u017b 14 XII 2024&#8230;<\/p>\n","protected":false},"author":3,"featured_media":188,"comment_status":"closed","ping_status":"","sticky":false,"template":"","format":"standard","meta":{"footnotes":""},"categories":[6],"tags":[],"class_list":["post-3341","post","type-post","status-publish","format-standard","has-post-thumbnail","hentry","category-intencje_pogrzebowe"],"_links":{"self":[{"href":"https:\/\/bobolagorlice.pl\/index.php\/wp-json\/wp\/v2\/posts\/3341","targetHints":{"allow":["GET"]}}],"collection":[{"href":"https:\/\/bobolagorlice.pl\/index.php\/wp-json\/wp\/v2\/posts"}],"about":[{"href":"https:\/\/bobolagorlice.pl\/index.php\/wp-json\/wp\/v2\/types\/post"}],"author":[{"embeddable":true,"href":"https:\/\/bobolagorlice.pl\/index.php\/wp-json\/wp\/v2\/users\/3"}],"replies":[{"embeddable":true,"href":"https:\/\/bobolagorlice.pl\/index.php\/wp-json\/wp\/v2\/comments?post=3341"}],"version-history":[{"count":4,"href":"https:\/\/bobolagorlice.pl\/index.php\/wp-json\/wp\/v2\/posts\/3341\/revisions"}],"predecessor-version":[{"id":5410,"href":"https:\/\/bobolagorlice.pl\/index.php\/wp-json\/wp\/v2\/posts\/3341\/revisions\/5410"}],"wp:featuredmedia":[{"embeddable":true,"href":"https:\/\/bobolagorlice.pl\/index.php\/wp-json\/wp\/v2\/media\/188"}],"wp:attachment":[{"href":"https:\/\/bobolagorlice.pl\/index.php\/wp-json\/wp\/v2\/media?parent=3341"}],"wp:term":[{"taxonomy":"category","embeddable":true,"href":"https:\/\/bobolagorlice.pl\/index.php\/wp-json\/wp\/v2\/categories?post=3341"},{"taxonomy":"post_tag","embeddable":true,"href":"https:\/\/bobolagorlice.pl\/index.php\/wp-json\/wp\/v2\/tags?post=3341"}],"curies":[{"name":"wp","href":"https:\/\/api.w.org\/{rel}","templated":true}]}}