{"id":3578,"date":"2023-06-01T23:00:20","date_gmt":"2023-06-01T21:00:20","guid":{"rendered":"https:\/\/bobolagorlice.pl\/?p=3578"},"modified":"2025-02-15T17:20:14","modified_gmt":"2025-02-15T16:20:14","slug":"jan-masztafiak","status":"publish","type":"post","link":"https:\/\/bobolagorlice.pl\/index.php\/2023\/06\/01\/jan-masztafiak\/","title":{"rendered":"\u2020Jan MASZTAFIAK"},"content":{"rendered":"\n<p><strong>2023\/19 <\/strong>pogrzeb: 01.06.2023<\/p>\n\n\n\n<figure class=\"wp-block-table\"><table><tbody><tr><td class=\"has-text-align-center\" data-align=\"center\"><strong><em>data<\/em><\/strong><\/td><td class=\"has-text-align-center\" data-align=\"center\"><strong><em>godz.<\/em><\/strong><\/td><td><strong><em>ofiarodawcy\/intencja<\/em><\/strong><\/td><\/tr><tr><td class=\"has-text-align-center\" data-align=\"center\"><strong>05.06.2023<\/strong><\/td><td class=\"has-text-align-center\" data-align=\"center\"><strong>18.00<\/strong><\/td><td>w <strong>7 dzie\u0144<\/strong> po \u015bmierci [z intencji \u017cony]<\/td><\/tr><tr><td class=\"has-text-align-center\" data-align=\"center\"><strong>28.06.2023<\/strong><\/td><td class=\"has-text-align-center\" data-align=\"center\"><strong>6.30<\/strong><\/td><td>w <strong>30 dzie\u0144<\/strong> po \u015bmierci [z intencji \u017cony]<\/td><\/tr><tr><td class=\"has-text-align-center\" data-align=\"center\"><strong>12.07.2023<\/strong><\/td><td class=\"has-text-align-center\" data-align=\"center\"><strong>19.00<\/strong><\/td><td>od siostrzenic Lidii i Renaty oraz siostrze\u0144ca Karola z rodzinami<\/td><\/tr><tr><td class=\"has-text-align-center\" data-align=\"center\">09.01.2025<\/td><td class=\"has-text-align-center\" data-align=\"center\">6.30<\/td><td>od rodziny KARP\u00d3W<\/td><\/tr><tr><td class=\"has-text-align-center\" data-align=\"center\">10.01.2025<\/td><td class=\"has-text-align-center\" data-align=\"center\">6.30<\/td><td>od syn\u00f3w z rodzinami<\/td><\/tr><tr><td class=\"has-text-align-center\" data-align=\"center\">22.01.2025<\/td><td class=\"has-text-align-center\" data-align=\"center\">6.30<\/td><td>od Zofii MASZTAFIAK z synem i c\u00f3rk\u0105 z rodzinami<\/td><\/tr><tr><td class=\"has-text-align-center\" data-align=\"center\">23.01.2025<\/td><td class=\"has-text-align-center\" data-align=\"center\">6.30<\/td><td>od s\u0105siad\u00f3w z klatki<\/td><\/tr><tr><td class=\"has-text-align-center\" data-align=\"center\">24.01.2025<\/td><td class=\"has-text-align-center\" data-align=\"center\">6.30<\/td><td>od szwagierki Krystyny i J\u00f3zefa \u015aWI\u0118S<\/td><\/tr><tr><td class=\"has-text-align-center\" data-align=\"center\">25.01.2025<\/td><td class=\"has-text-align-center\" data-align=\"center\">6.30<\/td><td>od rodziny STEC\u00d3W<\/td><\/tr><tr><td class=\"has-text-align-center\" data-align=\"center\">27.01.2025<\/td><td class=\"has-text-align-center\" data-align=\"center\">6.30<\/td><td>od Moniki \u015aWI\u0118S z rodzin\u0105 z Gorlic<\/td><\/tr><tr><td class=\"has-text-align-center\" data-align=\"center\"><strong>poza<\/strong> <strong>parafi\u0105<\/strong><\/td><td class=\"has-text-align-center\" data-align=\"center\">ks. Kapelan <br>Andrzej Kluz<strong>\u00a0<\/strong><\/td><td>od s\u0105siad\u00f3w z klatki<\/td><\/tr><tr><td class=\"has-text-align-center\" data-align=\"center\"><strong>poza<\/strong> <strong>parafi\u0105<\/strong><\/td><td class=\"has-text-align-center\" data-align=\"center\">ks. Kapelan <br>Andrzej Kluz<strong>\u00a0<\/strong><\/td><td>od Zofii i Jana SIUT\u00d3W z Ropy<\/td><\/tr><tr><td class=\"has-text-align-center\" data-align=\"center\"><strong>poza<\/strong> <strong>parafi\u0105<\/strong><\/td><td class=\"has-text-align-center\" data-align=\"center\"><strong>\u00a0<\/strong>ks. Kapelan <br>Andrzej Kluz<\/td><td>od szwagra Staszka z rodzin\u0105<\/td><\/tr><tr><td class=\"has-text-align-center\" data-align=\"center\"><strong>poza<\/strong> <strong>parafi\u0105<\/strong><\/td><td class=\"has-text-align-center\" data-align=\"center\">ks. Kapelan <br>Andrzej Kluz<strong>\u00a0<\/strong><\/td><td>od Heleny i Stanis\u0142awa SITAR<\/td><\/tr><tr><td class=\"has-text-align-center\" data-align=\"center\"><strong>poza<\/strong> <strong>parafi\u0105<\/strong><\/td><td class=\"has-text-align-center\" data-align=\"center\"><strong>\u00a0<\/strong>ks. Kapelan <br>Andrzej Kluz<\/td><td>od Janka i Eli PIECHOWICZ<\/td><\/tr><tr><td class=\"has-text-align-center\" data-align=\"center\"><strong>poza<\/strong> <strong>parafi\u0105<\/strong><\/td><td class=\"has-text-align-center\" data-align=\"center\"><strong>\u00a0<\/strong>ks. Kapelan <br>Andrzej Kluz<\/td><td>od J\u00f3zefa i Cecylii PIECHOWICZ z Ropy<\/td><\/tr><tr><td class=\"has-text-align-center\" data-align=\"center\"><strong>poza<\/strong> <strong>parafi\u0105<\/strong><\/td><td class=\"has-text-align-center\" data-align=\"center\"><strong>\u00a0<\/strong>ks. Kapelan <br>Andrzej Kluz<\/td><td>od uczestnik\u00f3w pogrzebu<\/td><\/tr><tr><td class=\"has-text-align-center\" data-align=\"center\"><strong>poza<\/strong> <strong>parafi\u0105<\/strong><\/td><td class=\"has-text-align-center\" data-align=\"center\"><strong>\u00a0<\/strong>ks. Kapelan <br>Andrzej Kluz<\/td><td>od uczestnik\u00f3w pogrzebu<\/td><\/tr><tr><td class=\"has-text-align-center\" data-align=\"center\"><strong>poza<\/strong> <strong>parafi\u0105<\/strong><\/td><td class=\"has-text-align-center\" data-align=\"center\"><strong>\u00a0<\/strong>ks. Kapelan <br>Andrzej Kluz<\/td><td>od uczestnik\u00f3w pogrzebu<\/td><\/tr><\/tbody><\/table><\/figure>\n","protected":false},"excerpt":{"rendered":"<p>2023\/19 pogrzeb: 01.06.2023 data godz. ofiarodawcy\/intencja 05.06.2023 18.00 w 7 dzie\u0144 po \u015bmierci [z intencji \u017cony] 28.06.2023 6.30 w 30 dzie\u0144 po \u015bmierci [z intencji \u017cony] 12.07.2023 19.00 od siostrzenic Lidii i Renaty oraz siostrze\u0144ca Karola z rodzinami 09.01.2025 6.30 od rodziny KARP\u00d3W 10.01.2025 6.30 od syn\u00f3w z rodzinami 22.01.2025 6.30 od Zofii MASZTAFIAK z&#8230;<\/p>\n","protected":false},"author":3,"featured_media":188,"comment_status":"closed","ping_status":"","sticky":false,"template":"","format":"standard","meta":{"footnotes":""},"categories":[6],"tags":[],"class_list":["post-3578","post","type-post","status-publish","format-standard","has-post-thumbnail","hentry","category-intencje_pogrzebowe"],"_links":{"self":[{"href":"https:\/\/bobolagorlice.pl\/index.php\/wp-json\/wp\/v2\/posts\/3578","targetHints":{"allow":["GET"]}}],"collection":[{"href":"https:\/\/bobolagorlice.pl\/index.php\/wp-json\/wp\/v2\/posts"}],"about":[{"href":"https:\/\/bobolagorlice.pl\/index.php\/wp-json\/wp\/v2\/types\/post"}],"author":[{"embeddable":true,"href":"https:\/\/bobolagorlice.pl\/index.php\/wp-json\/wp\/v2\/users\/3"}],"replies":[{"embeddable":true,"href":"https:\/\/bobolagorlice.pl\/index.php\/wp-json\/wp\/v2\/comments?post=3578"}],"version-history":[{"count":3,"href":"https:\/\/bobolagorlice.pl\/index.php\/wp-json\/wp\/v2\/posts\/3578\/revisions"}],"predecessor-version":[{"id":5569,"href":"https:\/\/bobolagorlice.pl\/index.php\/wp-json\/wp\/v2\/posts\/3578\/revisions\/5569"}],"wp:featuredmedia":[{"embeddable":true,"href":"https:\/\/bobolagorlice.pl\/index.php\/wp-json\/wp\/v2\/media\/188"}],"wp:attachment":[{"href":"https:\/\/bobolagorlice.pl\/index.php\/wp-json\/wp\/v2\/media?parent=3578"}],"wp:term":[{"taxonomy":"category","embeddable":true,"href":"https:\/\/bobolagorlice.pl\/index.php\/wp-json\/wp\/v2\/categories?post=3578"},{"taxonomy":"post_tag","embeddable":true,"href":"https:\/\/bobolagorlice.pl\/index.php\/wp-json\/wp\/v2\/tags?post=3578"}],"curies":[{"name":"wp","href":"https:\/\/api.w.org\/{rel}","templated":true}]}}