{"id":3592,"date":"2023-06-06T13:04:47","date_gmt":"2023-06-06T11:04:47","guid":{"rendered":"https:\/\/bobolagorlice.pl\/?p=3592"},"modified":"2025-02-15T13:53:49","modified_gmt":"2025-02-15T12:53:49","slug":"andrzej-przybycien","status":"publish","type":"post","link":"https:\/\/bobolagorlice.pl\/index.php\/2023\/06\/06\/andrzej-przybycien\/","title":{"rendered":"\u2020Andrzej PRZYBYCIE\u0143"},"content":{"rendered":"\n<p><strong>2023\/20 <\/strong>pogrzeb: 05.06.2023<\/p>\n\n\n\n<figure class=\"wp-block-table\"><table><tbody><tr><td class=\"has-text-align-center\" data-align=\"center\"><strong><em>data<\/em><\/strong><\/td><td class=\"has-text-align-center\" data-align=\"center\"><strong><em>godz.<\/em><\/strong><\/td><td><strong><em>ofiarodawcy\/intencja<\/em><\/strong><\/td><\/tr><tr><td class=\"has-text-align-center\" data-align=\"center\"><strong>09.06.2023<\/strong><\/td><td class=\"has-text-align-center\" data-align=\"center\"><strong>6.30<\/strong><\/td><td>w <strong>7 dzie\u0144<\/strong> po \u015bmierci od c\u00f3rki Marioli<\/td><\/tr><tr><td class=\"has-text-align-center\" data-align=\"center\"><strong>02.07.2023<\/strong><\/td><td class=\"has-text-align-center\" data-align=\"center\"><strong>6.30<\/strong><\/td><td>w <strong>30 dzie\u0144<\/strong> po \u015bmierci od wnuka Damiana<\/td><\/tr><tr><td class=\"has-text-align-center\" data-align=\"center\">30.01.2025<\/td><td class=\"has-text-align-center\" data-align=\"center\">6.30<\/td><td>od wnuka Karola z \u017con\u0105 Mart\u0105 i prawnukiem Alanem<\/td><\/tr><tr><td class=\"has-text-align-center\" data-align=\"center\">31.01.2025<\/td><td class=\"has-text-align-center\" data-align=\"center\">6.30<\/td><td>od Heleny i Kazimierza JANIK\u00d3W<\/td><\/tr><tr><td class=\"has-text-align-center\" data-align=\"center\">04.02.2025<\/td><td class=\"has-text-align-center\" data-align=\"center\">6.30<\/td><td>od chrze\u015bniaka Janusza PRZYBYTNIA<\/td><\/tr><tr><td class=\"has-text-align-center\" data-align=\"center\">05.02.2025<\/td><td class=\"has-text-align-center\" data-align=\"center\">6.30<\/td><td>od chrze\u015bnicy Marii z rodzin\u0105<\/td><\/tr><tr><td class=\"has-text-align-center\" data-align=\"center\">06.02.2025<\/td><td class=\"has-text-align-center\" data-align=\"center\">6.30<\/td><td>od wnuczki Ewy z rodzin\u0105<\/td><\/tr><tr><td class=\"has-text-align-center\" data-align=\"center\">07.02.2025<\/td><td class=\"has-text-align-center\" data-align=\"center\">16.00<\/td><td>od rodziny SADY<\/td><\/tr><tr><td class=\"has-text-align-center\" data-align=\"center\">08.02.2025<\/td><td class=\"has-text-align-center\" data-align=\"center\">6.30<\/td><td>od rodziny KORDZIKOWSKICH<\/td><\/tr><tr><td class=\"has-text-align-center\" data-align=\"center\">10.02.2025<\/td><td class=\"has-text-align-center\" data-align=\"center\">6.30<\/td><td>od Zofii BULSIEWICZ<\/td><\/tr><tr><td class=\"has-text-align-center\" data-align=\"center\"><strong>poza<\/strong> <strong>parafi\u0105<\/strong><\/td><td class=\"has-text-align-center\" data-align=\"center\"><strong>\u00a0<\/strong>ks. Kapelan Andrzej Kluz<\/td><td>od s\u0105siad\u00f3w z Kopernika 5<\/td><\/tr><tr><td class=\"has-text-align-center\" data-align=\"center\"><strong>poza<\/strong> <strong>parafi\u0105<\/strong><\/td><td class=\"has-text-align-center\" data-align=\"center\"><strong>\u00a0<\/strong>ks. Kapelan Andrzej Kluz<\/td><td>od s\u0105siad\u00f3w z Kopernika 5<\/td><\/tr><tr><td class=\"has-text-align-center\" data-align=\"center\"><strong>poza<\/strong> <strong>parafi\u0105<\/strong><\/td><td class=\"has-text-align-center\" data-align=\"center\"><strong>\u00a0<\/strong>ks. Kapelan Andrzej Kluz<\/td><td>od Barbary i Ryszarda MORAWSKICH<\/td><\/tr><tr><td class=\"has-text-align-center\" data-align=\"center\"><strong>poza<\/strong> <strong>parafi\u0105<\/strong><\/td><td class=\"has-text-align-center\" data-align=\"center\"><strong>\u00a0<\/strong>ks. Kapelan Andrzej Kluz<\/td><td>od dzia\u0142kowicz\u00f3w z Rodzinnych Ogr\u00f3dk\u00f3w Dzia\u0142kowych im. T. Ko\u015bciuszki w Gorlicach<\/td><\/tr><tr><td class=\"has-text-align-center\" data-align=\"center\"><strong>poza<\/strong> <strong>parafi\u0105<\/strong><\/td><td class=\"has-text-align-center\" data-align=\"center\"><strong>\u00a0<\/strong>ks. Kapelan Andrzej Kluz<\/td><td>od dzia\u0142kowicz\u00f3w z Rodzinnych Ogr\u00f3dk\u00f3w Dzia\u0142kowych im. T. Ko\u015bciuszki w Gorlicach<\/td><\/tr><tr><td class=\"has-text-align-center\" data-align=\"center\"><strong>poza<\/strong> <strong>parafi\u0105<\/strong><\/td><td class=\"has-text-align-center\" data-align=\"center\">ks. Kapelan Andrzej Kluz<strong>\u00a0<\/strong><\/td><td>od dzia\u0142kowicz\u00f3w z Rodzinnych Ogr\u00f3dk\u00f3w Dzia\u0142kowych im. T. Ko\u015bciuszki w Gorlicach<\/td><\/tr><tr><td class=\"has-text-align-center\" data-align=\"center\"><strong>poza<\/strong> <strong>parafi\u0105<\/strong><\/td><td class=\"has-text-align-center\" data-align=\"center\"><strong>\u00a0<\/strong>ks. Kapelan Andrzej Kluz<\/td><td>od dzia\u0142kowicz\u00f3w z Rodzinnych Ogr\u00f3dk\u00f3w Dzia\u0142kowych im. T. Ko\u015bciuszki w Gorlicach<\/td><\/tr><tr><td class=\"has-text-align-center\" data-align=\"center\"><strong>poza<\/strong> <strong>parafi\u0105<\/strong><\/td><td class=\"has-text-align-center\" data-align=\"center\"><strong>\u00a0<\/strong>ks. Kapelan Andrzej Kluz<\/td><td>od dzia\u0142kowicz\u00f3w z Rodzinnych Ogr\u00f3dk\u00f3w Dzia\u0142kowych im. T. Ko\u015bciuszki w Gorlicach<\/td><\/tr><tr><td class=\"has-text-align-center\" data-align=\"center\"><strong>poza<\/strong> <strong>parafi\u0105<\/strong><\/td><td class=\"has-text-align-center\" data-align=\"center\"><strong>\u00a0<\/strong>ks. Kapelan Andrzej Kluz<\/td><td>od dzia\u0142kowicz\u00f3w z Rodzinnych Ogr\u00f3dk\u00f3w Dzia\u0142kowych im. T. Ko\u015bciuszki w Gorlicach<\/td><\/tr><tr><td class=\"has-text-align-center\" data-align=\"center\"><strong>poza<\/strong> <strong>parafi\u0105<\/strong><\/td><td class=\"has-text-align-center\" data-align=\"center\"><strong>\u00a0<\/strong>ks. Kapelan Andrzej Kluz<\/td><td>od dzia\u0142kowicz\u00f3w z Rodzinnych Ogr\u00f3dk\u00f3w Dzia\u0142kowych im. T. Ko\u015bciuszki w Gorlicach<\/td><\/tr><tr><td class=\"has-text-align-center\" data-align=\"center\"><strong>poza<\/strong> <strong>parafi\u0105<\/strong><\/td><td class=\"has-text-align-center\" data-align=\"center\"><strong>\u00a0<\/strong>ks. Kapelan Andrzej Kluz<\/td><td>od dzia\u0142kowicz\u00f3w z Rodzinnych Ogr\u00f3dk\u00f3w Dzia\u0142kowych im. T. Ko\u015bciuszki w Gorlicach<\/td><\/tr><tr><td class=\"has-text-align-center\" data-align=\"center\"><strong>poza<\/strong> <strong>parafi\u0105<\/strong><\/td><td class=\"has-text-align-center\" data-align=\"center\"><strong>\u00a0<\/strong>ks. Kapelan Andrzej Kluz<\/td><td>+Andrzej i jego +\u017cona El\u017cbieta PRZYBYCIE\u0143 od Janiny TOKARZ z rodzin\u0105<\/td><\/tr><tr><td class=\"has-text-align-center\" data-align=\"center\"><strong>poza<\/strong> <strong>parafi\u0105<\/strong><\/td><td class=\"has-text-align-center\" data-align=\"center\"><strong>\u00a0<\/strong>ks. Kapelan Andrzej Kluz<\/td><td>od uczestnik\u00f3w pogrzebu<\/td><\/tr><tr><td class=\"has-text-align-center\" data-align=\"center\"><strong>poza<\/strong> <strong>parafi\u0105<\/strong><\/td><td class=\"has-text-align-center\" data-align=\"center\"><strong>\u00a0<\/strong>ks. Kapelan Andrzej Kluz<\/td><td>od uczestnik\u00f3w pogrzebu<\/td><\/tr><tr><td class=\"has-text-align-center\" data-align=\"center\"><strong>poza<\/strong> <strong>parafi\u0105<\/strong><\/td><td class=\"has-text-align-center\" data-align=\"center\"><strong>\u00a0<\/strong>ks. Kapelan Andrzej Kluz<\/td><td>od uczestnik\u00f3w pogrzebu<\/td><\/tr><\/tbody><\/table><\/figure>\n","protected":false},"excerpt":{"rendered":"<p>2023\/20 pogrzeb: 05.06.2023 data godz. ofiarodawcy\/intencja 09.06.2023 6.30 w 7 dzie\u0144 po \u015bmierci od c\u00f3rki Marioli 02.07.2023 6.30 w 30 dzie\u0144 po \u015bmierci od wnuka Damiana 30.01.2025 6.30 od wnuka Karola z \u017con\u0105 Mart\u0105 i prawnukiem Alanem 31.01.2025 6.30 od Heleny i Kazimierza JANIK\u00d3W 04.02.2025 6.30 od chrze\u015bniaka Janusza PRZYBYTNIA 05.02.2025 6.30 od chrze\u015bnicy Marii&#8230;<\/p>\n","protected":false},"author":3,"featured_media":188,"comment_status":"closed","ping_status":"","sticky":false,"template":"","format":"standard","meta":{"footnotes":""},"categories":[6],"tags":[],"class_list":["post-3592","post","type-post","status-publish","format-standard","has-post-thumbnail","hentry","category-intencje_pogrzebowe"],"_links":{"self":[{"href":"https:\/\/bobolagorlice.pl\/index.php\/wp-json\/wp\/v2\/posts\/3592","targetHints":{"allow":["GET"]}}],"collection":[{"href":"https:\/\/bobolagorlice.pl\/index.php\/wp-json\/wp\/v2\/posts"}],"about":[{"href":"https:\/\/bobolagorlice.pl\/index.php\/wp-json\/wp\/v2\/types\/post"}],"author":[{"embeddable":true,"href":"https:\/\/bobolagorlice.pl\/index.php\/wp-json\/wp\/v2\/users\/3"}],"replies":[{"embeddable":true,"href":"https:\/\/bobolagorlice.pl\/index.php\/wp-json\/wp\/v2\/comments?post=3592"}],"version-history":[{"count":3,"href":"https:\/\/bobolagorlice.pl\/index.php\/wp-json\/wp\/v2\/posts\/3592\/revisions"}],"predecessor-version":[{"id":5565,"href":"https:\/\/bobolagorlice.pl\/index.php\/wp-json\/wp\/v2\/posts\/3592\/revisions\/5565"}],"wp:featuredmedia":[{"embeddable":true,"href":"https:\/\/bobolagorlice.pl\/index.php\/wp-json\/wp\/v2\/media\/188"}],"wp:attachment":[{"href":"https:\/\/bobolagorlice.pl\/index.php\/wp-json\/wp\/v2\/media?parent=3592"}],"wp:term":[{"taxonomy":"category","embeddable":true,"href":"https:\/\/bobolagorlice.pl\/index.php\/wp-json\/wp\/v2\/categories?post=3592"},{"taxonomy":"post_tag","embeddable":true,"href":"https:\/\/bobolagorlice.pl\/index.php\/wp-json\/wp\/v2\/tags?post=3592"}],"curies":[{"name":"wp","href":"https:\/\/api.w.org\/{rel}","templated":true}]}}